{"id":128904,"date":"2026-04-20T11:56:27","date_gmt":"2026-04-20T11:56:27","guid":{"rendered":"https:\/\/pressactu.com\/?p=128904"},"modified":"2026-04-20T11:56:27","modified_gmt":"2026-04-20T11:56:27","slug":"video-filme-en-train-de-se-battre-dans-la-rue-lancienne-pepite-de-lolympique-lyonnais-gift-orban-craque-face-a-un-supporter","status":"publish","type":"post","link":"https:\/\/pressactu.com\/?p=128904","title":{"rendered":"VID\u00c9O. Film\u00e9 en train de se battre dans la rue, l\u2019ancienne p\u00e9pite de l\u2019Olympique lyonnais Gift Orban craque face \u00e0 un supporter"},"content":{"rendered":"<p>\n                                                                    <span class=\"article-full__chapo-label hide-on-small-only\">l&#8217;essentiel<\/span><br \/>\n                                                                Peu apr\u00e8s le revers \u00e0 domicile de son \u00e9quipe de l\u2019Hellas V\u00e9rone\u00a0face \u00e0 l\u2019AC Milan (1-0), Gift Orban craque compl\u00e8tement. L\u2019ancien joueur de l\u2019Olympique lyonnais est film\u00e9 alors qu\u2019il essaie de se battre avec un supporter qui a tap\u00e9 sur son capot.\n                            <\/p>\n<div rel=\"js-article-content\">\n                                                                                                                            <!-- Pub DFP Position [outstream] --><\/p>\n<p>Le passage en Italie pour Gift Orban est loin d\u2019\u00eatre marqu\u00e9 par les succ\u00e8s. Alors que le joueur de l\u2019Hellas V\u00e9rone sortait d\u2019une d\u00e9faite \u00e0 domicile face au Milan AC (1-0) et que son club est actuellement avant-dernier de Serie A, le Nig\u00e9rian plonge dans une altercation avec un supporter \u00e0 la sortie du stade Bentegodi.<\/p>\n<p><!-- Pub DFP Position [article] --><\/p>\n<p>Refusant de s\u2019arr\u00eater pour signer des autographes et prendre des\u00a0photos avec eux, le jeune joueur de 23 ans pr\u00eat\u00e9 par Hoffenheim\u00a0re\u00e7oit un violent coup de poing sur le capot de sa voiture. Furieux, Orban d\u00e9cide de sortir du v\u00e9hicule pour s\u2019en prendre \u00e0 l\u2019auteur des faits. Pas de chance pour lui, la sc\u00e8ne est film\u00e9e par des personnes pr\u00e9sentes autour.<\/p>\n<div class=\"extemb-container\">\n<blockquote data-class=\"twitter-tweet\">\n<p lang=\"ar\" dir=\"rtl\">ud83dudea8ud83dudea8 \u0645\u0647\u0627\u062c\u0645 \u0647\u064a\u0644\u0627\u0633 \u0641\u064a\u0631\u0648\u0646\u0627 \u063a\u064a\u0641\u062a \u0623\u0648\u0631\u0628\u0627\u0646\u060c \u0628\u0639\u062f \u0627\u0644\u0647\u0632\u064a\u0645\u0629 \u0623\u0645\u0627\u0645 \u0645\u064a\u0644\u0627\u0646\u060c \u0643\u0627\u0646 \u0645\u062a\u0648\u062a\u0631\u064b\u0627 \u062c\u062f\u064b\u0627 \u0648\u0631\u0641\u0636 \u0627\u0644\u062a\u0648\u0642\u0641 \u0645\u0639 \u0627\u0644\u062c\u0645\u0627\u0647\u064a\u0631 \u0644\u0627\u0644\u062a\u0642\u0627\u0637 \u0627\u0644\u0635\u0648\u0631\u060c \u0644\u0643\u0646 \u0623\u062d\u062f \u0627\u0644\u0645\u0634\u062c\u0639\u064a\u0646 \u0642\u0627\u0645 \u0628\u0636\u0631\u0628 \u0633\u064a\u0627\u0631\u062a\u0647\u060c \u0645\u0645\u0627 \u062f\u0641\u0639 \u0627\u0644\u0645\u0647\u0627\u062c\u0645 \u0627\u0644\u0646\u064a\u062c\u064a\u0631\u064a \u0625\u0644\u0649 \u0627\u0644\u0646\u0632\u0648\u0644 \u0645\u0646 \u0627\u0644\u0633\u064a\u0627\u0631\u0629 \u0648\u0627\u0644\u062f\u062e\u0648\u0644 \u0641\u064a \u0634\u062c\u0627\u0631 \u0645\u0639\u0647 \u0648\u0627\u0644\u0627\u0639\u062a\u062f\u0627\u0621 \u0639\u0644\u064a\u0647 ?ud83dudd25ud83dudfe8ud83dudfe6ud83cuddeeud83cuddf9ud83cuddf3ud83cuddec<a href=\"https:\/\/twitter.com\/hashtag\/SerieA?src=hash&amp;ref_src=twsrc%5Etfw\">#SerieA<\/a> ud83cuddeeud83cuddf9 <a href=\"https:\/\/twitter.com\/hashtag\/SerieAEnilive?src=hash&amp;ref_src=twsrc%5Etfw\">#SerieAEnilive<\/a> ud83cuddeeud83cuddf9\u2026 <a href=\"https:\/\/t.co\/Zasc6oakjb\">pic.twitter.com\/Zasc6oakjb<\/a><\/p>\n<p>\u2014 Arte Del Calcio (@ArteDelCalcio) <a href=\"https:\/\/twitter.com\/ArteDelCalcio\/status\/2045933815407743221?ref_src=twsrc%5Etfw\">April 19, 2026<\/a><\/p><\/blockquote><\/div>\n<p>Symbole de l\u2019agacement du joueur, on voit sur la vid\u00e9o que d\u2019autres supporters peinent \u00e0 retenir le Nig\u00e9rian pour \u00e9viter que la bagarre aille plus loin.\u00a0Selon les informations du <a href=\"https:\/\/www.corrieredellosport.it\/news\/calcio\/serie-a\/verona\/2026\/04\/19-148084973\/follia_orban_scende_dall_auto_rabbioso_e_scatena_la_rissa_con_un_tifoso_video\" target=\"_blank\">Corriere dello Sport<\/a>, les services de s\u00e9curit\u00e9 pr\u00e9sents sur place ont d\u00fb intervenir. Le club a publi\u00e9 un communiqu\u00e9 dans la soir\u00e9e pour condamner les \u00e9v\u00e9nements et &#8220;se d\u00e9solidariser cat\u00e9goriquement de tout acte de violence&#8221;. Pas s\u00fbr que cela aide \u00e0 apaiser les tensions autour du club.<\/p>\n<\/p><\/div>\n<p><script async src=\"\/\/platform.twitter.com\/widgets.js\" charset=\"utf-8\"><\/script><br \/><a href=\"https:\/\/www.ladepeche.fr\/2026\/04\/20\/video-filme-en-train-de-se-battre-dans-la-rue-lancienne-pepite-de-lolympique-lyonnais-gift-orban-craque-face-a-un-supporter-13334894.php\">source<\/a><\/p>\n","protected":false},"excerpt":{"rendered":"<p>l&#8217;essentiel Peu apr\u00e8s le revers \u00e0 domicile de son \u00e9quipe de l\u2019Hellas V\u00e9rone\u00a0face \u00e0 l\u2019AC Milan (1-0), Gift Orban craque compl\u00e8tement. L\u2019ancien joueur de l\u2019Olympique lyonnais est film\u00e9 alors qu\u2019il essaie de se battre avec un supporter qui a tap\u00e9 sur son capot. Le passage en Italie pour Gift Orban est loin d\u2019\u00eatre marqu\u00e9 par [&hellip;]<\/p>\n","protected":false},"author":1,"featured_media":128905,"comment_status":"open","ping_status":"open","sticky":false,"template":"","format":"standard","meta":{"_monsterinsights_skip_tracking":false,"_monsterinsights_sitenote_active":false,"_monsterinsights_sitenote_note":"","_monsterinsights_sitenote_category":0,"footnotes":""},"categories":[71],"tags":[],"coauthors":[77],"class_list":["post-128904","post","type-post","status-publish","format-standard","has-post-thumbnail","hentry","category-sport"],"aioseo_notices":[],"_links":{"self":[{"href":"https:\/\/pressactu.com\/index.php?rest_route=\/wp\/v2\/posts\/128904","targetHints":{"allow":["GET"]}}],"collection":[{"href":"https:\/\/pressactu.com\/index.php?rest_route=\/wp\/v2\/posts"}],"about":[{"href":"https:\/\/pressactu.com\/index.php?rest_route=\/wp\/v2\/types\/post"}],"author":[{"embeddable":true,"href":"https:\/\/pressactu.com\/index.php?rest_route=\/wp\/v2\/users\/1"}],"replies":[{"embeddable":true,"href":"https:\/\/pressactu.com\/index.php?rest_route=%2Fwp%2Fv2%2Fcomments&post=128904"}],"version-history":[{"count":0,"href":"https:\/\/pressactu.com\/index.php?rest_route=\/wp\/v2\/posts\/128904\/revisions"}],"wp:featuredmedia":[{"embeddable":true,"href":"https:\/\/pressactu.com\/index.php?rest_route=\/wp\/v2\/media\/128905"}],"wp:attachment":[{"href":"https:\/\/pressactu.com\/index.php?rest_route=%2Fwp%2Fv2%2Fmedia&parent=128904"}],"wp:term":[{"taxonomy":"category","embeddable":true,"href":"https:\/\/pressactu.com\/index.php?rest_route=%2Fwp%2Fv2%2Fcategories&post=128904"},{"taxonomy":"post_tag","embeddable":true,"href":"https:\/\/pressactu.com\/index.php?rest_route=%2Fwp%2Fv2%2Ftags&post=128904"},{"taxonomy":"author","embeddable":true,"href":"https:\/\/pressactu.com\/index.php?rest_route=%2Fwp%2Fv2%2Fcoauthors&post=128904"}],"curies":[{"name":"wp","href":"https:\/\/api.w.org\/{rel}","templated":true}]}}