{"id":128898,"date":"2026-04-20T10:15:46","date_gmt":"2026-04-20T10:15:46","guid":{"rendered":"https:\/\/pressactu.com\/?p=128898"},"modified":"2026-04-20T10:15:46","modified_gmt":"2026-04-20T10:15:46","slug":"il-avait-falsifie-un-certificat-de-covid-19-pour-pouvoir-se-rendre-aux-jeux-olympiques-lentraineur-de-lequipe-suisse-de-hockey-sur-glace-licencie-apres-une-rupture-de-co","status":"publish","type":"post","link":"https:\/\/pressactu.com\/?p=128898","title":{"rendered":"Il avait falsifi\u00e9 un certificat de Covid-19 pour pouvoir se rendre aux Jeux olympiques\u00a0: l\u2019entra\u00eeneur de l\u2019\u00e9quipe suisse de hockey sur glace licenci\u00e9 apr\u00e8s une &quot;rupture de confiance&quot;"},"content":{"rendered":"<p>\n                                                                    <span class=\"article-full__chapo-label hide-on-small-only\">l&#8217;essentiel<\/span><br \/>\n                                                                L\u2019entra\u00eeneur de l\u2019\u00e9quipe suisse de hockey sur glace, Patrick Fischer, a \u00e9t\u00e9 d\u00e9mis de ses fonctions mercredi apr\u00e8s avoir reconnu avoir falsifi\u00e9 un certificat Covid\u00a0lors des Jeux olympiques d\u2019hiver de 2022. Une affaire qui \u00e9clate \u00e0 quelques semaines des Mondiaux (15-31 mai).\n                            <\/p>\n<div rel=\"js-article-content\">\n                                                                                                                            <!-- Pub DFP Position [outstream] --><\/p>\n<p>C\u2019est une affaire qui secoue le hockey sur glace suisse \u00e0 quelques semaines du championnat du Monde. Mercredi 15\u00a0avril, la Swiss Ice Hockey a annonc\u00e9 le d\u00e9part de l\u2019entra\u00eeneur principal de l\u2019\u00e9quipe nationale suisse de hockey, Patrick Fischer. Une d\u00e9cision stricte qui intervient apr\u00e8s que l\u2019homme a\u00a0reconnu avoir fraud\u00e9 lors des Jeux olympiques\u00a0de P\u00e9kin 2022 alors que la pand\u00e9mie de Covid-19 faisait rage.<\/p>\n<p><!-- Pub DFP Position [article] --><\/p>\n<p class=\"std-elt__inline\">\n        <strong>\u00c0 lire aussi :<\/strong><br \/>\n        <a href=\"\/2026\/04\/18\/jo-dhiver-2030-eric-ciotti-au-coeur-de-grosses-tensions-politiques-le-maire-de-nice-soppose-a-lorganisation-des-epreuves-de-hockey-sur-glace-dans-le-13332531.php\">JO d\u2019hiver 2030\u00a0: \u00c9ric Ciotti au c\u0153ur de grosses tensions politiques, le maire de Nice s\u2019oppose \u00e0 l\u2019organisation des \u00e9preuves de hockey sur glace dans le stade de l\u2019Allianz Riviera<\/a>\n    <\/p>\n<p>Un aveu r\u00e9v\u00e9l\u00e9 plusieurs ann\u00e9es apr\u00e8s les faits qui fragilise la s\u00e9lection helv\u00e9tique, laquelle s\u2019appr\u00eate \u00e0 disputer le championnat du monde \u00e0 domicile en mai prochain (du 15 au 31\u00a0mai). C\u2019est donc son assistant, Jan Cadieux, qui lui succ\u00e9dera. Selon les informations des m\u00e9dias suisses, le technicien suisse avait falsifi\u00e9 un certificat de d\u00e9pistage de la COVID-19&#8243; afin de pouvoir assister aux matchs des Jeux olympiques d\u2019hiver de 2022 \u00e0 P\u00e9kin.<\/p>\n<h2 class=\"txt-int\">&#8220;Une d\u00e9cision difficile mais raisonnable&#8221;<\/h2>\n<p>Dans un premier temps, la f\u00e9d\u00e9ration suisse avait envisag\u00e9 de maintenir son s\u00e9lectionneur en poste, estimant que &#8220;l\u2019affaire \u00e9tait ancienne&#8221;. Mais face \u00e0 &#8220;une vive controverse publique sur les valeurs et la confiance&#8221;, elle a finalement d\u00e9cid\u00e9 de se s\u00e9parer de lui.<\/p>\n<p class=\"std-elt__inline\">\n        <strong>\u00c0 lire aussi :<\/strong><br \/>\n        <a href=\"\/2026\/03\/08\/hockey-sur-glace-direction-les-quarts-de-finale-pour-le-tbhc-apres-son-show-dans-le-match-3-face-a-reims-13261572.php\">Hockey sur glace\u00a0: direction les quarts de finale pour le TBHC apr\u00e8s son show dans le match 3 face \u00e0 Reims<\/a>\n    <\/p>\n<p>Le pr\u00e9sident de la f\u00e9d\u00e9ration, Urs Kessler, a justifi\u00e9 cette d\u00e9cision\u00a0: &#8220;M\u00eame si, juridiquement, il n\u2019y a plus rien de litigieux, Fischer n\u2019a pas montr\u00e9 le respect et les valeurs du hockey suisse&#8221;. Il a \u00e9galement \u00e9voqu\u00e9 &#8220;une d\u00e9cision difficile mais raisonnable&#8221;, tout en saluant ses grandes r\u00e9ussites sportives.<\/p>\n<p class=\"std-elt__inline\">\n        <strong>\u00c0 lire aussi :<\/strong><br \/>\n        <a href=\"\/2026\/04\/12\/roller-hockey-lequipe-decazevilloise-des-gueules-noires-est-en-finale-regionale-ce-dimanche-12-avril-2026-a-decazeville-13319581.php\">Roller Hockey\u00a0: l\u2019\u00e9quipe decazevilloise des &#8220;Gueules noires&#8221; est en finale r\u00e9gionale ce dimanche 12\u00a0avril 2026 \u00e0 Decazeville<\/a>\n    <\/p>\n<p>&#8220;Il a beaucoup apport\u00e9 au hockey sur glace suisse. Cependant, force est de constater qu\u2019il a commis une erreur&#8221; a ajout\u00e9 le pr\u00e9sident, qui a \u00e9galement r\u00e9v\u00e9l\u00e9 qu\u2019il\u00a0s\u2019\u00e9tait vu proposer une d\u00e9mission\u00a0qu\u2019il a refus\u00e9e.<\/p>\n<p>Patrick\u00a0Fischer aurait utilis\u00e9 ce faux certificat pour pouvoir participer aux Jeux olympiques, dans un contexte sanitaire particuli\u00e8rement strict. De son c\u00f4t\u00e9, il a reconnu avoir fait une\u00a0&#8220;erreur sensible&#8221;, dans une p\u00e9riode o\u00f9 &#8220;le monde suivait de tr\u00e8s pr\u00e8s les questions d\u2019\u00e9quit\u00e9&#8221;.<\/p>\n<p class=\"std-elt__inline\">\n        <strong>\u00c0 lire aussi :<\/strong><br \/>\n        <a href=\"\/2026\/03\/11\/video-570-minutes-de-penalite-et-plusieurs-violentes-bagarres-un-match-de-hockey-sur-glace-vire-au-reglement-de-compte-au-canada-13266652.php\">VIDEO. 570 minutes de p\u00e9nalit\u00e9 et plusieurs violentes bagarres\u00a0: un match de hockey sur glace vire au r\u00e8glement de compte au Canada<\/a>\n    <\/p>\n<p>Cette absence\u00a0aux Mondiaux marquerait\u00a0la fin de son mandat. En poste depuis 2016, Patrick Fischer avait pourtant conduit la Suisse \u00e0 plusieurs succ\u00e8s, notamment trois m\u00e9dailles d\u2019argent aux championnats du monde (2018, 2024 et 2025). Son fils, Kimi Fischer, a r\u00e9agi hier sur Instagram pour lui apporter son soutien. Dans une story Instagram, le jeune homme de 25 ans s\u2019adresse \u00e0 son p\u00e8re\u00a0: &#8220;Je voulais \u00e9crire quelques mots, mais je suis sans voix et j\u2019ai la gorge nou\u00e9e. Mais il y a une chose dont je suis absolument certain\u00a0: ce que tu as fait, personne ne l\u2019avait jamais fait auparavant, et nous le savons tous&#8221;\u00a0confie-t-il. &#8220;Je t\u2019aime, papa&#8221;\u00a0ajoute-t-il avec\u00a0un c\u0153ur rouge.<\/p>\n<\/p><\/div>\n<p><a href=\"https:\/\/www.ladepeche.fr\/2026\/04\/19\/il-avait-falsifie-un-certificat-de-covid-19-pour-pouvoir-se-rendre-aux-jeux-olympiques-lentraineur-de-lequipe-suisse-de-hockey-sur-glace-licencie-13333780.php\">source<\/a><\/p>\n","protected":false},"excerpt":{"rendered":"<p>l&#8217;essentiel L\u2019entra\u00eeneur de l\u2019\u00e9quipe suisse de hockey sur glace, Patrick Fischer, a \u00e9t\u00e9 d\u00e9mis de ses fonctions mercredi apr\u00e8s avoir reconnu avoir falsifi\u00e9 un certificat Covid\u00a0lors des Jeux olympiques d\u2019hiver de 2022. Une affaire qui \u00e9clate \u00e0 quelques semaines des Mondiaux (15-31 mai). C\u2019est une affaire qui secoue le hockey sur glace suisse \u00e0 quelques [&hellip;]<\/p>\n","protected":false},"author":1,"featured_media":128899,"comment_status":"open","ping_status":"open","sticky":false,"template":"","format":"standard","meta":{"_monsterinsights_skip_tracking":false,"_monsterinsights_sitenote_active":false,"_monsterinsights_sitenote_note":"","_monsterinsights_sitenote_category":0,"footnotes":""},"categories":[71],"tags":[],"coauthors":[77],"class_list":["post-128898","post","type-post","status-publish","format-standard","has-post-thumbnail","hentry","category-sport"],"aioseo_notices":[],"_links":{"self":[{"href":"https:\/\/pressactu.com\/index.php?rest_route=\/wp\/v2\/posts\/128898","targetHints":{"allow":["GET"]}}],"collection":[{"href":"https:\/\/pressactu.com\/index.php?rest_route=\/wp\/v2\/posts"}],"about":[{"href":"https:\/\/pressactu.com\/index.php?rest_route=\/wp\/v2\/types\/post"}],"author":[{"embeddable":true,"href":"https:\/\/pressactu.com\/index.php?rest_route=\/wp\/v2\/users\/1"}],"replies":[{"embeddable":true,"href":"https:\/\/pressactu.com\/index.php?rest_route=%2Fwp%2Fv2%2Fcomments&post=128898"}],"version-history":[{"count":0,"href":"https:\/\/pressactu.com\/index.php?rest_route=\/wp\/v2\/posts\/128898\/revisions"}],"wp:featuredmedia":[{"embeddable":true,"href":"https:\/\/pressactu.com\/index.php?rest_route=\/wp\/v2\/media\/128899"}],"wp:attachment":[{"href":"https:\/\/pressactu.com\/index.php?rest_route=%2Fwp%2Fv2%2Fmedia&parent=128898"}],"wp:term":[{"taxonomy":"category","embeddable":true,"href":"https:\/\/pressactu.com\/index.php?rest_route=%2Fwp%2Fv2%2Fcategories&post=128898"},{"taxonomy":"post_tag","embeddable":true,"href":"https:\/\/pressactu.com\/index.php?rest_route=%2Fwp%2Fv2%2Ftags&post=128898"},{"taxonomy":"author","embeddable":true,"href":"https:\/\/pressactu.com\/index.php?rest_route=%2Fwp%2Fv2%2Fcoauthors&post=128898"}],"curies":[{"name":"wp","href":"https:\/\/api.w.org\/{rel}","templated":true}]}}