{"id":128891,"date":"2026-04-20T08:35:31","date_gmt":"2026-04-20T08:35:31","guid":{"rendered":"https:\/\/pressactu.com\/?p=128891"},"modified":"2026-04-20T08:35:31","modified_gmt":"2026-04-20T08:35:31","slug":"pour-que-la-memoire-reste-vivante-au-lendemain-de-lanniversaire-de-sa-soeur-decedee-dans-lincendie-de-crans-montana-elle-selance-sur-le-semi-marathon-de","status":"publish","type":"post","link":"https:\/\/pressactu.com\/?p=128891","title":{"rendered":"&quot;Pour que la m\u00e9moire reste vivante&quot;\u00a0: au lendemain de l\u2019anniversaire de sa s\u0153ur d\u00e9c\u00e9d\u00e9e dans l\u2019incendie de Crans-Montana, elle s\u2019\u00e9lance sur le semi-marathon de Montpellier en hommage aux victimes du drame"},"content":{"rendered":"<p>\n                                                                    <span class=\"article-full__chapo-label hide-on-small-only\">l&#8217;essentiel<\/span><br \/>\n                                                                Au lendemain de ce qui aurait d\u00fb \u00eatre le 25e anniversaire de Cyane Panine, plusieurs de ses proches ont pris le d\u00e9part du semi-marathon de Montpellier, ce dimanche 19 avril 2026, pour lui rendre hommage ainsi qu\u2019aux 41 victimes de l\u2019incendie de Crans-Montana.\n                            <\/p>\n<div rel=\"js-article-content\">\n                                                                                                                            <!-- Pub DFP Position [outstream] --><\/p>\n<p>Sur la ligne de d\u00e9part, l\u2019\u00e9motion est palpable. \u00c9oline Panine, la s\u0153ur de Cyane, victime de l\u2019incendie de Crans-Montana, s\u2019est \u00e9lanc\u00e9e sur les 21,1\u00a0km du\u00a0semi-marathon de Montpellier, v\u00eatue d\u2019un t-shirt comm\u00e9moratif. \u00c0 ses c\u00f4t\u00e9s, des proches et des amis, tous r\u00e9unis pour faire vivre la m\u00e9moire de la jeune S\u00e9toise d\u00e9c\u00e9d\u00e9e lors du drame survenu en Suisse au Nouvel An.<\/p>\n<p><!-- Pub DFP Position [article] --><\/p>\n<h2 class=\"txt-int\">Courir pour ne pas oublier<\/h2>\n<p>L\u2019initiative d\u00e9passe le simple geste sportif. Pour la famille, il s\u2019agit avant tout de faire vivre un souvenir collectif et d\u2019envoyer un message fort. &#8220;Dans ce drame, il y a eu un manque de respect de l\u2019int\u00e9grit\u00e9 des personnes et des consignes de s\u00e9curit\u00e9. On veut r\u00e9agir et \u00e9veiller les consciences&#8221;, explique Astrid Panine, m\u00e8re de Cyane et d\u2019\u00c9oline, pour <a href=\"https:\/\/france3-regions.franceinfo.fr\/occitanie\/herault\/montpellier\/on-veut-qu-on-ne-l-oublie-pas-ils-courent-un-semi-marathon-en-memoire-de-cyane-et-des-victimes-de-l-incendie-de-crans-montana-3337418.html\" target=\"_self\">France 3 Occitanie<\/a>.<\/p>\n<p><iframe width=\"500\" height=\"590\" style=\"border:none;overflow:hidden\" scrolling=\"no\" frameborder=\"0\" allowfullscreen=\"true\" allow=\"autoplay; clipboard-write; encrypted-media; picture-in-picture; web-share\" data-src=\"https:\/\/www.facebook.com\/plugins\/post.php?href=https%3A%2F%2Fwww.facebook.com%2Fastrid.panine%2Fposts%2Fpfbid02TMvsCge7TcLmfwXEcoDBqDDmfpXQejtfTBZQQHFN3VCqDFzzxz8itNbjtyjhmG5il&amp;show_text=true&amp;width=500\"><\/iframe><\/p>\n<p>Sur les r\u00e9seaux sociaux, elle a lanc\u00e9 une op\u00e9ration de m\u00e9moire baptis\u00e9e #Op\u00e9rationPapillonC, invitant chacun \u00e0 partager des t\u00e9moignages, des images ou des cr\u00e9ations en hommage aux victimes.<\/p>\n<h2 class=\"txt-int\">Un hommage dans la joie malgr\u00e9 tout<\/h2>\n<p>Au-del\u00e0 de la douleur, l\u2019objectif est aussi de transformer le souvenir en \u00e9lan collectif. &#8220;On s\u2019est dit qu\u2019il fallait faire quelque chose pour transcender tout \u00e7a, ces vies bris\u00e9es, ces 41 morts et ces bless\u00e9s qui souffrent. C\u2019est pour leur donner espoir et que la m\u00e9moire reste vivante&#8221;, poursuit Astrid Panine.<\/p>\n<p class=\"std-elt__inline\">\n        <strong>\u00c0 lire aussi :<\/strong><br \/>\n        <a href=\"\/2026\/04\/18\/passe-proche-de-la-mort-dans-lincendie-de-crans-montana-ce-jeune-francais-de-19-ans-brule-a-30-raconte-la-nuit-du-drame-dans-son-livre-une-seconde-13332595.php\">Pass\u00e9 proche de la mort dans l\u2019incendie de Crans-Montana, ce jeune fran\u00e7ais de 19 ans br\u00fbl\u00e9 \u00e0 30 % raconte la nuit du drame dans son livre &#8220;Une seconde pour rena\u00eetre&#8221;<\/a>\n    <\/p>\n<p>Tout au long du parcours du Montpellier Run Festival, d\u2019autres soutiens ont rejoint le mouvement, certains arborant des messages ou des tee-shirts en hommage aux victimes.<\/p>\n<p>Apr\u00e8s 21 kilom\u00e8tres d\u2019effort, l\u2019\u00e9motion est forte pour \u00c9oline, qui franchit la ligne en 1h51. &#8220;J\u2019ai tout donn\u00e9, je me suis dit que je n\u2019avais pas le droit de l\u00e2cher pour ces gens qui se battent chaque jour&#8221;, affirme-t-elle. Avant d\u2019ajouter, les larmes aux yeux\u00a0: &#8220;Je suis s\u00fbre que Cyane, l\u00e0-haut, nous regarde et qu\u2019elle est fi\u00e8re de nous.&#8221;<\/p>\n<\/p><\/div>\n<p><a href=\"https:\/\/www.ladepeche.fr\/2026\/04\/19\/pour-que-la-memoire-reste-vivante-au-lendemain-de-lanniversaire-de-sa-soeur-decedee-dans-lincendie-de-crans-montana-elle-selance-sur-le-semi-marathon-13333822.php\">source<\/a><\/p>\n","protected":false},"excerpt":{"rendered":"<p>l&#8217;essentiel Au lendemain de ce qui aurait d\u00fb \u00eatre le 25e anniversaire de Cyane Panine, plusieurs de ses proches ont pris le d\u00e9part du semi-marathon de Montpellier, ce dimanche 19 avril 2026, pour lui rendre hommage ainsi qu\u2019aux 41 victimes de l\u2019incendie de Crans-Montana. Sur la ligne de d\u00e9part, l\u2019\u00e9motion est palpable. \u00c9oline Panine, la [&hellip;]<\/p>\n","protected":false},"author":1,"featured_media":128892,"comment_status":"open","ping_status":"open","sticky":false,"template":"","format":"standard","meta":{"_monsterinsights_skip_tracking":false,"_monsterinsights_sitenote_active":false,"_monsterinsights_sitenote_note":"","_monsterinsights_sitenote_category":0,"footnotes":""},"categories":[71],"tags":[],"coauthors":[77],"class_list":["post-128891","post","type-post","status-publish","format-standard","has-post-thumbnail","hentry","category-sport"],"aioseo_notices":[],"_links":{"self":[{"href":"https:\/\/pressactu.com\/index.php?rest_route=\/wp\/v2\/posts\/128891","targetHints":{"allow":["GET"]}}],"collection":[{"href":"https:\/\/pressactu.com\/index.php?rest_route=\/wp\/v2\/posts"}],"about":[{"href":"https:\/\/pressactu.com\/index.php?rest_route=\/wp\/v2\/types\/post"}],"author":[{"embeddable":true,"href":"https:\/\/pressactu.com\/index.php?rest_route=\/wp\/v2\/users\/1"}],"replies":[{"embeddable":true,"href":"https:\/\/pressactu.com\/index.php?rest_route=%2Fwp%2Fv2%2Fcomments&post=128891"}],"version-history":[{"count":0,"href":"https:\/\/pressactu.com\/index.php?rest_route=\/wp\/v2\/posts\/128891\/revisions"}],"wp:featuredmedia":[{"embeddable":true,"href":"https:\/\/pressactu.com\/index.php?rest_route=\/wp\/v2\/media\/128892"}],"wp:attachment":[{"href":"https:\/\/pressactu.com\/index.php?rest_route=%2Fwp%2Fv2%2Fmedia&parent=128891"}],"wp:term":[{"taxonomy":"category","embeddable":true,"href":"https:\/\/pressactu.com\/index.php?rest_route=%2Fwp%2Fv2%2Fcategories&post=128891"},{"taxonomy":"post_tag","embeddable":true,"href":"https:\/\/pressactu.com\/index.php?rest_route=%2Fwp%2Fv2%2Ftags&post=128891"},{"taxonomy":"author","embeddable":true,"href":"https:\/\/pressactu.com\/index.php?rest_route=%2Fwp%2Fv2%2Fcoauthors&post=128891"}],"curies":[{"name":"wp","href":"https:\/\/api.w.org\/{rel}","templated":true}]}}