{"id":128812,"date":"2026-04-19T15:31:30","date_gmt":"2026-04-19T15:31:30","guid":{"rendered":"https:\/\/pressactu.com\/?p=128812"},"modified":"2026-04-19T15:31:30","modified_gmt":"2026-04-19T15:31:30","slug":"entretien-dermatose-nodulaire-loi-durgence-agricole-intemperies-revenus-le-cri-dalarme-de-la-confederation-paysanne-pour-lagriculture","status":"publish","type":"post","link":"https:\/\/pressactu.com\/?p=128812","title":{"rendered":"ENTRETIEN. Dermatose nodulaire, Loi d\u2019urgence agricole, intemp\u00e9ries, revenus\u2026 Le cri d\u2019alarme de la Conf\u00e9d\u00e9ration paysanne pour l\u2019agriculture"},"content":{"rendered":"<p>\n                                                                    <span class=\"article-full__chapo-label hide-on-small-only\">l&#8217;essentiel<\/span><br \/>\n                                                                R\u00e9unie en assembl\u00e9e g\u00e9n\u00e9rale le 16\u00a0avril, la Conf\u00e9d\u00e9ration paysanne du Gers a dress\u00e9 un bilan alarmant de l\u2019ann\u00e9e 2025. Sa co-porte-parole Sylvie Colas alerte sur les crises agricoles et veut replacer l\u2019humain au c\u0153ur de la politique.\n                            <\/p>\n<div rel=\"js-article-content\" data-state=\"fixed-height\" data-selection=\"disabled\">\n                                                                                                                            <!-- Pub DFP Position [outstream] --><\/p>\n<p>La Conf\u00e9d\u00e9ration paysanne gersoise\u00a0s\u2019est rassembl\u00e9e, jeudi 16\u00a0avril, pour son assembl\u00e9e g\u00e9n\u00e9rale. L\u2019occasion pour la co-porte-parole du syndicat, Sylvie Colas, d\u2019aborder l\u2019actualit\u00e9 agricole. Entretien.<\/p>\n<p><!-- Pub DFP Position [article] --><\/p>\n<p class=\"txt-question\">Comment les agriculteurs du syndicat ont-ils v\u00e9cu cette ann\u00e9e 2025\u00a0?<\/p>\n<p>L\u2019ann\u00e9e 2025 a \u00e9t\u00e9 dramatique pour toutes les fili\u00e8res, d\u00e9j\u00e0 avec les al\u00e9as climatiques, dont la s\u00e9cheresse, et bien s\u00fbr la crise de la Dermatose nodulaire contagieuse (DNC) qui a eu pour cons\u00e9quence la col\u00e8re de la fin d\u2019ann\u00e9e. La crise sanitaire a rappel\u00e9 les grandes difficult\u00e9s que connaissent tous les agriculteurs, quel\u00a0que soit leur syst\u00e8me de production. [\u2026] On ne sait pas o\u00f9 on va. On tue des bovins, en anticipation du risque de propagation. On arrache de la vigne, pr\u00e8s de 10\u00a0% de la surface, en anticipation d\u2019une baisse du march\u00e9. Quand on arrache une vigne, ce n\u2019est pas rien, ce sont des fois des d\u00e9cennies de travail\u2026<\/p>\n<p class=\"std-elt__inline\">\n        <strong>\u00c0 lire aussi :<\/strong><br \/>\n        <a href=\"\/2025\/12\/17\/arrachage-viticole-un-bilan-de-631-hectares-de-vignes-supprimees-pour-25-meur-de-subventions-dans-le-gers-13114796.php\">Arrachage viticole\u00a0: un bilan de 631 hectares de vignes supprim\u00e9es pour 2,5 M\u20ac de subventions dans le Gers<\/a>\n    <\/p>\n<p>Finalement, il n\u2019y a pas grand-chose de positif\u2026 Sauf que l\u2019on pense tous faire le plus beau m\u00e9tier du monde et si on arrive\u00a0un jour \u00e0 bouleverser l\u2019ordre des choses et mettre fin \u00e0 ce lib\u00e9ralisme de march\u00e9, il n\u2019y a pas de raison que le Gers ne participe pas \u00e0 la souverainet\u00e9 alimentaire avec des produits de qualit\u00e9. Mais comme on l\u2019a dit au ministre de la Ruralit\u00e9, si l\u2019agriculture ne va pas dans le Gers, rien ne va. C\u2019est bien de faire des usines de d\u00e9chets mais on esp\u00e8re mieux (le centre de tri interd\u00e9partemental de Masseube a \u00e9t\u00e9 inaugur\u00e9 le 11\u00a0avril, NDLR). Si on doit \u00eatre la poubelle du Sud-Ouest pour trouver de l\u2019emploi dans un territoire purement agricole\u2026<\/p>\n<div class=\"center-align\" rel=\"js-article-inline-img\" data-protec-aida=\"image\">\n<figure class=\"std-img\" data-src=\"https:\/\/images.ladepeche.fr\/api\/v1\/images\/view\/69e39bc5295d9f69a40624e0\/original\/image.jpg?v=1\">\n        <img decoding=\"async\" class=\"std-img__img responsive-img\" src=\"http:\/\/pressactu.com\/wp-content\/uploads\/2026\/04\/1776612689_776_image.jpg?v=1\" alt=\"Sylvie Colas, co-porte-parole, aborde l\u2019actualit\u00e9 agricole.\"\/><figcaption class=\"article-full__media-infos\">\n                <span class=\"article-full__media-legend\">Sylvie Colas, co-porte-parole, aborde l\u2019actualit\u00e9 agricole.<\/span><br \/>\n                                    <span class=\"article-full__media-author\">Photo DDM &#8211; S\u00e9bastien Lapeyr\u00e8re<\/span><br \/>\n                            <\/figcaption><\/figure>\n<\/div>\n<p class=\"txt-question\"><span><span>Les pr\u00e9cipitations ont \u00e9t\u00e9 importantes depuis le d\u00e9but de l\u2019ann\u00e9e. Est-ce que cela vous rassure pour les prochains mois, en cas de s\u00e9cheresse\u00a0?<\/span><\/span><\/p>\n<p><span><span>Pas du tout, on est toujours inquiets. Heureusement qu\u2019il a plu il y a 10 jours, parce que la terre commen\u00e7ait d\u00e9j\u00e0 \u00e0 craqueler. On a cru qu\u2019on allait d\u00e9j\u00e0 devoir arroser nos bl\u00e9s. Les fortes chaleurs nous inqui\u00e8tent, aujourd\u2019hui, mais aussi l\u2019\u00e9t\u00e9. L\u2019an dernier, ce qui nous a fait perdre le plus de rendement, ce sont les temp\u00e9ratures. La v\u00e9g\u00e9tation s\u2019est bloqu\u00e9e pour se prot\u00e9ger, m\u00eame en irriguant.<\/span><\/span><\/p>\n<p class=\"txt-question\">La DNC et les autres \u00e9pid\u00e9mies sont, elles aussi, toujours bien pr\u00e9sentes en ce d\u00e9but d\u2019ann\u00e9e\u2026<\/p>\n<p>On a beaucoup parl\u00e9, durant l\u2019AG, de la peste porcine africaine. Il y a beaucoup de contr\u00f4les par rapport aux normes de s\u00e9curit\u00e9 en ce moment. On esp\u00e8re que ces normes ne feront pas dispara\u00eetre le mod\u00e8le plein air. Mais, surtout, ce que l\u2019on demande, c\u2019est de remettre de l\u2019humain dans la politique.\u00a0La gestion de la crise de la DNC a \u00e9t\u00e9 catastrophique sur ce point-l\u00e0. Abattage, vaccination\u2026 Il faut avoir une attention particuli\u00e8re aux situations de chacun, savoir ce que chacun revendique et avoir une autre fa\u00e7on de faire que de tout abattre ou de tout vacciner. On voit bien qu\u2019il y a d\u2019abord un int\u00e9r\u00eat \u00e9conomique. Dans certains territoires, comme le Cantal, il est interdit de vacciner alors que certains le souhaiteraient. La ministre n\u2019a absolument rien boug\u00e9 dans sa gestion.<\/p>\n<div class=\"center-align\" rel=\"js-article-inline-img\" data-protec-aida=\"image\">\n<figure class=\"std-img\" data-src=\"https:\/\/images.ladepeche.fr\/api\/v1\/images\/view\/69e39bc5486f7babfe0599b3\/original\/image.jpg?v=1\">\n        <img decoding=\"async\" class=\"std-img__img responsive-img\" src=\"http:\/\/pressactu.com\/wp-content\/uploads\/2026\/04\/1776612689_624_image.jpg?v=1\" alt=\"L\u2019assembl\u00e9e g\u00e9n\u00e9rale a eu lieu le 16\u00a0avril \u00e0 la chambre d\u2019agriculture du Gers.\"\/><figcaption class=\"article-full__media-infos\">\n                <span class=\"article-full__media-legend\">L\u2019assembl\u00e9e g\u00e9n\u00e9rale a eu lieu le 16\u00a0avril \u00e0 la chambre d\u2019agriculture du Gers.<\/span><br \/>\n                                    <span class=\"article-full__media-author\">Photo DDM &#8211; S\u00e9bastien Lapeyr\u00e8re<\/span><br \/>\n                            <\/figcaption><\/figure>\n<\/div>\n<p class=\"txt-question\">Que pensez-vous de la <a href=\"https:\/\/www.vie-publique.fr\/loi\/302739-projet-de-loi-durgence-agricole#mesures-sur-les-terres-les-revenus-agricoles-et-les-%C3%A9levages\" target=\"_self\">Loi d\u2019urgence agricole<\/a>, qui doit \u00eatre \u00e9tudi\u00e9e \u00e0 l\u2019Assembl\u00e9e en mai\u00a0?<\/p>\n<p>C\u2019est un vrai scandale, une r\u00e9gression absolue pour les paysans, pour les d\u00e9fenseurs de l\u2019eau mais aussi pour les citoyens. L\u2019agrandissement des b\u00e2timents d\u2019\u00e9levage sans qu\u2019il n\u2019y ait plus de normes ou d\u2019enqu\u00eate publique pose probl\u00e8me (une\u00a0ordonnance doit\u00a0cr\u00e9er un r\u00e9gime sp\u00e9cifique pour les \u00e9levages, distinct du r\u00e9gime industriel des installations class\u00e9es pour la protection de l\u2019environnement, NDLR).\u00a0Comment peut-on\u00a0autoriser cela\u00a0? On veut que le Gers devienne une Bretagne\u00a0? Si on cr\u00e9e plus de gros b\u00e2timents sur le territoire, on risque d\u2019avoir\u00a0encore plus de cas de grippe aviaire puisqu\u2019on augmentera la densit\u00e9. Quand va-t-on faire la promotion d\u2019une agriculture paysanne, bio, de qualit\u00e9, comme on sait le faire dans le Gers\u00a0?<\/p>\n<p class=\"txt-question\">La question sociale a \u00e9galement \u00e9t\u00e9 abord\u00e9e lors de cette assembl\u00e9e g\u00e9n\u00e9rale.<\/p>\n<p><span><span>Il y a \u00e9norm\u00e9ment de choses \u00e0 mettre \u00e0 plat. Comment cela se fait-il\u00a0que l\u2019on\u00a0travaille\u00a0toute notre vie pour ne pas la gagner ou que l\u2019on ait\u00a0un r\u00e9gime social de retraite aussi faible\u00a0? La r\u00e9ponse suite \u00e0 l\u2019augmentation du GNR a \u00e9t\u00e9 d\u2019all\u00e9ger nos cotisations sociales. Mais quel est le rapport\u00a0? Il faut donner de l\u2019attractivit\u00e9 au m\u00e9tier, avec un cong\u00e9 paternit\u00e9\/maternit\u00e9\u00a0\u00e0 la m\u00eame hauteur que dans les autres cat\u00e9gories professionnelles. Idem pour les arr\u00eats maladie. Qu\u2019est-ce que l\u2019on peut faire avec 20\u00a0\u20ac d\u2019indemnit\u00e9 par jour\u00a0?<\/span><\/span><\/p>\n<\/p><\/div>\n<p><a href=\"https:\/\/www.ladepeche.fr\/2026\/04\/19\/entretien-dermatose-nodulaire-loi-durgence-agricole-intemperies-revenus-le-cri-dalarme-de-la-confederation-paysanne-pour-lagriculture-13332419.php\">source<\/a><\/p>\n","protected":false},"excerpt":{"rendered":"<p>l&#8217;essentiel R\u00e9unie en assembl\u00e9e g\u00e9n\u00e9rale le 16\u00a0avril, la Conf\u00e9d\u00e9ration paysanne du Gers a dress\u00e9 un bilan alarmant de l\u2019ann\u00e9e 2025. Sa co-porte-parole Sylvie Colas alerte sur les crises agricoles et veut replacer l\u2019humain au c\u0153ur de la politique. La Conf\u00e9d\u00e9ration paysanne gersoise\u00a0s\u2019est rassembl\u00e9e, jeudi 16\u00a0avril, pour son assembl\u00e9e g\u00e9n\u00e9rale. L\u2019occasion pour la co-porte-parole du syndicat, [&hellip;]<\/p>\n","protected":false},"author":1,"featured_media":128813,"comment_status":"open","ping_status":"open","sticky":false,"template":"","format":"standard","meta":{"_monsterinsights_skip_tracking":false,"_monsterinsights_sitenote_active":false,"_monsterinsights_sitenote_note":"","_monsterinsights_sitenote_category":0,"footnotes":""},"categories":[74],"tags":[],"coauthors":[77],"class_list":["post-128812","post","type-post","status-publish","format-standard","has-post-thumbnail","hentry","category-economie"],"aioseo_notices":[],"_links":{"self":[{"href":"https:\/\/pressactu.com\/index.php?rest_route=\/wp\/v2\/posts\/128812","targetHints":{"allow":["GET"]}}],"collection":[{"href":"https:\/\/pressactu.com\/index.php?rest_route=\/wp\/v2\/posts"}],"about":[{"href":"https:\/\/pressactu.com\/index.php?rest_route=\/wp\/v2\/types\/post"}],"author":[{"embeddable":true,"href":"https:\/\/pressactu.com\/index.php?rest_route=\/wp\/v2\/users\/1"}],"replies":[{"embeddable":true,"href":"https:\/\/pressactu.com\/index.php?rest_route=%2Fwp%2Fv2%2Fcomments&post=128812"}],"version-history":[{"count":0,"href":"https:\/\/pressactu.com\/index.php?rest_route=\/wp\/v2\/posts\/128812\/revisions"}],"wp:featuredmedia":[{"embeddable":true,"href":"https:\/\/pressactu.com\/index.php?rest_route=\/wp\/v2\/media\/128813"}],"wp:attachment":[{"href":"https:\/\/pressactu.com\/index.php?rest_route=%2Fwp%2Fv2%2Fmedia&parent=128812"}],"wp:term":[{"taxonomy":"category","embeddable":true,"href":"https:\/\/pressactu.com\/index.php?rest_route=%2Fwp%2Fv2%2Fcategories&post=128812"},{"taxonomy":"post_tag","embeddable":true,"href":"https:\/\/pressactu.com\/index.php?rest_route=%2Fwp%2Fv2%2Ftags&post=128812"},{"taxonomy":"author","embeddable":true,"href":"https:\/\/pressactu.com\/index.php?rest_route=%2Fwp%2Fv2%2Fcoauthors&post=128812"}],"curies":[{"name":"wp","href":"https:\/\/api.w.org\/{rel}","templated":true}]}}