{"id":128799,"date":"2026-04-19T12:27:32","date_gmt":"2026-04-19T12:27:32","guid":{"rendered":"https:\/\/pressactu.com\/?p=128799"},"modified":"2026-04-19T12:27:32","modified_gmt":"2026-04-19T12:27:32","slug":"castres-stade-toulousain-un-manque-denergie-qui-ne-nous-permet-pas-de-rivaliser-et-de-continuer-le-bras-de-fer-regrette-baptiste-cope-apres-la-claque-a-pierre-fabre","status":"publish","type":"post","link":"https:\/\/pressactu.com\/?p=128799","title":{"rendered":"Castres-Stade Toulousain\u00a0: &quot;Un manque d\u2019\u00e9nergie qui ne nous permet pas de rivaliser et de continuer le bras de fer&quot;, regrette Baptiste Cope apr\u00e8s la claque \u00e0 Pierre-Fabre"},"content":{"rendered":"<p>\n                                                                    <span class=\"article-full__chapo-label hide-on-small-only\">l&#8217;essentiel<\/span><br \/>\n                                                                Le troisi\u00e8me ligne du CO Baptiste Cope regrettait l\u2019indiscipline dont les Castrais avaient une nouvelle fait preuve, cons\u00e9quence directe de la lourde d\u00e9faite face \u00e0 Toulouse dans le derby (25-42), samedi 18\u00a0avril \u00e0 l\u2019occasion de la 21e journ\u00e9e de Top 14.\n                            <\/p>\n<div rel=\"js-article-content\" data-state=\"fixed-height\" data-selection=\"disabled\">\n                                                                                                                            <!-- Pub DFP Position [outstream] --><\/p>\n<p class=\"txt-question\">Dans ce derby, l\u2019indiscipline vous plombe encore. Quel regard portez-vous l\u00e0-dessus\u00a0?<\/p>\n<p><!-- Pub DFP Position [article] --><\/p>\n<p>\u00c7a fait quelques matchs que l\u2019on prend beaucoup de cartons. M\u00eame si on ne le voit pas directement, c\u2019est de l\u2019influx qu\u2019on laisse en inf\u00e9riorit\u00e9 num\u00e9rique. Aujourd\u2019hui, on est encore dans le match \u00e0 la soixanti\u00e8me et on a ce manque d\u2019\u00e9nergie qui ne nous permet pas de rivaliser et de continuer le bras de fer.<\/p>\n<p class=\"std-elt__inline\">\n        <strong>\u00c0 lire aussi :<\/strong><br \/>\n        <a href=\"\/2026\/04\/19\/analyse-castres-stade-toulousain-toulouse-retrouve-des-couleurs-contre-le-co-qui-par-contre-voit-seloigner-les-phases-finales-13333038.php\">ANALYSE. Castres \u2013 Stade Toulousain\u00a0: Toulouse retrouve des couleurs contre le CO qui, par contre, voit s\u2019\u00e9loigner les phases finales<\/a>\n    <\/p>\n<p class=\"txt-question\">Sentez-vous vos co\u00e9quipiers fatigu\u00e9s lorsque vous entrez en jeu\u00a0?<\/p>\n<p>Oui, ils ont laiss\u00e9 beaucoup de plumes apr\u00e8s cette entame compliqu\u00e9e. Ils ont beaucoup donn\u00e9 pour revenir. C\u2019est surtout apr\u00e8s le carton d\u2019Arata que \u00e7a a \u00e9t\u00e9 dur. Il a fallu compenser et en face ils ont acc\u00e9l\u00e9r\u00e9.<\/p>\n<p class=\"std-elt__inline\">\n        <strong>\u00c0 lire aussi :<\/strong><br \/>\n        <a href=\"\/2026\/04\/18\/castres-stade-toulousain-scandale-la-honte-la-malhonnetete-le-carton-jaune-de-santiago-arata-fait-polemique-la-decision-de-larbitre-fait-grincer-des-13332909.php\">Castres-Stade Toulousain\u00a0: &#8220;Scandale&#8221;, &#8220;la honte&#8221;, &#8220;la malhonn\u00eatet\u00e9&#8221;\u2026 Le carton jaune de Santiago Arata fait pol\u00e9mique, la d\u00e9cision de l\u2019arbitre fait grincer des dents<\/a>\n    <\/p>\n<p class=\"txt-question\">Comment envisagez-vous la suite\u00a0?<\/p>\n<p>Match apr\u00e8s match, on ne va rien l\u00e2cher. Nos supporters sont encore l\u00e0 et on est d\u00e9\u00e7us pour eux ce soir. On se doit de ne rien l\u00e2cher pour ce public.<\/p>\n<\/p><\/div>\n<p><a href=\"https:\/\/www.ladepeche.fr\/2026\/04\/19\/castres-stade-toulousain-un-manque-denergie-qui-ne-nous-permet-pas-de-rivaliser-et-de-continuer-le-bras-de-fer-regrette-baptiste-cope-apres-la-claque-13333458.php\">source<\/a><\/p>\n","protected":false},"excerpt":{"rendered":"<p>l&#8217;essentiel Le troisi\u00e8me ligne du CO Baptiste Cope regrettait l\u2019indiscipline dont les Castrais avaient une nouvelle fait preuve, cons\u00e9quence directe de la lourde d\u00e9faite face \u00e0 Toulouse dans le derby (25-42), samedi 18\u00a0avril \u00e0 l\u2019occasion de la 21e journ\u00e9e de Top 14. Dans ce derby, l\u2019indiscipline vous plombe encore. Quel regard portez-vous l\u00e0-dessus\u00a0? \u00c7a fait [&hellip;]<\/p>\n","protected":false},"author":1,"featured_media":128800,"comment_status":"open","ping_status":"open","sticky":false,"template":"","format":"standard","meta":{"_monsterinsights_skip_tracking":false,"_monsterinsights_sitenote_active":false,"_monsterinsights_sitenote_note":"","_monsterinsights_sitenote_category":0,"footnotes":""},"categories":[71],"tags":[],"coauthors":[77],"class_list":["post-128799","post","type-post","status-publish","format-standard","has-post-thumbnail","hentry","category-sport"],"aioseo_notices":[],"_links":{"self":[{"href":"https:\/\/pressactu.com\/index.php?rest_route=\/wp\/v2\/posts\/128799","targetHints":{"allow":["GET"]}}],"collection":[{"href":"https:\/\/pressactu.com\/index.php?rest_route=\/wp\/v2\/posts"}],"about":[{"href":"https:\/\/pressactu.com\/index.php?rest_route=\/wp\/v2\/types\/post"}],"author":[{"embeddable":true,"href":"https:\/\/pressactu.com\/index.php?rest_route=\/wp\/v2\/users\/1"}],"replies":[{"embeddable":true,"href":"https:\/\/pressactu.com\/index.php?rest_route=%2Fwp%2Fv2%2Fcomments&post=128799"}],"version-history":[{"count":0,"href":"https:\/\/pressactu.com\/index.php?rest_route=\/wp\/v2\/posts\/128799\/revisions"}],"wp:featuredmedia":[{"embeddable":true,"href":"https:\/\/pressactu.com\/index.php?rest_route=\/wp\/v2\/media\/128800"}],"wp:attachment":[{"href":"https:\/\/pressactu.com\/index.php?rest_route=%2Fwp%2Fv2%2Fmedia&parent=128799"}],"wp:term":[{"taxonomy":"category","embeddable":true,"href":"https:\/\/pressactu.com\/index.php?rest_route=%2Fwp%2Fv2%2Fcategories&post=128799"},{"taxonomy":"post_tag","embeddable":true,"href":"https:\/\/pressactu.com\/index.php?rest_route=%2Fwp%2Fv2%2Ftags&post=128799"},{"taxonomy":"author","embeddable":true,"href":"https:\/\/pressactu.com\/index.php?rest_route=%2Fwp%2Fv2%2Fcoauthors&post=128799"}],"curies":[{"name":"wp","href":"https:\/\/api.w.org\/{rel}","templated":true}]}}