{"id":128777,"date":"2026-04-19T07:07:38","date_gmt":"2026-04-19T07:07:38","guid":{"rendered":"https:\/\/pressactu.com\/?p=128777"},"modified":"2026-04-19T07:07:38","modified_gmt":"2026-04-19T07:07:38","slug":"vente-de-sfr-avenir-des-abonnes-hausse-probable-des-tarifs-ce-qui-attend-les-clients-de-loperateur-mobile-et-tous-les-autres","status":"publish","type":"post","link":"https:\/\/pressactu.com\/?p=128777","title":{"rendered":"Vente de SFR\u00a0: avenir des abonn\u00e9s, hausse probable des tarifs\u2026 ce qui attend les clients de l\u2019op\u00e9rateur mobile et tous les autres"},"content":{"rendered":"<p>\n                                                                    <span class=\"article-full__chapo-label hide-on-small-only\">l&#8217;essentiel<\/span><br \/>\n                                                                Bouygues T\u00e9l\u00e9com, Free et Orange sont entr\u00e9s en n\u00e9gociations exclusives pour le rachat de SFR pour un montant de 20,35\u00a0milliards d\u2019euros. Un possible retour \u00e0 trois op\u00e9rateurs mobiles en France serait sans doute synonyme de hausse des tarifs.\n                            <\/p>\n<div rel=\"js-article-content\">\n                                                                                                                            <!-- Pub DFP Position [outstream] --><\/p>\n<p>SFR vit-il ses derni\u00e8res semaines\u00a0? Apr\u00e8s <a href=\"https:\/\/www.ladepeche.fr\/2025\/10\/15\/rachat-de-sfr-loperateur-mobile-dit-non-a-loffre-dorange-bouygues-telecom-et-free-12993737.php\" target=\"_blank\">une premi\u00e8re tentative avort\u00e9e de rachat <\/a>en octobre dernier, le rachat de SFR est de nouveau en cours. Le groupe Altice, qui d\u00e9tient SFR, <a href=\"https:\/\/www.ladepeche.fr\/2026\/04\/17\/vente-de-sfr-le-groupe-altice-france-entre-en-negociations-exclusives-avec-bouygues-telecom-free-et-orange-13330267.php\" target=\"_blank\">est entr\u00e9 en n\u00e9gociations exclusives pour sa vente<\/a> aux trois autres op\u00e9rateurs mobiles fran\u00e7ais. Bouygues T\u00e9l\u00e9com, Free et Orange sont pr\u00eats \u00e0 payer 20,35\u00a0milliards d\u2019euros. La p\u00e9riode de n\u00e9gociations doit durer jusqu\u2019au 15\u00a0mai.<\/p>\n<p><!-- Pub DFP Position [article] --><\/p>\n<h2 class=\"txt-chapitre\">Que va-t-il se passer pour les abonn\u00e9s SFR\u00a0?<\/h2>\n<p>Pour l\u2019instant, rien. Les abonn\u00e9s aux offres mobiles, fibre et ADSL de SFR restent engag\u00e9s aupr\u00e8s de l\u2019op\u00e9rateur, profitent des services souscrits et doivent continuer \u00e0 lui r\u00e9gler leurs factures.<\/p>\n<h2 class=\"txt-chapitre\">Une fois SFR vendu, qui sera l\u2019op\u00e9rateur des clients particuliers\u00a0?<\/h2>\n<p>Selon le projet de rachat, Bouygues T\u00e9l\u00e9com h\u00e9riterait de 42\u00a0% des actifs de SFR, Free-Groupe iliad de 31\u00a0% et Orange de 27\u00a0%. Cela comprend les clients particuliers, les infrastructures et les fr\u00e9quences d\u00e9tenues par SFR. Les clients actuels de SFR et Red by SFR auront-ils le choix de leur futur op\u00e9rateur ou leur sera-t-il impos\u00e9\u00a0? Rien n\u2019a \u00e9t\u00e9 communiqu\u00e9 \u00e0 ce jour. Le nouvel op\u00e9rateur devra proposer une offre a minima aussi bien-disante \u00e0 celle qu\u2019il remplace. Si ce nouvel op\u00e9rateur modifie le contrat des abonn\u00e9s SFR, la loi leur donnera quatre mois pour r\u00e9silier sans frais m\u00eame s\u2019ils sont encore dans une p\u00e9riode d\u2019engagement. De m\u00eame, la transition entre SFR et le nouvel op\u00e9rateur se fera dans le cadre d\u2019une portabilit\u00e9 comme lorsqu\u2019un client change volontairement de fournisseur mobile.<\/p>\n<h2 class=\"txt-chapitre\">Une fois SFR vendu, qui sera l\u2019op\u00e9rateur des clients professionnels\u00a0?<\/h2>\n<p>La client\u00e8le professionnelle, ou B2B, de SFR sera reprise par Bouygues T\u00e9l\u00e9com si le rachat est conclu. Bouygues T\u00e9l\u00e9com prendra contact en temps voulu avec ses nouveaux clients professionnels.<\/p>\n<h2 class=\"txt-chapitre\">Faut-il s\u2019attendre \u00e0 une hausse des tarifs\u00a0?<\/h2>\n<p>C\u2019est probable. Avant l\u2019arriv\u00e9e de Free dans le mobile en 2012, la France avait trois op\u00e9rateurs et des tarifs beaucoup plus \u00e9lev\u00e9s dans le fixe et le mobile. Le rachat de SFR va se traduire par un retour \u00e0 trois op\u00e9rateurs, \u00e0 un march\u00e9 un peu moins concurrentiel et donc une guerre des tarifs moins f\u00e9roce. &#8220;Difficile de savoir dans quelle proportion les prix des forfaits vont bouger&#8221;, explique l\u2019expert des march\u00e9s de la t\u00e9l\u00e9phonie mobile du site <a href=\"https:\/\/www.lesnumeriques.com\/\" target=\"_blank\">Les Num\u00e9riques<\/a> Sofian Nouira interrog\u00e9 par <em><a href=\"https:\/\/www.leparisien.fr\/economie\/consommation\/vente-de-sfr-a-orange-bouygues-telecom-et-free-pourquoi-les-prix-de-vos-forfaits-risquent-daugmenter-17-04-2026-VHD7NDD4SRDNLCVTLZ5STOTZOY.php\" target=\"_blank\">Le Parisien<\/a><\/em>. Le passage de quatre \u00e0 trois op\u00e9rateurs en Autriche s\u2019est traduit par une hausse de 14 \u00e0 20\u00a0% pour les clients existants et jusqu\u2019\u00e0 90\u00a0% pour les nouveaux abonn\u00e9s. Les clients sont mis \u00e0 contribution pour absorber le co\u00fbt du rachat.<\/p>\n<p class=\"std-elt__inline\">\n        <strong>\u00c0 lire aussi :<\/strong><br \/>\n        <a href=\"\/2025\/10\/16\/entretien-forfaits-mobiles-il-est-fort-probable-quon-assiste-a-une-remontee-des-prix-si-sfr-se-fait-racheter-par-ses-concurrents-12993928.php\">ENTRETIEN. Forfaits mobiles\u00a0: &#8220;Il est fort probable qu\u2019on assiste \u00e0 une remont\u00e9e des prix si SFR se fait racheter par ses concurrents&#8221;<\/a>\n    <\/p>\n<h2 class=\"txt-chapitre\">Que vont devenir les salari\u00e9s de SFR\u00a0?<\/h2>\n<p>La vente de SFR aura, \u00e0 n\u2019en pas douter, des cons\u00e9quences sociales lourdes pour les 8000 salari\u00e9s du si\u00e8ge et en r\u00e9gions (techniciens, boutiques\u2026) Dans un mail interne aux salari\u00e9s, le PDG d\u2019Altice France Arthur Dreyfus et le PDG de SFR Mathieu Coq ont indiqu\u00e9 que &#8220;\u00e0 ce stade, de nombreux d\u00e9tails restent \u00e0 discuter et \u00e0 n\u00e9gocier&#8221;. Le minist\u00e8re de l\u2019\u00c9conomie assure qu\u2019il sera vigilant. La vente de SFR devra d\u2019abord \u00eatre approuv\u00e9e par les autorit\u00e9s de la Concurrence.<\/p>\n<\/p><\/div>\n<p><a href=\"https:\/\/www.ladepeche.fr\/2026\/04\/18\/vente-de-sfr-avenir-des-abonnes-hausse-probable-des-tarifs-ce-qui-attend-les-clients-de-loperateur-mobile-et-tous-les-autres-13332294.php\">source<\/a><\/p>\n","protected":false},"excerpt":{"rendered":"<p>l&#8217;essentiel Bouygues T\u00e9l\u00e9com, Free et Orange sont entr\u00e9s en n\u00e9gociations exclusives pour le rachat de SFR pour un montant de 20,35\u00a0milliards d\u2019euros. Un possible retour \u00e0 trois op\u00e9rateurs mobiles en France serait sans doute synonyme de hausse des tarifs. SFR vit-il ses derni\u00e8res semaines\u00a0? Apr\u00e8s une premi\u00e8re tentative avort\u00e9e de rachat en octobre dernier, le [&hellip;]<\/p>\n","protected":false},"author":1,"featured_media":128778,"comment_status":"open","ping_status":"open","sticky":false,"template":"","format":"standard","meta":{"_monsterinsights_skip_tracking":false,"_monsterinsights_sitenote_active":false,"_monsterinsights_sitenote_note":"","_monsterinsights_sitenote_category":0,"footnotes":""},"categories":[74],"tags":[],"coauthors":[77],"class_list":["post-128777","post","type-post","status-publish","format-standard","has-post-thumbnail","hentry","category-economie"],"aioseo_notices":[],"_links":{"self":[{"href":"https:\/\/pressactu.com\/index.php?rest_route=\/wp\/v2\/posts\/128777","targetHints":{"allow":["GET"]}}],"collection":[{"href":"https:\/\/pressactu.com\/index.php?rest_route=\/wp\/v2\/posts"}],"about":[{"href":"https:\/\/pressactu.com\/index.php?rest_route=\/wp\/v2\/types\/post"}],"author":[{"embeddable":true,"href":"https:\/\/pressactu.com\/index.php?rest_route=\/wp\/v2\/users\/1"}],"replies":[{"embeddable":true,"href":"https:\/\/pressactu.com\/index.php?rest_route=%2Fwp%2Fv2%2Fcomments&post=128777"}],"version-history":[{"count":0,"href":"https:\/\/pressactu.com\/index.php?rest_route=\/wp\/v2\/posts\/128777\/revisions"}],"wp:featuredmedia":[{"embeddable":true,"href":"https:\/\/pressactu.com\/index.php?rest_route=\/wp\/v2\/media\/128778"}],"wp:attachment":[{"href":"https:\/\/pressactu.com\/index.php?rest_route=%2Fwp%2Fv2%2Fmedia&parent=128777"}],"wp:term":[{"taxonomy":"category","embeddable":true,"href":"https:\/\/pressactu.com\/index.php?rest_route=%2Fwp%2Fv2%2Fcategories&post=128777"},{"taxonomy":"post_tag","embeddable":true,"href":"https:\/\/pressactu.com\/index.php?rest_route=%2Fwp%2Fv2%2Ftags&post=128777"},{"taxonomy":"author","embeddable":true,"href":"https:\/\/pressactu.com\/index.php?rest_route=%2Fwp%2Fv2%2Fcoauthors&post=128777"}],"curies":[{"name":"wp","href":"https:\/\/api.w.org\/{rel}","templated":true}]}}