{"id":128775,"date":"2026-04-19T06:01:52","date_gmt":"2026-04-19T06:01:52","guid":{"rendered":"https:\/\/pressactu.com\/?p=128775"},"modified":"2026-04-19T06:01:52","modified_gmt":"2026-04-19T06:01:52","slug":"direct-guerre-en-ukraine-380-000-personnes-privees-delectricite-dans-loblast-de-tchernihiv","status":"publish","type":"post","link":"https:\/\/pressactu.com\/?p=128775","title":{"rendered":"DIRECT. Guerre en Ukraine : 380 000 personnes priv\u00e9es d\u2019\u00e9lectricit\u00e9 dans l\u2019oblast de Tchernihiv"},"content":{"rendered":"<div id=\"live_post_EVMO4SZ9RCBUR04\"><span class=\"live-post__date\">22h42.<\/span><\/p>\n<div class=\"live-post__content\">\n<h2 class=\"live-post__title\">Fin du direct<\/h2>\n<p class=\"live-post__amorce\">Ce direct est d\u00e9sormais termin\u00e9, merci de l&#8217;avoir suivi, bonne soir\u00e9e. <\/p>\n<\/div>\n<\/div>\n<div id=\"live_post_EVMO4N56KD31IMV\"><span class=\"live-post__date\">19h58.<\/span><\/p>\n<div class=\"live-post__content\">\n<h2 class=\"live-post__title\">Ce que l&#8217;on sait sur la fusillade de Kiev\u00a0<\/h2>\n<p class=\"live-post__amorce\">Au moins cinq personnes ont \u00e9t\u00e9 tu\u00e9es et plusieurs autres bless\u00e9es lors d\u2019une fusillade survenue samedi dans un quartier r\u00e9sidentiel de Kiev. L\u2019assaillant, qui s\u2019\u00e9tait retranch\u00e9 dans un supermarch\u00e9 apr\u00e8s avoir pris des otages, a \u00e9t\u00e9 abattu par les forces de l\u2019ordre lors de son interpellation.<\/p>\n<p><a href=\"https:\/\/www.ladepeche.fr\/2026\/04\/18\/a-kiev-en-ukraine-un-tireur-a-ouvert-le-feu-apres-une-prise-dotages-cinq-personnes-ont-ete-tuees-13332717.php\" target=\"_blank\" rel=\"noopener noreferrer nofollow\" class=\"\"><strong>\ud83d\udc49 Notre article ici <\/strong><\/a> <\/p>\n<\/div>\n<\/div>\n<div id=\"live_post_EVMO4JZ7QBE7K4B\"><span class=\"live-post__date\">18h30.<\/span><\/p>\n<div class=\"live-post__content\">\n<h2 class=\"live-post__title\">Le suspect de la fusillade de Kiev est n\u00e9 \u00e0 Moscou\u00a0<\/h2>\n<p class=\"live-post__amorce\">Le procureur g\u00e9n\u00e9ral Rouslan Kravtchenko a indiqu\u00e9 dans un communiqu\u00e9 que le suspect est &#8221; <strong>un homme de 58 ans n\u00e9 \u00e0 Moscou&#8221;<\/strong> . Il aurait d&#8217;abord ouvert le feu dans la rue, &#8220;apr\u00e8s quoi il s&#8217;est barricad\u00e9 \u00e0 l&#8217;int\u00e9rieur d&#8217;un supermarch\u00e9 et a pris des otages&#8221;. &#8220;D&#8217;apr\u00e8s les informations pr\u00e9liminaires, il a utilis\u00e9 une arme automatique. En m\u00eame temps, un incendie s&#8217;est d\u00e9clar\u00e9 dans l&#8217;appartement o\u00f9 l&#8217;assaillant \u00e9tait enregistr\u00e9&#8221; comme r\u00e9sident, indique \u00e9galement le communiqu\u00e9.<\/p>\n<\/div>\n<\/div>\n<div id=\"live_post_EVMO4JXJ9UWOUAB\"><span class=\"live-post__date\">18h28.<\/span><\/p>\n<div class=\"live-post__content\">\n<h2 class=\"live-post__title\">Volodymyr Zelensky donne des pr\u00e9cisions sur l&#8217;attaque de Kiev\u00a0<\/h2>\n<p class=\"live-post__amorce\">&#8220;\u00c0 ce jour, 5 personnes ont \u00e9t\u00e9 confirm\u00e9es tu\u00e9es. Mes condol\u00e9ances aux familles et aux proches. Dix personnes sont actuellement hospitalis\u00e9es pour des blessures et des traumatismes. Toutes re\u00e7oivent l&#8217;assistance n\u00e9cessaire. Quatre otages ont \u00e9t\u00e9 lib\u00e9r\u00e9s&#8221;, a-t-il indiqu\u00e9,  <a href=\"https:\/\/x.com\/ZelenskyyUa\" target=\"_blank\" rel=\"noopener noreferrer nofollow\" class=\"\">sur X. <\/a> <\/p>\n<div class=\"extemb-container\">\n<blockquote data-class=\"twitter-tweet\">\n<p lang=\"en\" dir=\"ltr\">Ukraine\u2019s Minister of Internal Affairs Ihor Klymenko has just reported that the attacker in Kyiv who opened fire on civilians has been eliminated. All the circumstances are being established. At present, 5 people have been confirmed killed. My condolences to the families and\u2026<\/p>\n<p>\u2014 Volodymyr Zelenskyy \/ \u0412\u043e\u043b\u043e\u0434\u0438\u043c\u0438\u0440 \u0417\u0435\u043b\u0435\u043d\u0441\u044c\u043a\u0438\u0439 (@ZelenskyyUa) <a href=\"https:\/\/twitter.com\/ZelenskyyUa\/status\/2045525463615893703?ref_src=twsrc%5Etfw\">April 18, 2026<\/a><\/p><\/blockquote><\/div>\n<\/div>\n<\/div>\n<div id=\"live_post_EVMO4GFK9DUQ5W5\"><span class=\"live-post__date\">16h50.<\/span><\/p>\n<div class=\"live-post__content\">\n<h2 class=\"live-post__title\">\u00c0 quoi vont servir les 90 milliards d\u2019euros de l\u2019UE pour Kiev, bloqu\u00e9s jusque-l\u00e0 par la Hongrie ?<\/h2>\n<p class=\"live-post__amorce\">Le nouveau Premier ministre hongrois, P\u00e9ter Magyar, a annonc\u00e9, mercredi 15 avril, \u00eatre en faveur du d\u00e9blocage d\u2019une aide financi\u00e8re de 90 milliards d\u2019euros \u00e0 l\u2019Ukraine. Le montant de l\u2019aide europ\u00e9enne \u00e9tait bloqu\u00e9 jusque-l\u00e0 par le veto de Viktor Orb\u00e1n, ancien leader de la Hongrie, qui \u00e9tait ouvertement oppos\u00e9 aux aides en faveur de l\u2019Ukraine.<\/p>\n<p><a href=\"https:\/\/www.ladepeche.fr\/2026\/04\/18\/guerre-en-ukraine-a-quoi-vont-servir-les-90-milliards-deuros-de-lue-pour-kiev-bloques-jusque-la-par-la-hongrie-13330697.php\" target=\"_blank\" rel=\"noopener noreferrer nofollow\" class=\"\"><strong>\ud83d\udc49 Notre article ici <\/strong><\/a> <\/p>\n<\/div>\n<\/div>\n<div id=\"live_post_EVMO4GETRD0GA3W\"><span class=\"live-post__date\">16h50.<\/span><\/p>\n<div class=\"live-post__content\">\n<h2 class=\"live-post__title\">Un homme ouvre le feu dans un quartier de Kiev, &#8220;plusieurs morts&#8221;\u00a0<\/h2>\n<p class=\"live-post__amorce\">L&#8217;auter pr\u00e9sum\u00e9 de la fusillade \u00e0 Kiev a \u00e9t\u00e9 abattu. <\/p>\n<\/div>\n<\/div>\n<div id=\"live_post_EVMO46NWM84YSU1\"><span class=\"live-post__date\">11h57.<\/span><\/p>\n<div class=\"live-post__content\">\n<h2 class=\"live-post__title\">380 000 personnes priv\u00e9es d&#8217;\u00e9lectricit\u00e9 dans l&#8217;oblast de Tchernihiv<\/h2>\n<p class=\"live-post__amorce\">Des bombardements russes ont touch\u00e9 une installation \u00e9nerg\u00e9tique importante la nuit derni\u00e8re \u00e0 Nijyn, dans l\u2019oblast de Tchernihiv en Ukraine. 380 000 abonn\u00e9s sont priv\u00e9s d&#8217;\u00e9lectricit\u00e9, ce samedi, indique le fournisseur d&#8217;\u00e9lectricit\u00e9 Tchernihivoblenergo sur  <a href=\"https:\/\/t.me\/chernigivoblenergo\/5054\" target=\"_blank\" rel=\"noopener noreferrer nofollow\" class=\"\">Telegram<\/a> . <\/p>\n<\/div>\n<\/div>\n<div id=\"live_post_EVMO470Y75Y1NTU\"><span class=\"live-post__date\">09h29.<\/span><\/p>\n<div class=\"live-post__content\">\n<h2 class=\"live-post__title\">La Russie dit avoir d\u00e9truit 258 drones ukrainiens dans la nuit<\/h2>\n<p class=\"live-post__amorce\">Le minist\u00e8re russe de la D\u00e9fense annonce sur  <a href=\"https:\/\/t.me\/mod_russia\/62739\" target=\"_blank\" rel=\"noopener noreferrer nofollow\" class=\"\">Telegram<\/a>  avoir d\u00e9truit 258 drones lanc\u00e9s par l&#8217;Ukraine dans la nuit de vendredi \u00e0 ce samedi. Plusieurs oblasts ont \u00e9t\u00e9 vis\u00e9s par les appareils ukrainiens.<\/p>\n<\/div>\n<\/div>\n<div id=\"live_post_EVMO3ZJ7LCTR1J8\"><span class=\"live-post__date\">08h25.<\/span><\/p>\n<div class=\"live-post__content\">\n<h2 class=\"live-post__title\">219 drones lanc\u00e9s sur l&#8217;Ukraine par les Russes cette nuit<\/h2>\n<p class=\"live-post__amorce\">L&#8217;arm\u00e9e russe a lanc\u00e9 219 drones en territoire ukrainien dans la nuit de vendredi \u00e0 ce samedi. Environ 150 appareils \u00e9taient de type Shahed, pr\u00e9cise l&#8217;arm\u00e9e de l&#8217;air ukrainienne sur  <a href=\"https:\/\/www.ukrinform.net\/rubric-ato\/4113920-adf-neutralizes-190-of-219-drones-used-by-russia-to-attack-ukraine-overnight.html\" target=\"_blank\" rel=\"noopener noreferrer nofollow\" class=\"\">Telegram<\/a> . Les Ukrainiens indiquent avoir pu neutraliser ou abattre 190 des 219 drones. <\/p>\n<\/div>\n<\/div>\n<div id=\"live_post_EVMO3ZJTXIW7EUK\"><span class=\"live-post__date\">08h05.<\/span><\/p>\n<div class=\"live-post__content\">\n<h2 class=\"live-post__title\">A quoi vont servir les 90 milliards d&#8217;euros que l&#8217;Ukraine attend de l&#8217;Union europ\u00e9enne ?<\/h2>\n<p class=\"live-post__amorce\">Le nouveau Premier ministre hongrois, P\u00e9ter Magyar, a annonc\u00e9, mercredi, \u00eatre en faveur du d\u00e9blocage d\u2019une aide financi\u00e8re de 90 milliards d\u2019euros \u00e0 l\u2019Ukraine. L&#8217;aide \u00e9tait bloqu\u00e9e par son pr\u00e9d\u00e9cesseur Viktor Orban. A quoi va servir ce pr\u00eat de 90 milliards ?  <a href=\"https:\/\/www.ladepeche.fr\/2026\/04\/18\/guerre-en-ukraine-a-quoi-vont-servir-les-90-milliards-deuros-de-lue-pour-kiev-bloques-jusque-la-par-la-hongrie-13330697.php\" target=\"_blank\" rel=\"noopener noreferrer nofollow\" class=\"\">Cliquez ici <\/a> pour lire notre article.<\/p>\n<\/div>\n<\/div>\n<div id=\"live_post_EVMO3C47P27Q6EK\"><span class=\"live-post__date\">07h28.<\/span><\/p>\n<div class=\"live-post__content\">\n<h2 class=\"live-post__title\">Les pilotes ukrainiens form\u00e9s sur les avions de chasse su\u00e9dois d\u00e8s cette ann\u00e9e ?<\/h2>\n<p class=\"live-post__amorce\">Le pr\u00e9sident ukrainien Volodymyr Zelensky a re\u00e7u le roi de Su\u00e8de Carl XVI Gustaf, vendredi \u00e0 Lviv en Ukraine. Il a indiqu\u00e9 qu&#8217;il souhaitait que la formation des pilotes ukrainiens sur les avions de chasse su\u00e9dois Gripen commence en 2026. La Su\u00e8de a allou\u00e9 4 milliards d&#8217;euros \u00e0 l&#8217;Ukraine en 2026.<\/p>\n<\/div>\n<\/div>\n<div id=\"live_post_EVMO3CLHWZSQ867\"><span class=\"live-post__date\">07h10.<\/span><\/p>\n<div class=\"live-post__content\">\n<h2 class=\"live-post__title\">L&#8217;Ukraine a re\u00e7u 90 % des fonds des avoirs russes gel\u00e9s<\/h2>\n<p class=\"live-post__amorce\">Le gouvernement ukrainien a per\u00e7u 45 milliards de dollars, ce qui correspond \u00e0 90 % des financements attendus provenant des revenus g\u00e9n\u00e9r\u00e9s par les avoirs russes gel\u00e9s. Le ministre ukrainien des Finances Sergii Marchenko appelle \u00e0 aller plus loin en mobilisant directement ces actifs.<\/p>\n<\/div>\n<\/div>\n<div id=\"live_post_EVMO3CBN79V6WN5\"><span class=\"live-post__date\">07h01.<\/span><\/p>\n<div class=\"live-post__content\">\n<h2 class=\"live-post__title\">Une rencontre Zelensky-Poutine ? &#8220;Aucune initiative concr\u00e8te&#8221; dit la Russie<\/h2>\n<p class=\"live-post__amorce\">L&#8217;Ukraine se dit pr\u00eate pour une rencontre entre Volodymyr Zelensky et Vladimir Poutine en Turquie, en pr\u00e9sence de Donald Trump et du pr\u00e9sident turc Recep Tayyip Erdogan, a annonc\u00e9 le chef de la diplomatie ukrainien. Andrii Sybiha a indiqu\u00e9 avoir d\u00e9j\u00e0 &#8220;fait part de cette intention&#8221; \u00e0 la Turquie. R\u00e9ponse du ministre russe des Affaires \u00e9trang\u00e8res Sergue\u00ef Lavrov : &#8220;Aucune initiative concr\u00e8te n&#8217;a \u00e9t\u00e9 formul\u00e9e en la mati\u00e8re&#8221;.<\/p>\n<\/div>\n<\/div>\n<div id=\"live_post_EVMO3BJ56UNQ413\"><span class=\"live-post__date\">07h00.<\/span><\/p>\n<div class=\"live-post__content\">\n<h2 class=\"live-post__title\">Bienvenue dans notre direct<\/h2>\n<p class=\"live-post__amorce\">Suivez toute l&#8217;actualit\u00e9 de la guerre en Ukraine en direct ce samedi 18 avril 2026.<\/p>\n<\/div>\n<\/div>\n<p><script async src=\"\/\/platform.twitter.com\/widgets.js\" charset=\"utf-8\"><\/script><br \/><a href=\"https:\/\/www.ladepeche.fr\/2026\/04\/18\/direct-guerre-en-ukraine-kiev-recoit-45-milliards-de-dollars-issus-des-avoirs-russes-geles-13330733.php\">source<\/a><\/p>\n","protected":false},"excerpt":{"rendered":"<p>22h42. Fin du direct Ce direct est d\u00e9sormais termin\u00e9, merci de l&#8217;avoir suivi, bonne soir\u00e9e. 19h58. Ce que l&#8217;on sait sur la fusillade de Kiev\u00a0 Au moins cinq personnes ont \u00e9t\u00e9 tu\u00e9es et plusieurs autres bless\u00e9es lors d\u2019une fusillade survenue samedi dans un quartier r\u00e9sidentiel de Kiev. L\u2019assaillant, qui s\u2019\u00e9tait retranch\u00e9 dans un supermarch\u00e9 apr\u00e8s [&hellip;]<\/p>\n","protected":false},"author":1,"featured_media":128776,"comment_status":"open","ping_status":"open","sticky":false,"template":"","format":"standard","meta":{"_monsterinsights_skip_tracking":false,"_monsterinsights_sitenote_active":false,"_monsterinsights_sitenote_note":"","_monsterinsights_sitenote_category":0,"footnotes":""},"categories":[1],"tags":[],"coauthors":[77],"class_list":["post-128775","post","type-post","status-publish","format-standard","has-post-thumbnail","hentry","category-a-la-une"],"aioseo_notices":[],"_links":{"self":[{"href":"https:\/\/pressactu.com\/index.php?rest_route=\/wp\/v2\/posts\/128775","targetHints":{"allow":["GET"]}}],"collection":[{"href":"https:\/\/pressactu.com\/index.php?rest_route=\/wp\/v2\/posts"}],"about":[{"href":"https:\/\/pressactu.com\/index.php?rest_route=\/wp\/v2\/types\/post"}],"author":[{"embeddable":true,"href":"https:\/\/pressactu.com\/index.php?rest_route=\/wp\/v2\/users\/1"}],"replies":[{"embeddable":true,"href":"https:\/\/pressactu.com\/index.php?rest_route=%2Fwp%2Fv2%2Fcomments&post=128775"}],"version-history":[{"count":0,"href":"https:\/\/pressactu.com\/index.php?rest_route=\/wp\/v2\/posts\/128775\/revisions"}],"wp:featuredmedia":[{"embeddable":true,"href":"https:\/\/pressactu.com\/index.php?rest_route=\/wp\/v2\/media\/128776"}],"wp:attachment":[{"href":"https:\/\/pressactu.com\/index.php?rest_route=%2Fwp%2Fv2%2Fmedia&parent=128775"}],"wp:term":[{"taxonomy":"category","embeddable":true,"href":"https:\/\/pressactu.com\/index.php?rest_route=%2Fwp%2Fv2%2Fcategories&post=128775"},{"taxonomy":"post_tag","embeddable":true,"href":"https:\/\/pressactu.com\/index.php?rest_route=%2Fwp%2Fv2%2Ftags&post=128775"},{"taxonomy":"author","embeddable":true,"href":"https:\/\/pressactu.com\/index.php?rest_route=%2Fwp%2Fv2%2Fcoauthors&post=128775"}],"curies":[{"name":"wp","href":"https:\/\/api.w.org\/{rel}","templated":true}]}}