{"id":128771,"date":"2026-04-19T05:27:33","date_gmt":"2026-04-19T05:27:33","guid":{"rendered":"https:\/\/pressactu.com\/?p=128771"},"modified":"2026-04-19T05:27:33","modified_gmt":"2026-04-19T05:27:33","slug":"apres-trois-ans-de-chantier-fantome-a-quoi-ressemblera-le-futur-etablissement-qui-accueille-des-personnes-agees-a-cahors","status":"publish","type":"post","link":"https:\/\/pressactu.com\/?p=128771","title":{"rendered":"Apr\u00e8s trois ans de chantier fant\u00f4me, \u00e0 quoi ressemblera le futur \u00e9tablissement qui accueille des personnes \u00e2g\u00e9es \u00e0 Cahors"},"content":{"rendered":"<p>\n                                                                    <span class=\"article-full__chapo-label hide-on-small-only\">l&#8217;essentiel<\/span><br \/>\n                                                                Apr\u00e8s plus de trois ans d\u2019arr\u00eat, le chantier de l\u2019Ehpad Emeis \u00e0 Cahors red\u00e9marre officiellement. La pose symbolique de la premi\u00e8re pierre relance un projet tr\u00e8s attendu.\n                            <\/p>\n<div rel=\"js-article-content\" data-state=\"fixed-height\" data-selection=\"disabled\">\n                                                                                                                            <!-- Pub DFP Position [outstream] --><\/p>\n<p>Apr\u00e8s l\u2019arr\u00eat brutal des travaux, le chantier de l\u2019Ehpad du groupe <span class=\"align-baseline cursor-pointer entity-underline hover:entity-accent inline\"><span class=\"whitespace-normal\">Emeis<\/span><\/span>, anciennement <span class=\"align-baseline cursor-pointer entity-underline hover:entity-accent inline\"><span class=\"whitespace-normal\">Orpea<\/span><\/span>, franchit une nouvelle \u00e9tape \u00e0 <span class=\"align-baseline cursor-pointer entity-underline hover:entity-accent inline\"><span class=\"whitespace-normal\">Cahors<\/span><\/span>. Ce vendredi 17\u00a0avril 2026, une c\u00e9r\u00e9monie symbolique de pose de la premi\u00e8re pierre a marqu\u00e9 la relance officielle d\u2019un projet tr\u00e8s attendu.<\/p>\n<p><!-- Pub DFP Position [article] --><\/p>\n<div class=\"center-align\" rel=\"js-article-inline-img\" data-protec-aida=\"image\">\n<figure class=\"std-img\" data-src=\"https:\/\/images.ladepeche.fr\/api\/v1\/images\/view\/69c50bccde0699715406e204\/original\/image.jpg?v=1\">\n        <img decoding=\"async\" class=\"std-img__img responsive-img\" src=\"http:\/\/pressactu.com\/wp-content\/uploads\/2026\/04\/1776576452_769_image.jpg?v=1\" alt=\"le chantier avant la reprise des travaux\"\/><figcaption class=\"article-full__media-infos\">\n                <span class=\"article-full__media-legend\">le chantier avant la reprise des travaux<\/span><br \/>\n                                    <span class=\"article-full__media-author\">DDM archives<\/span><br \/>\n                            <\/figcaption><\/figure>\n<\/div>\n<p>Ces derni\u00e8res ann\u00e9es, il \u00e9tait impossible de passer devant l\u2019avenue du 7e r\u00e9giment d\u2019infanterie sans remarquer l\u2019\u00e9tat du site\u00a0: blocs de b\u00e9ton tagu\u00e9s, d\u00e9but de fondations en ruines, ferrailles apparentes, v\u00e9g\u00e9tation envahissante et gravats rappelaient l\u2019arr\u00eat brutal d\u2019un chantier lanc\u00e9 en d\u00e9cembre\u00a02021. En effet, ce site\u00a0devait remplacer l\u2019actuelle structure Orpea situ\u00e9e quai Champollion.\u00a0Mais d\u00e8s octobre\u00a02022, les travaux avaient \u00e9t\u00e9 suspendus apr\u00e8s la faillite de l\u2019entreprise de construction Giesper, dans un contexte d\u00e9j\u00e0 fragilis\u00e9 par la hausse du co\u00fbt des mat\u00e9riaux. \u00c0 cela s\u2019\u00e9tait ajout\u00e9e la crise\u00a0d\u2019Orpea provoqu\u00e9e par une enqu\u00eate journalistique, en 2022, pointant les maltraitances commises sur les r\u00e9sidents dans diff\u00e9rents lieux appartenant au\u00a0groupe. Suite \u00e0 cette affaire, le nom Emeis est n\u00e9.\u00a0Pendant plus de trois\u00a0ans, le chantier \u00e9tait devenu, un symbole de stagnation urbaine autant qu\u2019une source d\u2019inqui\u00e9tude pour les riverrains quant \u00e0 l\u2019avenir du projet qui n\u2019avan\u00e7ait pas.<\/p>\n<p class=\"std-elt__inline\">\n        <strong>\u00c0 lire aussi :<\/strong><br \/>\n        <a href=\"\/2024\/09\/19\/site-fantome-chantier-a-labandon-depuis-2022-scandale-orpea-la-construction-dune-maison-de-retraite-va-enfin-reprendre-a-cahors-12205659.php\">Site fant\u00f4me, chantier \u00e0 l\u2019abandon depuis 2022, scandale Orp\u00e9a\u00a0: la construction d\u2019une maison de retraite va enfin reprendre \u00e0 Cahors<\/a>\n    <\/p>\n<h2 class=\"txt-int\">&#8220;C\u2019est une satisfaction que ce projet soit relanc\u00e9&#8221;<\/h2>\n<p>La c\u00e9r\u00e9monie organis\u00e9e ce vendredi marque donc un tournant. &#8220;C\u2019est une satisfaction que ce projet soit relanc\u00e9, et plus largement une satisfaction pour les Cadurciens&#8221;, a soulign\u00e9 le maire, <span class=\"align-baseline cursor-pointer entity-underline hover:entity-accent inline\"><span class=\"whitespace-normal\">Vivien Coste<\/span><\/span>. Selon lui, ce futur \u00e9tablissement &#8220;va am\u00e9liorer le paysage urbain tout en r\u00e9pondant aux enjeux du vieillissement de la population lotoise en s\u00e9curisant l\u2019accueil des a\u00een\u00e9s&#8221;.<\/p>\n<div class=\"center-align\" rel=\"js-article-inline-img\" data-protec-aida=\"image\">\n<figure class=\"std-img\" data-src=\"https:\/\/images.ladepeche.fr\/api\/v1\/images\/view\/69e234ba0ace750ac60b6f82\/original\/image.jpg?v=1\">\n        <img decoding=\"async\" class=\"std-img__img responsive-img\" src=\"http:\/\/pressactu.com\/wp-content\/uploads\/2026\/04\/1776576453_640_image.jpg?v=1\" alt=\"Le maire Vivien Coste a pos\u00e9 la premi\u00e8re pierre du chantier.\"\/><figcaption class=\"article-full__media-infos\">\n                <span class=\"article-full__media-legend\">Le maire Vivien Coste a pos\u00e9 la premi\u00e8re pierre du chantier.<\/span><br \/>\n                                    <span class=\"article-full__media-author\">DDM &#8211; Paul Crouzet<\/span><br \/>\n                            <\/figcaption><\/figure>\n<\/div>\n<p>Le futur Ehpad comptera 89 lits r\u00e9partis sur deux \u00e9tages et un parking de 27 places, comme initialement pr\u00e9vu. Le projet a toutefois \u00e9t\u00e9 tr\u00e8s l\u00e9g\u00e8rement r\u00e9adapt\u00e9\u00a0: une partie initialement b\u00e2tie sera transform\u00e9e en espace vert, tandis que la zone pr\u00e9vue pour le parking accueillera finalement des bureaux.\u00a0&#8220;Aujourd\u2019hui, nous relan\u00e7ons concr\u00e8tement un site de pr\u00e8s de 4\u00a0500 m\u00b2&#8221;, a pr\u00e9cis\u00e9 <span class=\"align-baseline cursor-pointer entity-underline hover:entity-accent inline\"><span class=\"whitespace-normal\">Leonard Addesso<\/span><\/span>, directeur de la construction du groupe Emeis, confirmant la reprise progressive des op\u00e9rations.\u00a0La poursuite du chantier sera assur\u00e9e par l\u2019entreprise ETC Construction qui n\u2019en est pas \u00e0 son coup d\u2019essai \u00e0 Cahors.\u00a0Le calendrier pr\u00e9cis du chantier doit \u00eatre communiqu\u00e9 dans les prochaines semaines.<\/p>\n<div class=\"center-align\" rel=\"js-article-inline-img\" data-protec-aida=\"image\">\n<figure class=\"std-img\" data-src=\"https:\/\/images.ladepeche.fr\/api\/v1\/images\/view\/69e234cb4f454eb1e00786aa\/original\/image.jpg?v=1\">\n        <img decoding=\"async\" class=\"std-img__img responsive-img\" src=\"http:\/\/pressactu.com\/wp-content\/uploads\/2026\/04\/1776576453_90_image.jpg?v=1\" alt=\"Les investisseurs devant le chantier.\"\/><figcaption class=\"article-full__media-infos\">\n                <span class=\"article-full__media-legend\">Les investisseurs devant le chantier.<\/span><br \/>\n                                    <span class=\"article-full__media-author\">DDM &#8211; Paul Crouzet<\/span><br \/>\n                            <\/figcaption><\/figure>\n<\/div>\n<p>Le financement repose sur un montage associant <span class=\"align-baseline cursor-pointer entity-underline hover:entity-accent inline\"><span class=\"whitespace-normal\">Banque des Territoires<\/span><\/span> et <span class=\"align-baseline cursor-pointer entity-underline hover:entity-accent inline\"><span class=\"whitespace-normal\">GL partners<\/span><\/span>, respectivement \u00e0 hauteur de 49\u00a0% et 51\u00a0% dans le cadre d\u2019une op\u00e9ration en VEFA (vente en l\u2019\u00e9tat futur d\u2019ach\u00e8vement). La Banque des Territoires mobilise notamment 2,7\u00a0millions d\u2019euros de fonds propres, compl\u00e9t\u00e9s par 6,4\u00a0millions d\u2019euros de pr\u00eat accord\u00e9s par <span class=\"align-baseline cursor-pointer entity-underline hover:entity-accent inline\"><span class=\"whitespace-normal\">la Banque Postale<\/span><\/span>, soit un engagement global de 9,1\u00a0millions d\u2019euros.\u00a0Premier Ehpad priv\u00e9 du d\u00e9partement soutenu par la Banque des Territoires, l\u2019\u00e9tablissement doit \u00e0 terme prendre le relais de la structure actuelle quai Champollion.<\/p>\n<\/p><\/div>\n<p><a href=\"https:\/\/www.ladepeche.fr\/2026\/04\/18\/apres-trois-ans-de-chantier-fantome-a-quoi-ressemblera-le-futur-etablissement-qui-accueille-des-personnes-agees-a-cahors-13330724.php\">source<\/a><\/p>\n","protected":false},"excerpt":{"rendered":"<p>l&#8217;essentiel Apr\u00e8s plus de trois ans d\u2019arr\u00eat, le chantier de l\u2019Ehpad Emeis \u00e0 Cahors red\u00e9marre officiellement. La pose symbolique de la premi\u00e8re pierre relance un projet tr\u00e8s attendu. Apr\u00e8s l\u2019arr\u00eat brutal des travaux, le chantier de l\u2019Ehpad du groupe Emeis, anciennement Orpea, franchit une nouvelle \u00e9tape \u00e0 Cahors. Ce vendredi 17\u00a0avril 2026, une c\u00e9r\u00e9monie symbolique [&hellip;]<\/p>\n","protected":false},"author":1,"featured_media":128772,"comment_status":"open","ping_status":"open","sticky":false,"template":"","format":"standard","meta":{"_monsterinsights_skip_tracking":false,"_monsterinsights_sitenote_active":false,"_monsterinsights_sitenote_note":"","_monsterinsights_sitenote_category":0,"footnotes":""},"categories":[74],"tags":[],"coauthors":[77],"class_list":["post-128771","post","type-post","status-publish","format-standard","has-post-thumbnail","hentry","category-economie"],"aioseo_notices":[],"_links":{"self":[{"href":"https:\/\/pressactu.com\/index.php?rest_route=\/wp\/v2\/posts\/128771","targetHints":{"allow":["GET"]}}],"collection":[{"href":"https:\/\/pressactu.com\/index.php?rest_route=\/wp\/v2\/posts"}],"about":[{"href":"https:\/\/pressactu.com\/index.php?rest_route=\/wp\/v2\/types\/post"}],"author":[{"embeddable":true,"href":"https:\/\/pressactu.com\/index.php?rest_route=\/wp\/v2\/users\/1"}],"replies":[{"embeddable":true,"href":"https:\/\/pressactu.com\/index.php?rest_route=%2Fwp%2Fv2%2Fcomments&post=128771"}],"version-history":[{"count":0,"href":"https:\/\/pressactu.com\/index.php?rest_route=\/wp\/v2\/posts\/128771\/revisions"}],"wp:featuredmedia":[{"embeddable":true,"href":"https:\/\/pressactu.com\/index.php?rest_route=\/wp\/v2\/media\/128772"}],"wp:attachment":[{"href":"https:\/\/pressactu.com\/index.php?rest_route=%2Fwp%2Fv2%2Fmedia&parent=128771"}],"wp:term":[{"taxonomy":"category","embeddable":true,"href":"https:\/\/pressactu.com\/index.php?rest_route=%2Fwp%2Fv2%2Fcategories&post=128771"},{"taxonomy":"post_tag","embeddable":true,"href":"https:\/\/pressactu.com\/index.php?rest_route=%2Fwp%2Fv2%2Ftags&post=128771"},{"taxonomy":"author","embeddable":true,"href":"https:\/\/pressactu.com\/index.php?rest_route=%2Fwp%2Fv2%2Fcoauthors&post=128771"}],"curies":[{"name":"wp","href":"https:\/\/api.w.org\/{rel}","templated":true}]}}