{"id":124754,"date":"2026-03-15T15:35:39","date_gmt":"2026-03-15T15:35:39","guid":{"rendered":"https:\/\/pressactu.com\/?p=124754"},"modified":"2026-03-15T15:35:39","modified_gmt":"2026-03-15T15:35:39","slug":"en-images-cest-extraordinaire-des-milliers-de-personnes-et-une-energie-survitaminee-pour-celebrer-le-carnaval-dans-la-ville-rose","status":"publish","type":"post","link":"https:\/\/pressactu.com\/?p=124754","title":{"rendered":"EN IMAGES. &quot;C\u2019est extraordinaire&quot;\u00a0: des milliers de personnes et une \u00e9nergie survitamin\u00e9e pour c\u00e9l\u00e9brer le carnaval dans la Ville rose"},"content":{"rendered":"<p>\n                                                                    <span class=\"article-full__chapo-label hide-on-small-only\">l&#8217;essentiel<\/span><br \/>\n                                                                Entre chars majestueux, troupes antillaises survolt\u00e9es et spectateurs costum\u00e9s, des milliers de Toulousains ont brav\u00e9 la fra\u00eecheur nocturne pour prendre part \u00e0 la liesse populaire.\n                            <\/p>\n<div rel=\"js-article-content\" data-state=\"fixed-height\" data-selection=\"disabled\">\n                                                                                                                                                            <!-- Pub DFP Position [outstream] --><\/p>\n<p>Ce samedi soir, le c\u0153ur de la Ville rose a battu au rythme des percussions et des confettis. Entre tradition et explosion de couleurs tropicales, le carnaval de Toulouse a rassembl\u00e9 des milliers de participants dans une communion festive o\u00f9 la barri\u00e8re entre spectateurs et acteurs s\u2019est joyeusement \u00e9vapor\u00e9e.<\/p>\n<p><!-- Pub DFP Position [article] --><\/p>\n<div class=\"center-align\" rel=\"js-article-inline-img\" data-protec-aida=\"image\">\n<figure class=\"std-img\" data-src=\"https:\/\/images.ladepeche.fr\/api\/v1\/images\/view\/69b5d004980f5a2ced0684b0\/original\/image.jpg?v=1\">\n        <img decoding=\"async\" class=\"std-img__img responsive-img\" src=\"http:\/\/pressactu.com\/wp-content\/uploads\/2026\/03\/1773588937_38_image.jpg?v=1\" alt=\"Les danseurs ont emport\u00e9 les Toulousains sur leurs rythmes entra\u00eenants.\"\/><figcaption class=\"article-full__media-infos\">\n                <span class=\"article-full__media-legend\">Les danseurs ont emport\u00e9 les Toulousains sur leurs rythmes entra\u00eenants.<\/span><br \/>\n                                    <span class=\"article-full__media-author\">DDM, &#8211; Fr\u00e9d\u00e9ric Scheiber.<\/span><br \/>\n                            <\/figcaption><\/figure>\n<\/div>\n<p>D\u00e8s les rames de m\u00e9tro, le ton \u00e9tait donn\u00e9. Point de passagers ordinaires ici, mais des lions en baskets, des f\u00e9es \u00e0 paillettes et des cr\u00e9atures gothiques grimpant les marches quatre \u00e0 quatre.<\/p>\n<blockquote data-instgrm-captioned=\"\" data-instgrm-permalink=\"https:\/\/www.instagram.com\/reel\/DV4Jo1ZAubQ\/?utm_source=ig_embed&amp;utm_campaign=loading\" data-instgrm-version=\"14\" style=\" background:#FFF; border:0; border-radius:3px; box-shadow:0 0 1px 0 rgba(0,0,0,0.5),0 1px 10px 0 rgba(0,0,0,0.15); margin: 1px; max-width:540px; min-width:326px; padding:0; width:99.375%; width:-webkit-calc(100% - 2px); width:calc(100% - 2px);\" data-class=\"instagram-media\"\/>\n<p>L\u2019impatience \u00e9tait palpable avant m\u00eame d\u2019atteindre le boulevard de Strasbourg, \u00e9picentre d\u2019une f\u00eate attendue par toute une ville, \u00e0 en juger par le nombre de personnes rassembl\u00e9es sur les trottoirs. Le coup d\u2019envoi officiel a \u00e9t\u00e9 marqu\u00e9 par un geste symbolique\u00a0: la remise des clefs de la cit\u00e9 \u00e0 Hamza, figure de proue de cette \u00e9dition, tout de bleu v\u00eatu.<\/p>\n<div class=\"center-align\" rel=\"js-article-inline-img\" data-protec-aida=\"image\">\n<figure class=\"std-img\" data-src=\"https:\/\/images.ladepeche.fr\/api\/v1\/images\/view\/69b5cce450815ebeb20f4021\/original\/image.jpg?v=1\">\n        <img decoding=\"async\" class=\"std-img__img responsive-img\" src=\"http:\/\/pressactu.com\/wp-content\/uploads\/2026\/03\/1773588937_577_image.jpg?v=1\" alt=\"Les danseurs ont emport\u00e9 les Toulousains sur leurs rythmes entra\u00eenants.\"\/><figcaption class=\"article-full__media-infos\">\n                <span class=\"article-full__media-legend\">Les danseurs ont emport\u00e9 les Toulousains sur leurs rythmes entra\u00eenants.<\/span><br \/>\n                                    <span class=\"article-full__media-author\">DDM, &#8211; Fr\u00e9d\u00e9ric Scheiber.<\/span><br \/>\n                            <\/figcaption><\/figure>\n<\/div>\n<h2 class=\"txt-int\" data-path-to-node=\"18\">Un voyage sensoriel<\/h2>\n<p data-path-to-node=\"19\">Ce fut alors un d\u00e9ferlement de vitalit\u00e9. La batucada Alkiminia<em data-index-in-node=\"53\" data-path-to-node=\"19\"> <\/em>a ouvert la voie, ses tambours jaunes faisant vibrer le bitume sur des rythmes samba-reggae. Dans leur sillage, des \u00e9toiles de mer et les danseuses survolt\u00e9es de Twopikal All Stars ont transport\u00e9 Toulouse vers les latitudes br\u00e9siliennes.<\/p>\n<div class=\"center-align\" rel=\"js-article-inline-img\" data-protec-aida=\"image\">\n<figure class=\"std-img\" data-src=\"https:\/\/images.ladepeche.fr\/api\/v1\/images\/view\/69b5cd3e9f237c6a09024ca0\/original\/image.jpg?v=1\">\n        <img decoding=\"async\" class=\"std-img__img responsive-img\" src=\"http:\/\/pressactu.com\/wp-content\/uploads\/2026\/03\/1773588938_585_image.jpg?v=1\" alt=\"Tous les types de costumes \u00e9taient de sortie.\"\/><figcaption class=\"article-full__media-infos\">\n                <span class=\"article-full__media-legend\">Tous les types de costumes \u00e9taient de sortie.<\/span><br \/>\n                                    <span class=\"article-full__media-author\">DDM, &#8211; Fr\u00e9d\u00e9ric Scheiber.<\/span><br \/>\n                            <\/figcaption><\/figure>\n<\/div>\n<p data-path-to-node=\"20\">Le char de\u00a0Yemaya, majestueuse \u00e9vocation des oc\u00e9ans, a fendu la foule sous une pluie de confettis. Le contraste \u00e9tait saisissant avec la troupe suivante\u00a0: des silhouettes aux habits \u00e9lim\u00e9s faisant claquer des cordes dans une brume envo\u00fbtante, suivies de pr\u00e8s par l\u2019\u00e9nergie &#8220;survitamin\u00e9e&#8221; des Antillo-Guyanaises de\u00a0Kann\u2019a Vaval,<em data-index-in-node=\"312\" data-path-to-node=\"20\"> <\/em>toutes de rouge v\u00eatues, acclam\u00e9es par les spectateurs.<\/p>\n<h2 class=\"txt-int\" data-path-to-node=\"20\">La magie op\u00e8re<\/h2>\n<p>Ce qu\u2019il y a de bien avec le carnaval, c\u2019est que le spectacle est autant sur la piste centrale que dans les rangs des spectateurs.\u00a0&#8220;C\u2019est la premi\u00e8re fois qu\u2019on fait un carnaval nocturne, c\u2019est extraordinaire\u00a0!&#8221;, s\u2019exclament Caroline et Sandra, reconnaissables \u00e0 leurs perruques roses. La magie op\u00e8re surtout dans cette mixit\u00e9\u00a0: ici, Lohan et son fils Dino, costum\u00e9s en lion et en printemps, savourent le spectacle\u00a0; l\u00e0, Marl\u00e8ne, chapka fuchsia viss\u00e9e sur la t\u00eate, savoure le retour de l\u2019\u00e9v\u00e9nement en famille, malgr\u00e9 la fra\u00eecheur printani\u00e8re.<\/p>\n<div class=\"center-align\" rel=\"js-article-inline-img\" data-protec-aida=\"image\">\n<figure class=\"std-img\" data-src=\"https:\/\/images.ladepeche.fr\/api\/v1\/images\/view\/69b5cd4af9bac8ed3a0758c0\/original\/image.jpg?v=1\">\n        <img decoding=\"async\" class=\"std-img__img responsive-img\" src=\"http:\/\/pressactu.com\/wp-content\/uploads\/2026\/03\/1773588938_645_image.jpg?v=1\" alt=\"Cette V\u00e9nitienne n\u2019est pas pass\u00e9e inaper\u00e7ue.\"\/><figcaption class=\"article-full__media-infos\">\n                <span class=\"article-full__media-legend\">Cette V\u00e9nitienne n\u2019est pas pass\u00e9e inaper\u00e7ue.<\/span><br \/>\n                                    <span class=\"article-full__media-author\">DDM, &#8211; Fr\u00e9d\u00e9ric Scheiber.<\/span><br \/>\n                            <\/figcaption><\/figure>\n<\/div>\n<p data-path-to-node=\"23\">Pour Soren, dix ans, l\u2019\u00e9merveillement est total devant l\u2019immensit\u00e9 du cort\u00e8ge. Pour son p\u00e8re, lui-m\u00eame coiff\u00e9 d\u2019un postiche color\u00e9, c\u2019est aussi un moment de transmission. &#8220;C\u2019est bien pour l\u2019apprentissage des enfants&#8221;, confie-t-il. M\u00eame ceux venus sans d\u00e9guisement, comme Isabelle, se laissent happer par l\u2019ambiance\u00a0: &#8220;La musique est trop entra\u00eenante, je n\u2019en perds pas une miette&#8221;, glisse-t-elle.<\/p>\n<div class=\"center-align\" rel=\"js-article-inline-img\" data-protec-aida=\"image\">\n<figure class=\"std-img\" data-src=\"https:\/\/images.ladepeche.fr\/api\/v1\/images\/view\/69b5d008730fde769d011772\/original\/image.jpg?v=1\">\n        <img decoding=\"async\" class=\"std-img__img responsive-img\" src=\"http:\/\/pressactu.com\/wp-content\/uploads\/2026\/03\/1773588938_623_image.jpg?v=1\" alt=\"Les danseurs ont emport\u00e9 les Toulousains sur leurs rythmes entra\u00eenants.\"\/><figcaption class=\"article-full__media-infos\">\n                <span class=\"article-full__media-legend\">Les danseurs ont emport\u00e9 les Toulousains sur leurs rythmes entra\u00eenants.<\/span><br \/>\n                                    <span class=\"article-full__media-author\">DDM, &#8211; Fr\u00e9d\u00e9ric Scheiber.<\/span><br \/>\n                            <\/figcaption><\/figure>\n<\/div>\n<p data-path-to-node=\"24\">Alors que le thermom\u00e8tre affichait un timide 10\u00a0\u00b0C, la chaleur humaine et les d\u00e9cibels ont fini par r\u00e9chauffer les c\u0153urs. Entre les petits chats de la bande d\u2019Elisa et les percussions fr\u00e9n\u00e9tiques, Toulouse a prouv\u00e9 que son carnaval reste ce qu\u2019il est par essence\u00a0: un espace de libert\u00e9 absolue et un rempart contre la grisaille.<\/p>\n<\/p><\/div>\n<p><a href=\"https:\/\/www.ladepeche.fr\/2026\/03\/14\/en-images-cest-extraordinaire-des-milliers-de-personnes-et-une-energie-survitaminee-pour-celebrer-le-carnaval-dans-la-ville-rose-13272440.php\">source<\/a><\/p>\n","protected":false},"excerpt":{"rendered":"<p>l&#8217;essentiel Entre chars majestueux, troupes antillaises survolt\u00e9es et spectateurs costum\u00e9s, des milliers de Toulousains ont brav\u00e9 la fra\u00eecheur nocturne pour prendre part \u00e0 la liesse populaire. Ce samedi soir, le c\u0153ur de la Ville rose a battu au rythme des percussions et des confettis. Entre tradition et explosion de couleurs tropicales, le carnaval de Toulouse [&hellip;]<\/p>\n","protected":false},"author":1,"featured_media":124755,"comment_status":"open","ping_status":"open","sticky":false,"template":"","format":"standard","meta":{"_monsterinsights_skip_tracking":false,"_monsterinsights_sitenote_active":false,"_monsterinsights_sitenote_note":"","_monsterinsights_sitenote_category":0,"footnotes":""},"categories":[1],"tags":[],"coauthors":[77],"class_list":["post-124754","post","type-post","status-publish","format-standard","has-post-thumbnail","hentry","category-a-la-une"],"aioseo_notices":[],"_links":{"self":[{"href":"https:\/\/pressactu.com\/index.php?rest_route=\/wp\/v2\/posts\/124754","targetHints":{"allow":["GET"]}}],"collection":[{"href":"https:\/\/pressactu.com\/index.php?rest_route=\/wp\/v2\/posts"}],"about":[{"href":"https:\/\/pressactu.com\/index.php?rest_route=\/wp\/v2\/types\/post"}],"author":[{"embeddable":true,"href":"https:\/\/pressactu.com\/index.php?rest_route=\/wp\/v2\/users\/1"}],"replies":[{"embeddable":true,"href":"https:\/\/pressactu.com\/index.php?rest_route=%2Fwp%2Fv2%2Fcomments&post=124754"}],"version-history":[{"count":0,"href":"https:\/\/pressactu.com\/index.php?rest_route=\/wp\/v2\/posts\/124754\/revisions"}],"wp:featuredmedia":[{"embeddable":true,"href":"https:\/\/pressactu.com\/index.php?rest_route=\/wp\/v2\/media\/124755"}],"wp:attachment":[{"href":"https:\/\/pressactu.com\/index.php?rest_route=%2Fwp%2Fv2%2Fmedia&parent=124754"}],"wp:term":[{"taxonomy":"category","embeddable":true,"href":"https:\/\/pressactu.com\/index.php?rest_route=%2Fwp%2Fv2%2Fcategories&post=124754"},{"taxonomy":"post_tag","embeddable":true,"href":"https:\/\/pressactu.com\/index.php?rest_route=%2Fwp%2Fv2%2Ftags&post=124754"},{"taxonomy":"author","embeddable":true,"href":"https:\/\/pressactu.com\/index.php?rest_route=%2Fwp%2Fv2%2Fcoauthors&post=124754"}],"curies":[{"name":"wp","href":"https:\/\/api.w.org\/{rel}","templated":true}]}}