{"id":124745,"date":"2026-03-15T15:15:26","date_gmt":"2026-03-15T15:15:26","guid":{"rendered":"https:\/\/pressactu.com\/?p=124745"},"modified":"2026-03-15T15:15:26","modified_gmt":"2026-03-15T15:15:26","slug":"quand-latelier-chantier-les-rayonnants-remet-en-selle","status":"publish","type":"post","link":"https:\/\/pressactu.com\/?p=124745","title":{"rendered":"Quand l\u2019atelier chantier Les Rayonnants remet en selle"},"content":{"rendered":"<p>\n                                                                    <span class=\"article-full__chapo-label hide-on-small-only\">l&#8217;essentiel<\/span><br \/>\n                                                                Lors des portes ouvertes du campus Saint-Lubin, l\u2019atelier d\u2019insertion Les Rayonnants a pr\u00e9sent\u00e9 son r\u00f4le dans la gestion des v\u00e9los r\u00e9gionaux et mis en avant son action sociale et \u00e9cologique.\n                            <\/p>\n<div rel=\"js-article-content\">\n                                                                                                                                                            <!-- Pub DFP Position [outstream] --><\/p>\n<p>\u00c0 l\u2019occasion des portes ouvertes organis\u00e9es samedi matin au campus Saint-Lubin des Apprentis d\u2019Auteuil de Caussade, l\u2019atelier et chantier d\u2019insertion Les Rayonnants pr\u00e9sentait un exemplaire des v\u00e9los mis \u00e0 disposition par la R\u00e9gion Occitanie, destin\u00e9s aux lyc\u00e9ens comme aux voyageurs abonn\u00e9s liO train.<\/p>\n<p><!-- Pub DFP Position [article] --><\/p>\n<p><iframe width=\"600\" height=\"450\" style=\"border:0;\" allowfullscreen=\"\" loading=\"lazy\" referrerpolicy=\"no-referrer-when-downgrade\" data-src=\"https:\/\/www.google.com\/maps\/embed?pb=!1m18!1m12!1m3!1d91595.73281321075!2d1.4600109029695496!3d44.15830197053372!2m3!1f0!2f0!3f0!3m2!1i1024!2i768!4f13.1!3m3!1m2!1s0x12ac418b0b1a9a93%3A0x406f69c2f3bda90!2s82300%20Caussade!5e0!3m2!1sfr!2sfr!4v1773498916991!5m2!1sfr!2sfr\"><\/iframe><\/p>\n<p>Outre les centaines de v\u00e9los mis \u00e0 disposition dans les lyc\u00e9es d\u2019Occitanie, dont le lyc\u00e9e Claude-Nougaro de Caussade, la R\u00e9gion Occitanie propose en effet aux abonn\u00e9s liO train un service de location de v\u00e9los de longue dur\u00e9e, assortie d\u2019une solution de stationnement s\u00e9curis\u00e9. Dans ce cadre, elle a charg\u00e9 le campus Saint-Lubin d\u2019assurer la livraison et la maintenance des v\u00e9los m\u00e9caniques et \u00e9lectriques, notamment dans les gares de Montauban, Montbartier, Dieupentale, Castelnau-d\u2019Estr\u00e9tefonds, Grisolles et Saint-Jory.<\/p>\n<p>Il faut savoir que l\u2019atelier des Rayonnants a d\u00e9velopp\u00e9 un solide savoir-faire en mati\u00e8re de deux-roues, gr\u00e2ce \u00e0 des \u00e9quipements de haute technologie comme le thermolaquage, le sablage, le flocage personnalis\u00e9 sur v\u00e9lo et v\u00eatement, l\u2019impression en 3D de petites pi\u00e8ces d\u00e9tach\u00e9es comme les p\u00e9dales, par exemple, au rythme de 400 \u00e0 500 v\u00e9los recycl\u00e9s sur une ann\u00e9e. Cet atelier, \u00e0 travers l\u2019\u00e9cologie et la mobilit\u00e9, permet de remobiliser des personnes \u00e9loign\u00e9es de l\u2019emploi, gr\u00e2ce \u00e0 la valorisation des acquis en comp\u00e9tences transf\u00e9rables et transversales. Lors de ces portes ouvertes, les visiteurs ont \u00e9galement pu profiter de la grande braderie de v\u00e9los recycl\u00e9s par les \u00e9l\u00e8ves du chantier d\u2019insertion.<\/p>\n<h2 class=\"txt-int\">Les 160 ans des Apprentis d\u2019Auteuil<\/h2>\n<p>La semaine prochaine, une d\u00e9l\u00e9gation de 11 personnes du campus Saint-Lubin se rendra \u00e0 Paris pour y rejoindre les 3\u00a0000 coll\u00e8gues r\u00e9unis pour c\u00e9l\u00e9brer les 160 ans des Apprentis d\u2019Auteuil, avec notamment un passage \u00e0 la cath\u00e9drale Notre-Dame et au premier \u00e9tablissement cr\u00e9\u00e9 \u00e0 Auteuil. Une seconde journ\u00e9e portes ouvertes aura lieu le samedi 11\u00a0avril. L\u2019\u00e9tablissement propose des formations en voie scolaire ou en apprentissage en m\u00e9tallerie, soudure, installation de menuiseries, maintenance du b\u00e2timent et r\u00e9paration de cycles.<\/p>\n<h2 class=\"titre\">Louis Parkers a pu se r\u00e9ins\u00e9rer dans la vie active<\/h2>\n<p>Sur le chantier d\u2019insertion Les Rayonnants qui propose une r\u00e9insertion professionnelle par la r\u00e9paration de cycles \u00e0 des adultes fragilis\u00e9s, Louis Parkers a tenu \u00e0 venir apporter son t\u00e9moignage. N\u00e9 d\u2019un p\u00e8re anglais et d\u2019une m\u00e8re fran\u00e7aise, Louis est arriv\u00e9 en France \u00e0 l\u2019\u00e2ge de 10 ans. Apr\u00e8s avoir poursuivi des \u00e9tudes qui l\u2019ont amen\u00e9 jusqu\u2019au niveau Bac +\u00a02, il a observ\u00e9 une interruption professionnelle ce qui lui a permis de jouer \u00e0 fond son r\u00f4le de p\u00e8re au foyer. Mais cette interruption prolong\u00e9e a engendr\u00e9 pour lui des difficult\u00e9s \u00e0 retrouver ensuite un emploi. Sans permis de conduire et donc sans r\u00e9elle mobilit\u00e9, il s\u2019est vite senti en situation de d\u00e9tresse avec son statut de demandeur d\u2019emploi tr\u00e8s longue dur\u00e9e.<\/p>\n<div class=\"center-align\" rel=\"js-article-inline-img\" data-protec-aida=\"image\">\n<figure class=\"std-img\" data-src=\"https:\/\/images.ladepeche.fr\/api\/v1\/images\/view\/69b573663f437ace8700718c\/original\/image.jpg?v=1\">\n        <img decoding=\"async\" class=\"std-img__img responsive-img\" src=\"http:\/\/pressactu.com\/wp-content\/uploads\/2026\/03\/1773587726_331_image.jpg?v=1\" alt=\"Louis, \u00e0 droite, avec son formateur v\u00e9lo, Sylvain\"\/><figcaption class=\"article-full__media-infos\">\n                <span class=\"article-full__media-legend\">Louis, \u00e0 droite, avec son formateur v\u00e9lo, Sylvain<\/span><br \/>\n                                    <span class=\"article-full__media-author\">DDM &#8211; Jean-Marc Barloy<\/span><br \/>\n                            <\/figcaption><\/figure>\n<\/div>\n<p>Apr\u00e8s un passage dans l\u2019association Les Jardins des Gorges de l\u2019Aveyron, chantier d\u2019insertion par le mara\u00eechage biologique sur le territoire de la Communaut\u00e9 de communes Quercy-Rouergue-Gorges de l\u2019Aveyron, il d\u00e9couvre alors l\u2019existence du campus Saint-Lubin \u00e0 Caussade, qui lui propose de l\u2019int\u00e9grer au chantier des Rayonnants en 2023, puisqu\u2019il r\u00e9pond aux crit\u00e8res d\u2019admission.<\/p>\n<p>\u00c0 l\u2019issue de sa formation, en 2025, Louis d\u00e9cide alors de se lancer et de s\u2019installer \u00e0 son compte comme aide \u00e0 domicile, une activit\u00e9 qu\u2019il exercera d\u2019abord \u00e0 v\u00e9lo, comme il se doit, pour se rendre chez ses clients avant de passer enfin son permis de conduire et d\u2019acqu\u00e9rir un v\u00e9hicule. R\u00e9sidant \u00e0 Caussade dans le quartier de la gare, Louis propose d\u00e9sormais ses services d\u2019aide \u00e0 domicile dans un rayon de 30 \u00e0 40 kilom\u00e8tres autour de la cit\u00e9 du chapeau. On peut le contacter au 06\u00a083\u00a073\u00a005\u00a074. Reconnaissant envers ses formateurs qui l\u2019ont aid\u00e9 \u00e0 se remettre en selle, Louis est venu participer \u00e0 l\u2019op\u00e9ration portes ouvertes de ce samedi, heureux de retrouver les personnes qui lui ont permis de reprendre confiance en soi et de se r\u00e9ins\u00e9rer dans la vie active.<\/p>\n<\/p><\/div>\n<p><a href=\"https:\/\/www.ladepeche.fr\/2026\/03\/14\/quand-latelier-chantier-les-rayonnants-remet-en-selle-13272165.php\">source<\/a><\/p>\n","protected":false},"excerpt":{"rendered":"<p>l&#8217;essentiel Lors des portes ouvertes du campus Saint-Lubin, l\u2019atelier d\u2019insertion Les Rayonnants a pr\u00e9sent\u00e9 son r\u00f4le dans la gestion des v\u00e9los r\u00e9gionaux et mis en avant son action sociale et \u00e9cologique. \u00c0 l\u2019occasion des portes ouvertes organis\u00e9es samedi matin au campus Saint-Lubin des Apprentis d\u2019Auteuil de Caussade, l\u2019atelier et chantier d\u2019insertion Les Rayonnants pr\u00e9sentait un [&hellip;]<\/p>\n","protected":false},"author":1,"featured_media":124746,"comment_status":"open","ping_status":"open","sticky":false,"template":"","format":"standard","meta":{"_monsterinsights_skip_tracking":false,"_monsterinsights_sitenote_active":false,"_monsterinsights_sitenote_note":"","_monsterinsights_sitenote_category":0,"footnotes":""},"categories":[74],"tags":[],"coauthors":[77],"class_list":["post-124745","post","type-post","status-publish","format-standard","has-post-thumbnail","hentry","category-economie"],"aioseo_notices":[],"_links":{"self":[{"href":"https:\/\/pressactu.com\/index.php?rest_route=\/wp\/v2\/posts\/124745","targetHints":{"allow":["GET"]}}],"collection":[{"href":"https:\/\/pressactu.com\/index.php?rest_route=\/wp\/v2\/posts"}],"about":[{"href":"https:\/\/pressactu.com\/index.php?rest_route=\/wp\/v2\/types\/post"}],"author":[{"embeddable":true,"href":"https:\/\/pressactu.com\/index.php?rest_route=\/wp\/v2\/users\/1"}],"replies":[{"embeddable":true,"href":"https:\/\/pressactu.com\/index.php?rest_route=%2Fwp%2Fv2%2Fcomments&post=124745"}],"version-history":[{"count":0,"href":"https:\/\/pressactu.com\/index.php?rest_route=\/wp\/v2\/posts\/124745\/revisions"}],"wp:featuredmedia":[{"embeddable":true,"href":"https:\/\/pressactu.com\/index.php?rest_route=\/wp\/v2\/media\/124746"}],"wp:attachment":[{"href":"https:\/\/pressactu.com\/index.php?rest_route=%2Fwp%2Fv2%2Fmedia&parent=124745"}],"wp:term":[{"taxonomy":"category","embeddable":true,"href":"https:\/\/pressactu.com\/index.php?rest_route=%2Fwp%2Fv2%2Fcategories&post=124745"},{"taxonomy":"post_tag","embeddable":true,"href":"https:\/\/pressactu.com\/index.php?rest_route=%2Fwp%2Fv2%2Ftags&post=124745"},{"taxonomy":"author","embeddable":true,"href":"https:\/\/pressactu.com\/index.php?rest_route=%2Fwp%2Fv2%2Fcoauthors&post=124745"}],"curies":[{"name":"wp","href":"https:\/\/api.w.org\/{rel}","templated":true}]}}