{"id":124738,"date":"2026-03-15T13:34:49","date_gmt":"2026-03-15T13:34:49","guid":{"rendered":"https:\/\/pressactu.com\/?p=124738"},"modified":"2026-03-15T13:34:49","modified_gmt":"2026-03-15T13:34:49","slug":"aujourdhui-le-doute-pese-pourquoi-les-blaireaux-sont-cibles-par-un-arrete-prefectoral-dans-le-gers","status":"publish","type":"post","link":"https:\/\/pressactu.com\/?p=124738","title":{"rendered":"&quot;Aujourd\u2019hui, le doute p\u00e8se&quot;\u00a0: pourquoi les blaireaux sont cibl\u00e9s par un arr\u00eat\u00e9 pr\u00e9fectoral dans le Gers"},"content":{"rendered":"<p>\n                                                                    <span class=\"article-full__chapo-label hide-on-small-only\">l&#8217;essentiel<\/span><br \/>\n                                                                Un arr\u00eat\u00e9 pr\u00e9fectoral pr\u00e9voit dans le Gers des chasses particuli\u00e8res pour la capture de blaireaux dans les zones \u00e0 risque de tuberculose bovine. Des analyses sanitaires doivent permettre de mieux appr\u00e9hender la circulation de la maladie dans la faune sauvage et emp\u00eacher sa propagation.\n                            <\/p>\n<div rel=\"js-article-content\">\n                                                                                                                                                            <!-- Pub DFP Position [outstream] --><\/p>\n<p>Un texte qui\u00a0veut \u00eatre un nouvel outil dans la lutte contre la tuberculose bovine. Apr\u00e8s consultation du public, le pr\u00e9fet du Gers, Alain Castanier, a sign\u00e9, ce 9\u00a0mars, un <a href=\"https:\/\/www.gers.gouv.fr\/contenu\/telechargement\/45686\/333786\/file\/recueil-32-2026-047-recueil-des-actes-administratifs-special.pdf\" target=\"_blank\">arr\u00eat\u00e9 <\/a>qui\u00a0pr\u00e9voit la mise en place de chasses particuli\u00e8res visant la capture de blaireaux dans le d\u00e9partement, dans les zones class\u00e9es \u00e0 risque de tuberculose bovine (TB) pour la faune sauvage.<\/p>\n<p><!-- Pub DFP Position [article] --><\/p>\n<p>L\u2019objectif est de surveiller la pr\u00e9sence de la maladie et de &#8220;pr\u00e9venir la circulation de la tuberculose au sein des animaux de la faune sauvage.&#8221;<\/p>\n<p class=\"std-elt__inline\">\n        <strong>\u00c0 lire aussi :<\/strong><br \/>\n        <a href=\"\/2026\/01\/15\/tuberculose-bovine-apres-la-dermatose-quelle-est-cette-nouvelle-maladie-qui-fait-trembler-les-eleveurs-13161487.php\">Tuberculose bovine\u00a0: apr\u00e8s la dermatose, quelle est cette nouvelle maladie qui fait trembler les \u00e9leveurs\u00a0?<\/a>\n    <\/p>\n<p>Dans plusieurs avis, datant notamment de\u00a02011 et\u00a02019, cit\u00e9s par <a href=\"https:\/\/agriculture.gouv.fr\/les-enjeux-de-la-lutte-contre-la-tuberculose-bovine#section-7\" target=\"_blank\">le minist\u00e8re de l\u2019Agriculture<\/a>, l\u2019Agence nationale de s\u00e9curit\u00e9 sanitaire (Anses) met en avant le r\u00f4le de la faune sauvage dans la persistance de la maladie en France. Tous les ans, une centaine d\u2019\u00e9levages dans le pays sont touch\u00e9s par la tuberculose bovine, maladie transmissible \u00e0 l\u2019homme. Au-del\u00e0 des bovins, trois esp\u00e8ces sauvages sont consid\u00e9r\u00e9es comme impact\u00e9es par la TB\u00a0: les grands cervid\u00e9s, les sangliers et les blaireaux.<\/p>\n<h2 class=\"txt-int\">Risque de contamination<\/h2>\n<p>Le bovin est le seul r\u00e9servoir mais il peut contaminer les zones d\u2019abreuvement et d\u2019alimentation. Le blaireau et le sanglier peuvent alors se contaminer \u00e0 leur tour en venant s\u2019y abreuver et y manger.<\/p>\n<p>Une fois que la maladie est install\u00e9e entre ces deux esp\u00e8ces, elle se propage d\u2019individu en individu. Il existe ensuite, toujours selon le minist\u00e8re de l\u2019Agriculture, un possible effet &#8220;retour&#8221; vers les bovins, en &#8220;particulier \u00e0 partir des blaireaux dont certains, une fois infect\u00e9s, ont une forte capacit\u00e9 \u00e0 excr\u00e9ter la mycobact\u00e9rie.&#8221;<\/p>\n<h2 class=\"txt-int\">Capture et pr\u00e9l\u00e8vement<\/h2>\n<p>D\u2019o\u00f9 la n\u00e9cessit\u00e9, pour le pr\u00e9fet, d\u2019organiser des &#8220;chasses particuli\u00e8res sur tout ou partie du territoire d\u00e9partemental \u00e0 des fins de surveillance de la tuberculose bovine. Ces op\u00e9rations sont plac\u00e9es sous la responsabilit\u00e9 des lieutenants de louveterie&#8221;, assist\u00e9s de chasseurs ou de pi\u00e9geurs agr\u00e9\u00e9s. Elles se d\u00e9roulent autour des terriers situ\u00e9s \u00e0 proximit\u00e9 de p\u00e2tures ou d\u2019exploitations infect\u00e9es, ou dans des secteurs o\u00f9 la maladie a \u00e9t\u00e9 d\u00e9tect\u00e9e.<\/p>\n<p>L\u2019objectif, dans ces zones, est de r\u00e9aliser des captures afin de pr\u00e9lever des animaux pour effectuer des analyses sanitaires et ainsi mieux \u00e9valuer la circulation de la maladie. Les blaireaux retrouv\u00e9s morts, notamment sur la route, pourront \u00e9galement \u00eatre collect\u00e9s pour analyse.<\/p>\n<p class=\"std-elt__inline\">\n        <strong>\u00c0 lire aussi :<\/strong><br \/>\n        <a href=\"\/2026\/02\/05\/tuberculose-bovine-il-va-falloir-que-les-tests-a-lachat-deviennent-plus-systematiques-13209514.php\">Tuberculose bovine\u00a0: &#8220;Il va falloir que les tests \u00e0 l\u2019achat deviennent plus syst\u00e9matiques&#8221;<\/a>\n    <\/p>\n<p>Les captures peuvent se faire par pi\u00e9geage (cages ou collets r\u00e9glement\u00e9s) ou par tir. Le tir de jour est autoris\u00e9 \u00e0 partir du 15\u00a0mai jusqu\u2019\u00e0 la veille de l\u2019ouverture g\u00e9n\u00e9rale de la chasse, tandis que le tir de nuit est r\u00e9serv\u00e9 aux lieutenants de louveterie, avec des moyens d\u2019\u00e9clairage et apr\u00e8s information des autorit\u00e9s locales. En revanche, l\u2019utilisation de chiens est interdite dans ce dispositif.<\/p>\n<p>L\u2019arr\u00eat\u00e9 s\u2019applique \u00e0 partir de sa publication et pour une dur\u00e9e d\u2019un an, avec une suspension des pr\u00e9l\u00e8vements entre le 15\u00a0janvier et le 15\u00a0mai dans certaines zones de prospection. Il d\u00e9finit que les animaux captur\u00e9s doivent &#8220;\u00eatre imm\u00e9diatement mis \u00e0 mort, sans souffrance. [\u2026] Ils sont plac\u00e9s dans un sac et identifi\u00e9s par un num\u00e9ro unique.&#8221; Une fois identifi\u00e9s, ils sont achemin\u00e9s vers les laboratoires pour &#8220;n\u00e9cropsie et si n\u00e9cessaire pr\u00e9l\u00e8vement de n\u0153uds lymphatiques pour analyse par PCR ou bact\u00e9riologie.&#8221;<\/p>\n<h2 class=\"txt-int\">&#8220;Un sondage digne de ce nom&#8221;<\/h2>\n<p>Si le r\u00f4le du blaireau dans la propagation de la maladie n\u2019a pas \u00e9t\u00e9 d\u00e9montr\u00e9 avec certitude, ces mesures de chasse particuli\u00e8re pourraient permettre, pour le pr\u00e9sident du Groupement de d\u00e9fense sanitaire du Gers, Damien Latapie, de rassurer les \u00e9leveurs, en faisant &#8220;enfin un sondage digne de ce nom. Il y a encore trop peu de pr\u00e9l\u00e8vements dans le d\u00e9partement.&#8221;<\/p>\n<p>Actuellement, lorsqu\u2019un cas est d\u00e9tect\u00e9, comme\u00a0derni\u00e8rement dans le canton de Masseube, les enqu\u00eates \u00e9pid\u00e9miologiques montrent g\u00e9n\u00e9ralement que la maladie a \u00e9t\u00e9 import\u00e9e dans l\u2019\u00e9levage. &#8220;Mais il y a quand m\u00eame des doutes sur la faune sauvage, souligne Damien Latapie. Avec la multiplication des maladies (Maladie h\u00e9morragique \u00e9pizootique, Dermatose nodulaire contagieuse, NDLR), les \u00e9leveurs sont craintifs de nouvelles contaminations. Faire des pr\u00e9l\u00e8vements et r\u00e9aliser une cartographie montrant o\u00f9 des cas ont \u00e9t\u00e9 recens\u00e9s dans la faune sauvage permettrait de rassurer un peu.&#8221;<\/p>\n<p>Cette mesure pourrait permettre d\u2019\u00eatre &#8220;plus proactif dans la lutte contre la tuberculose bovine et d\u2019arr\u00eater d\u2019agir en pompier, estime Damien Latapie.\u00a0J\u2019aimerais que l\u2019on puisse dire, lorsqu\u2019il y a un nouveau cas d\u00e9tect\u00e9\u00a0: &#8216;Il n\u2019y a pas d\u2019analyse positive dans la faune sauvage, donc si vous avez une b\u00eate malade, il y a, par exemple, 90\u00a0% de chance que vous l\u2019ayez introduite&#8217;. Mais aujourd\u2019hui, comme il n\u2019y a pas de pr\u00e9l\u00e8vement dans la faune sauvage, il y a un doute. Et aujourd\u2019hui, le doute, il p\u00e8se.&#8221;<\/p>\n<\/p><\/div>\n<p><a href=\"https:\/\/www.ladepeche.fr\/2026\/03\/14\/aujourdhui-le-doute-pese-pourquoi-les-blaireaux-sont-cibles-par-un-arrete-prefectoral-dans-le-gers-13266453.php\">source<\/a><\/p>\n","protected":false},"excerpt":{"rendered":"<p>l&#8217;essentiel Un arr\u00eat\u00e9 pr\u00e9fectoral pr\u00e9voit dans le Gers des chasses particuli\u00e8res pour la capture de blaireaux dans les zones \u00e0 risque de tuberculose bovine. Des analyses sanitaires doivent permettre de mieux appr\u00e9hender la circulation de la maladie dans la faune sauvage et emp\u00eacher sa propagation. Un texte qui\u00a0veut \u00eatre un nouvel outil dans la lutte [&hellip;]<\/p>\n","protected":false},"author":1,"featured_media":124739,"comment_status":"open","ping_status":"open","sticky":false,"template":"","format":"standard","meta":{"_monsterinsights_skip_tracking":false,"_monsterinsights_sitenote_active":false,"_monsterinsights_sitenote_note":"","_monsterinsights_sitenote_category":0,"footnotes":""},"categories":[74],"tags":[],"coauthors":[77],"class_list":["post-124738","post","type-post","status-publish","format-standard","has-post-thumbnail","hentry","category-economie"],"aioseo_notices":[],"_links":{"self":[{"href":"https:\/\/pressactu.com\/index.php?rest_route=\/wp\/v2\/posts\/124738","targetHints":{"allow":["GET"]}}],"collection":[{"href":"https:\/\/pressactu.com\/index.php?rest_route=\/wp\/v2\/posts"}],"about":[{"href":"https:\/\/pressactu.com\/index.php?rest_route=\/wp\/v2\/types\/post"}],"author":[{"embeddable":true,"href":"https:\/\/pressactu.com\/index.php?rest_route=\/wp\/v2\/users\/1"}],"replies":[{"embeddable":true,"href":"https:\/\/pressactu.com\/index.php?rest_route=%2Fwp%2Fv2%2Fcomments&post=124738"}],"version-history":[{"count":0,"href":"https:\/\/pressactu.com\/index.php?rest_route=\/wp\/v2\/posts\/124738\/revisions"}],"wp:featuredmedia":[{"embeddable":true,"href":"https:\/\/pressactu.com\/index.php?rest_route=\/wp\/v2\/media\/124739"}],"wp:attachment":[{"href":"https:\/\/pressactu.com\/index.php?rest_route=%2Fwp%2Fv2%2Fmedia&parent=124738"}],"wp:term":[{"taxonomy":"category","embeddable":true,"href":"https:\/\/pressactu.com\/index.php?rest_route=%2Fwp%2Fv2%2Fcategories&post=124738"},{"taxonomy":"post_tag","embeddable":true,"href":"https:\/\/pressactu.com\/index.php?rest_route=%2Fwp%2Fv2%2Ftags&post=124738"},{"taxonomy":"author","embeddable":true,"href":"https:\/\/pressactu.com\/index.php?rest_route=%2Fwp%2Fv2%2Fcoauthors&post=124738"}],"curies":[{"name":"wp","href":"https:\/\/api.w.org\/{rel}","templated":true}]}}