{"id":124706,"date":"2026-03-15T05:03:30","date_gmt":"2026-03-15T05:03:30","guid":{"rendered":"https:\/\/pressactu.com\/?p=124706"},"modified":"2026-03-15T05:03:30","modified_gmt":"2026-03-15T05:03:30","slug":"la-fin-de-telefoot-automoto-et-lequipe-du-soir-pourquoi-ces-emissions-sportives-historiques-pourraient-disparaitre","status":"publish","type":"post","link":"https:\/\/pressactu.com\/?p=124706","title":{"rendered":"La fin de T\u00e9l\u00e9foot, Automoto et L\u2019\u00c9quipe du soir\u00a0? Pourquoi ces \u00e9missions sportives historiques pourraient dispara\u00eetre"},"content":{"rendered":"<p>\n                                                                    <span class=\"article-full__chapo-label hide-on-small-only\">l&#8217;essentiel<\/span><br \/>\n                                                                Selon les informations de Paris-Match, plusieurs \u00e9missions sportives historiques de t\u00e9l\u00e9vision seraient sur le point de s\u2019arr\u00eater ou d\u2019\u00eatre diffus\u00e9es diff\u00e9remment.\n                            <\/p>\n<div rel=\"js-article-content\">\n                                                                                                                                                            <!-- Pub DFP Position [outstream] --><\/p>\n<p>Le jeudi soir pourrait ressembler aux autres nuits en zappant sur L\u2019\u00c9quipe 21. C\u2019est-\u00e0-dire\u00a0: ne plus voir l\u2019\u00e9mission historique &#8220;L\u2019\u00c9quipe du soir&#8221; sur son \u00e9cran. Selon les informations de <a href=\"https:\/\/www.parismatch.com\/culture\/medias\/lequipe-du-soir-avenir-incertain-pour-pour-lemission-culte-dolivier-menard-265867\" target=\"_self\">Paris-Match<\/a>, le programme pourrait bient\u00f4t compter beaucoup moins de chroniqueurs autour du plateau si ce n\u2019est dispara\u00eetre enti\u00e8rement. La raison est classique\u00a0: r\u00e9aliser des \u00e9conomies.<\/p>\n<p><!-- Pub DFP Position [article] --><\/p>\n<p class=\"std-elt__inline\">\n        <strong>\u00c0 lire aussi :<\/strong><br \/>\n        <a href=\"\/2026\/03\/06\/on-ne-peut-pas-tout-montrer-avant-ecosse-france-fabien-galthie-sexplique-sur-lacces-reduit-aux-medias-depuis-novembre-13258865.php\">&#8220;On ne peut pas tout montrer\u2026&#8221;, avant \u00c9cosse \u2013 France Fabien Galthi\u00e9 s\u2019explique sur l\u2019acc\u00e8s r\u00e9duit aux m\u00e9dias depuis novembre<\/a>\n    <\/p>\n<p>Cr\u00e9\u00e9\u00a0en septembre\u00a02008, le show iconique de la vingt-et-uni\u00e8me cha\u00eene perdait d\u00e9j\u00e0 du temps d\u2019antenne r\u00e9cemment. \u00c0 la publication de l\u2019article de nos confr\u00e8res, les r\u00e9actions sur les r\u00e9seaux sociaux ne se sont pas fait attendre\u00a0: &#8220;Tout \u00e7a pour nous passer des fl\u00e9chettes, honte \u00e0 vous L\u2019\u00c9quipe&#8221;, &#8220;Superbe \u00e9mission avec M\u00e9m\u00e9 [Olivier M\u00e9nard] en capitaine iconique, j\u2019aime beaucoup et depuis longtemps&#8221;.<\/p>\n<h2 class=\"txt-int\">Un changement global dans le paysage sportif \u00e0 la t\u00e9l\u00e9vision<\/h2>\n<p>Toujours selon <a href=\"https:\/\/www.parismatch.com\/culture\/medias\/telefoot-sarrete-a-la-fin-de-la-saison-automoto-en-sursis-265774\" target=\"_self\">Paris-Match<\/a>, une autre cha\u00eene serait concern\u00e9e par un bouleversement de ses programmes sportifs\u00a0: TF1. Le m\u00e9dia annonce\u00a0l\u2019arr\u00eat\u00a0de T\u00e9l\u00e9foot, \u00e9mission cr\u00e9\u00e9e en 1977, \u00e0 la fin de la saison de football. Le plus vieux programme de la cha\u00eene, Automoto, cr\u00e9\u00e9 en 1975, pourrait \u00e9galement subir le m\u00eame sort.<\/p>\n<p class=\"std-elt__inline\">\n        <strong>\u00c0 lire aussi :<\/strong><br \/>\n        <a href=\"\/2026\/03\/04\/medias-lalliance-de-la-presse-denonce-des-attaques-sans-precedent-contre-la-presse-13253355.php\">M\u00e9dias\u00a0: l\u2019Alliance de la presse d\u00e9nonce des attaques sans pr\u00e9c\u00e9dent contre la presse<\/a>\n    <\/p>\n<p>L\u2019hebdomadaire avance la baisse des audiences et les nouvelles mani\u00e8res de suivre le football comme raisons de l\u2019arr\u00eat de T\u00e9l\u00e9foot. Ainsi, TF1 ne s\u2019interdirait\u00a0pas de poursuivre l\u2019\u00e9mission sur num\u00e9rique et de c\u00e9l\u00e9brer le cinquantenaire de l\u2019\u00e9mission en 2027 de mani\u00e8re plus digitale.<\/p>\n<p>La plage horaire du dimanche matin resterait consacr\u00e9e au sport mais en int\u00e9grant aussi d\u2019autres disciplines. Une technique qui permettrait de profiter du droit \u00e0 l\u2019information pour r\u00e9cup\u00e9rer des images. Aujourd\u2019hui, la premi\u00e8re cha\u00eene doit payer l\u2019autorisation d\u2019utiliser ces images pour r\u00e9aliser des r\u00e9sum\u00e9s des rendez-vous sportifs.<\/p>\n<\/p><\/div>\n<p><a href=\"https:\/\/www.ladepeche.fr\/2026\/03\/14\/la-fin-de-telefoot-automoto-et-lequipe-du-soir-pourquoi-ces-emissions-sportives-historiques-pourraient-disparaitre-13272016.php\">source<\/a><\/p>\n","protected":false},"excerpt":{"rendered":"<p>l&#8217;essentiel Selon les informations de Paris-Match, plusieurs \u00e9missions sportives historiques de t\u00e9l\u00e9vision seraient sur le point de s\u2019arr\u00eater ou d\u2019\u00eatre diffus\u00e9es diff\u00e9remment. Le jeudi soir pourrait ressembler aux autres nuits en zappant sur L\u2019\u00c9quipe 21. C\u2019est-\u00e0-dire\u00a0: ne plus voir l\u2019\u00e9mission historique &#8220;L\u2019\u00c9quipe du soir&#8221; sur son \u00e9cran. Selon les informations de Paris-Match, le programme pourrait [&hellip;]<\/p>\n","protected":false},"author":1,"featured_media":124707,"comment_status":"open","ping_status":"open","sticky":false,"template":"","format":"standard","meta":{"_monsterinsights_skip_tracking":false,"_monsterinsights_sitenote_active":false,"_monsterinsights_sitenote_note":"","_monsterinsights_sitenote_category":0,"footnotes":""},"categories":[74],"tags":[],"coauthors":[77],"class_list":["post-124706","post","type-post","status-publish","format-standard","has-post-thumbnail","hentry","category-economie"],"aioseo_notices":[],"_links":{"self":[{"href":"https:\/\/pressactu.com\/index.php?rest_route=\/wp\/v2\/posts\/124706","targetHints":{"allow":["GET"]}}],"collection":[{"href":"https:\/\/pressactu.com\/index.php?rest_route=\/wp\/v2\/posts"}],"about":[{"href":"https:\/\/pressactu.com\/index.php?rest_route=\/wp\/v2\/types\/post"}],"author":[{"embeddable":true,"href":"https:\/\/pressactu.com\/index.php?rest_route=\/wp\/v2\/users\/1"}],"replies":[{"embeddable":true,"href":"https:\/\/pressactu.com\/index.php?rest_route=%2Fwp%2Fv2%2Fcomments&post=124706"}],"version-history":[{"count":0,"href":"https:\/\/pressactu.com\/index.php?rest_route=\/wp\/v2\/posts\/124706\/revisions"}],"wp:featuredmedia":[{"embeddable":true,"href":"https:\/\/pressactu.com\/index.php?rest_route=\/wp\/v2\/media\/124707"}],"wp:attachment":[{"href":"https:\/\/pressactu.com\/index.php?rest_route=%2Fwp%2Fv2%2Fmedia&parent=124706"}],"wp:term":[{"taxonomy":"category","embeddable":true,"href":"https:\/\/pressactu.com\/index.php?rest_route=%2Fwp%2Fv2%2Fcategories&post=124706"},{"taxonomy":"post_tag","embeddable":true,"href":"https:\/\/pressactu.com\/index.php?rest_route=%2Fwp%2Fv2%2Ftags&post=124706"},{"taxonomy":"author","embeddable":true,"href":"https:\/\/pressactu.com\/index.php?rest_route=%2Fwp%2Fv2%2Fcoauthors&post=124706"}],"curies":[{"name":"wp","href":"https:\/\/api.w.org\/{rel}","templated":true}]}}