{"id":124702,"date":"2026-03-15T03:32:30","date_gmt":"2026-03-15T03:32:30","guid":{"rendered":"https:\/\/pressactu.com\/?p=124702"},"modified":"2026-03-15T03:32:30","modified_gmt":"2026-03-15T03:32:30","slug":"cyclisme-pavel-sivakov-pourrait-bien-rejoindre-paul-seixas-des-lan-prochain","status":"publish","type":"post","link":"https:\/\/pressactu.com\/?p=124702","title":{"rendered":"Cyclisme. Pavel Sivakov pourrait bien rejoindre Paul Seixas d\u00e8s l\u2019an prochain"},"content":{"rendered":"<p>\n                                                                    <span class=\"article-full__chapo-label hide-on-small-only\">l&#8217;essentiel<\/span><br \/>\n                                                                Alors que l\u2019\u00e9quipe UAE\u00a0s\u2019int\u00e9resse beaucoup \u00e0 Paul Seixas, un de ses membres les plus solides, Pavel Sivakov serait en contact tr\u00e8s avanc\u00e9 et pourrait le rejoindre chez D\u00e9cathlon-CMA CGM d\u00e8s 2027\n                            <\/p>\n<div rel=\"js-article-content\">\n                                                                                                                                                            <!-- Pub DFP Position [outstream] --><\/p>\n<p>Pas tr\u00e8s bien en ce d\u00e9but de saison, Pavel Sivakov a quitt\u00e9 Paris-Nice au lendemain de la terrible s\u00e9quence hivernale et l\u2019arriv\u00e9e \u00e0 Uchon.\u00a0Le Commingeois\u00a0qui doit rentrer en Catalogne avant de prendre part \u00e0\u00a0toutes les Ardennaises pourrait ne pas prolonger son bail avec le Team \u00c9miratis, malgr\u00e9 sa belle entente avec Tadej Pogacar. Il int\u00e9resserait\u00a0la formation fran\u00e7aise D\u00e9cathlon-CMA CGM, celle de Paul Seixas avec qui\u00a0il s\u2019\u00e9tait &#8220;bien amus\u00e9&#8221; lors des Mondiaux africains de Kigali (deuxi\u00e8me du relais mixte en compagnie de Bruno Armirail) et aux championnats d\u2019Europe en Ard\u00e8che (Seixas troisi\u00e8me, Sivakov huiti\u00e8me\u2026)<\/p>\n<p><!-- Pub DFP Position [article] --><\/p>\n<h2 class=\"txt-int\">Un virage important, \u00e0 28 ans<\/h2>\n<p>Pass\u00e9 de l\u2019Int\u00e9grale Bicycle Club Isle-Jourdain \u00e0 l\u2019\u00e9quipe r\u00e9serve de BMC\u00a0en 2016, l\u2019ancien compagnon de route de Max Moncassin n\u2019a pas quitt\u00e9 le WorldTour\u00a0depuis 2018 (Sky puis Ineos de 2019 \u00e0 2023 et UAE depuis 2024) et son contrat avec\u00a0l\u2019\u00e9quipe de Gianetti se termine en fin de saison.\u00a0Le vainqueur du Tour de Pologne, de Burgos, des Alpes et d\u2019Andalousie n\u2019a pas r\u00e9agi \u00e0 ce &#8220;transfert&#8221;. Selon le journal &#8220;L\u2019\u00c9quipe&#8221; la surprise du dernier Tour, Jordan\u00a0Jegat (10e \u00e0 Paris) int\u00e9resserait aussi\u00a0la formation dirig\u00e9e par le C\u00e9venol\u00a0Dominique\u00a0Serieys. L\u2019ancien copilote\u00a0de rallye a estim\u00e9 &#8220;normales&#8221; les sp\u00e9culations autour de son prodige. &#8220;C\u2019est le business&#8221; a-t-il pr\u00e9cis\u00e9.\u00a0\u00c0 28 ans, Pavel Sivakov\u00a0va sans doute n\u00e9gocier un virage important dans sa carri\u00e8re, avec, peut-\u00eatre, un peu plus de libert\u00e9\u2026 de temps en temps.<\/p>\n<\/p><\/div>\n<p><a href=\"https:\/\/www.ladepeche.fr\/2026\/03\/15\/cyclisme-pavel-sivakov-pourrait-bien-rejoindre-paul-seixas-des-lan-prochain-13272662.php\">source<\/a><\/p>\n","protected":false},"excerpt":{"rendered":"<p>l&#8217;essentiel Alors que l\u2019\u00e9quipe UAE\u00a0s\u2019int\u00e9resse beaucoup \u00e0 Paul Seixas, un de ses membres les plus solides, Pavel Sivakov serait en contact tr\u00e8s avanc\u00e9 et pourrait le rejoindre chez D\u00e9cathlon-CMA CGM d\u00e8s 2027 Pas tr\u00e8s bien en ce d\u00e9but de saison, Pavel Sivakov a quitt\u00e9 Paris-Nice au lendemain de la terrible s\u00e9quence hivernale et l\u2019arriv\u00e9e \u00e0 [&hellip;]<\/p>\n","protected":false},"author":1,"featured_media":124703,"comment_status":"open","ping_status":"open","sticky":false,"template":"","format":"standard","meta":{"_monsterinsights_skip_tracking":false,"_monsterinsights_sitenote_active":false,"_monsterinsights_sitenote_note":"","_monsterinsights_sitenote_category":0,"footnotes":""},"categories":[71],"tags":[],"coauthors":[77],"class_list":["post-124702","post","type-post","status-publish","format-standard","has-post-thumbnail","hentry","category-sport"],"aioseo_notices":[],"_links":{"self":[{"href":"https:\/\/pressactu.com\/index.php?rest_route=\/wp\/v2\/posts\/124702","targetHints":{"allow":["GET"]}}],"collection":[{"href":"https:\/\/pressactu.com\/index.php?rest_route=\/wp\/v2\/posts"}],"about":[{"href":"https:\/\/pressactu.com\/index.php?rest_route=\/wp\/v2\/types\/post"}],"author":[{"embeddable":true,"href":"https:\/\/pressactu.com\/index.php?rest_route=\/wp\/v2\/users\/1"}],"replies":[{"embeddable":true,"href":"https:\/\/pressactu.com\/index.php?rest_route=%2Fwp%2Fv2%2Fcomments&post=124702"}],"version-history":[{"count":0,"href":"https:\/\/pressactu.com\/index.php?rest_route=\/wp\/v2\/posts\/124702\/revisions"}],"wp:featuredmedia":[{"embeddable":true,"href":"https:\/\/pressactu.com\/index.php?rest_route=\/wp\/v2\/media\/124703"}],"wp:attachment":[{"href":"https:\/\/pressactu.com\/index.php?rest_route=%2Fwp%2Fv2%2Fmedia&parent=124702"}],"wp:term":[{"taxonomy":"category","embeddable":true,"href":"https:\/\/pressactu.com\/index.php?rest_route=%2Fwp%2Fv2%2Fcategories&post=124702"},{"taxonomy":"post_tag","embeddable":true,"href":"https:\/\/pressactu.com\/index.php?rest_route=%2Fwp%2Fv2%2Ftags&post=124702"},{"taxonomy":"author","embeddable":true,"href":"https:\/\/pressactu.com\/index.php?rest_route=%2Fwp%2Fv2%2Fcoauthors&post=124702"}],"curies":[{"name":"wp","href":"https:\/\/api.w.org\/{rel}","templated":true}]}}