{"id":124698,"date":"2026-03-15T02:10:28","date_gmt":"2026-03-15T02:10:28","guid":{"rendered":"https:\/\/pressactu.com\/?p=124698"},"modified":"2026-03-15T02:10:28","modified_gmt":"2026-03-15T02:10:28","slug":"la-corde-sest-bloquee-coinces-contre-la-paroi-dune-falaise-des-pyrenees-trois-alpinistes-helitreuilles-par-la-securite-civile","status":"publish","type":"post","link":"https:\/\/pressactu.com\/?p=124698","title":{"rendered":"&quot;La corde s\u2019est bloqu\u00e9e&quot;\u00a0: Coinc\u00e9s contre la paroi d\u2019une falaise des Pyr\u00e9n\u00e9es, trois alpinistes h\u00e9litreuill\u00e9s par la s\u00e9curit\u00e9 civile"},"content":{"rendered":"<p>\n                                                                    <span class=\"article-full__chapo-label hide-on-small-only\">l&#8217;essentiel<\/span><br \/>\n                                                                Vendredi 13\u00a0mars en d\u00e9but de soir\u00e9e, trois grimpeurs sont rest\u00e9s bloqu\u00e9s contre la paroi d\u2019une falaise apr\u00e8s que leur corde s\u2019est coinc\u00e9e lors d\u2019une descente en rappel. Incapables de poursuivre leur progression, ils ont \u00e9t\u00e9 h\u00e9litreuill\u00e9s par les secours mobilis\u00e9s dans le secteur.\n                            <\/p>\n<div rel=\"js-article-content\">\n                                                                                                                                                            <!-- Pub DFP Position [outstream] --><\/p>\n<p>Vendredi 13\u00a0mars, en d\u00e9but de soir\u00e9e, trois grimpeurs ont d\u00fb \u00eatre secourus apr\u00e8s s\u2019\u00eatre retrouv\u00e9s bloqu\u00e9s dans une falaise du secteur de Sinsat, en Ari\u00e8ge.<\/p>\n<p><!-- Pub DFP Position [article] --><\/p>\n<p>L\u2019alerte a \u00e9t\u00e9 donn\u00e9e vers 19\u00a0heures. Les trois pratiquants, engag\u00e9s dans une voie d\u2019escalade de plusieurs longueurs, tentaient de redescendre en rappel lorsque leur corde s\u2019est retrouv\u00e9e coinc\u00e9e. Il leur \u00e9tait alors impossible de poursuivre la descente.<\/p>\n<p><iframe width=\"600\" height=\"450\" style=\"border:0;\" allowfullscreen=\"\" loading=\"lazy\" referrerpolicy=\"no-referrer-when-downgrade\" data-src=\"https:\/\/www.google.com\/maps\/embed?pb=!1m18!1m12!1m3!1d27780.91601675759!2d1.6381398025238878!3d42.79856084320669!2m3!1f0!2f0!3f0!3m2!1i1024!2i768!4f13.1!3m3!1m2!1s0x12af6d9671204abd%3A0x406f69c2f4351a0!2sSinsat%2C%2009310%20Aulos-Sinsat!5e1!3m2!1sfr!2sfr!4v1773484329602!5m2!1sfr!2sfr\"><\/iframe><\/p>\n<h2 class=\"txt-int\">&#8220;Ils n\u2019ont jamais r\u00e9ussi \u00e0 la d\u00e9bloquer&#8221;<\/h2>\n<p>&#8220;Ils avaient r\u00e9alis\u00e9 une voie d\u2019escalade de plusieurs longueurs. Ils ont commenc\u00e9 leur descente en rappel, mais \u00e0 un moment, la corde s\u2019est bloqu\u00e9e et ils n\u2019ont jamais r\u00e9ussi \u00e0 la d\u00e9bloquer&#8221;, explique le lieutenant Jean-Marc Galin, \u00e0 la t\u00eate du peloton de gendarmerie de haute montagne (PGHM) de l\u2019Ari\u00e8ge.<\/p>\n<p>Coinc\u00e9s dans la paroi, les trois grimpeurs \u2014 deux hommes et une femme \u2014 ont finalement donn\u00e9 l\u2019alerte. L\u2019intervention a alors \u00e9t\u00e9 confi\u00e9e aux \u00e9quipes de secours de la s\u00e9curit\u00e9 civile. L\u2019h\u00e9licopt\u00e8re &#8220;Dragon 66&#8221; de Perpignan, accompagn\u00e9 de CRS sp\u00e9cialis\u00e9s dans le secours en montagne, a \u00e9t\u00e9 mobilis\u00e9 pour r\u00e9cup\u00e9rer les trois alpinistes. L\u2019op\u00e9ration s\u2019est achev\u00e9e un peu plus tard dans la soir\u00e9e, vers 20\u00a0h\u00a030.<\/p>\n<p class=\"std-elt__inline\">\n        <strong>\u00c0 lire aussi :<\/strong><br \/>\n        <a href=\"\/2026\/03\/13\/des-chutes-de-neige-sont-attendues-samedi-dans-les-pyrenees-la-route-de-landorre-sous-surveillance-13270612.php\">&#8220;Des chutes de neige sont attendues samedi&#8221; dans les Pyr\u00e9n\u00e9es\u00a0: la route de l\u2019Andorre sous surveillance<\/a>\n    <\/p>\n<h2 class=\"txt-int\">Des conditions changeantes en montagne ce week-end<\/h2>\n<p>Au-del\u00e0 de cette intervention, les militaires du PGHM appellent \u00e0 la prudence pour le week-end. Un changement m\u00e9t\u00e9orologique brutal est attendu sur le massif pyr\u00e9n\u00e9en. La neige pourrait tomber d\u00e8s 700 \u00e0 900 m\u00e8tres d\u2019altitude, avec jusqu\u2019\u00e0 30 centim\u00e8tres autour de 1\u00a0500 m\u00e8tres.<\/p>\n<p><iframe width=\"500\" height=\"207\" style=\"border:none;overflow:hidden\" scrolling=\"no\" frameborder=\"0\" allowfullscreen=\"true\" allow=\"autoplay; clipboard-write; encrypted-media; picture-in-picture; web-share\" data-src=\"https:\/\/www.facebook.com\/plugins\/post.php?href=https%3A%2F%2Fwww.facebook.com%2Fpghm.savignac.les.ormeaux%2Fposts%2Fpfbid0FU2i3bpDvGEhXq2ZGgSYVw5u7mYfQGSfUzcdezi2G1xLFPsEopv4qTATLgSf3cw7l&amp;show_text=true&amp;width=500\"><\/iframe><\/p>\n<p>&#8220;On passe d\u2019un risque avalanche tr\u00e8s limit\u00e9 \u00e0 un risque marqu\u00e9&#8221;, pr\u00e9vient Jean-Marc Galin. Les routes d\u2019altitude pourraient \u00e9galement devenir difficiles d\u2019acc\u00e8s. Les secouristes invitent les pratiquants de la montagne \u00e0 adapter leurs sorties et \u00e0 rester particuli\u00e8rement vigilants face \u00e0 ces conditions m\u00e9t\u00e9orologiques changeantes.<\/p>\n<\/p><\/div>\n<p><a href=\"https:\/\/www.ladepeche.fr\/2026\/03\/14\/la-corde-sest-bloquee-coinces-contre-la-paroi-dune-falaise-des-pyrenees-trois-alpinistes-helitreuilles-par-la-securite-civile-13272003.php\">source<\/a><\/p>\n","protected":false},"excerpt":{"rendered":"<p>l&#8217;essentiel Vendredi 13\u00a0mars en d\u00e9but de soir\u00e9e, trois grimpeurs sont rest\u00e9s bloqu\u00e9s contre la paroi d\u2019une falaise apr\u00e8s que leur corde s\u2019est coinc\u00e9e lors d\u2019une descente en rappel. Incapables de poursuivre leur progression, ils ont \u00e9t\u00e9 h\u00e9litreuill\u00e9s par les secours mobilis\u00e9s dans le secteur. Vendredi 13\u00a0mars, en d\u00e9but de soir\u00e9e, trois grimpeurs ont d\u00fb \u00eatre [&hellip;]<\/p>\n","protected":false},"author":1,"featured_media":124699,"comment_status":"open","ping_status":"open","sticky":false,"template":"","format":"standard","meta":{"_monsterinsights_skip_tracking":false,"_monsterinsights_sitenote_active":false,"_monsterinsights_sitenote_note":"","_monsterinsights_sitenote_category":0,"footnotes":""},"categories":[1],"tags":[],"coauthors":[77],"class_list":["post-124698","post","type-post","status-publish","format-standard","has-post-thumbnail","hentry","category-a-la-une"],"aioseo_notices":[],"_links":{"self":[{"href":"https:\/\/pressactu.com\/index.php?rest_route=\/wp\/v2\/posts\/124698","targetHints":{"allow":["GET"]}}],"collection":[{"href":"https:\/\/pressactu.com\/index.php?rest_route=\/wp\/v2\/posts"}],"about":[{"href":"https:\/\/pressactu.com\/index.php?rest_route=\/wp\/v2\/types\/post"}],"author":[{"embeddable":true,"href":"https:\/\/pressactu.com\/index.php?rest_route=\/wp\/v2\/users\/1"}],"replies":[{"embeddable":true,"href":"https:\/\/pressactu.com\/index.php?rest_route=%2Fwp%2Fv2%2Fcomments&post=124698"}],"version-history":[{"count":0,"href":"https:\/\/pressactu.com\/index.php?rest_route=\/wp\/v2\/posts\/124698\/revisions"}],"wp:featuredmedia":[{"embeddable":true,"href":"https:\/\/pressactu.com\/index.php?rest_route=\/wp\/v2\/media\/124699"}],"wp:attachment":[{"href":"https:\/\/pressactu.com\/index.php?rest_route=%2Fwp%2Fv2%2Fmedia&parent=124698"}],"wp:term":[{"taxonomy":"category","embeddable":true,"href":"https:\/\/pressactu.com\/index.php?rest_route=%2Fwp%2Fv2%2Fcategories&post=124698"},{"taxonomy":"post_tag","embeddable":true,"href":"https:\/\/pressactu.com\/index.php?rest_route=%2Fwp%2Fv2%2Ftags&post=124698"},{"taxonomy":"author","embeddable":true,"href":"https:\/\/pressactu.com\/index.php?rest_route=%2Fwp%2Fv2%2Fcoauthors&post=124698"}],"curies":[{"name":"wp","href":"https:\/\/api.w.org\/{rel}","templated":true}]}}