{"id":124694,"date":"2026-03-15T01:42:25","date_gmt":"2026-03-15T01:42:25","guid":{"rendered":"https:\/\/pressactu.com\/?p=124694"},"modified":"2026-03-15T01:42:25","modified_gmt":"2026-03-15T01:42:25","slug":"un-projet-davenir-ouest-aveyron-communaute-poursuit-son-developpement-en-faveur-les-mobilites-douces","status":"publish","type":"post","link":"https:\/\/pressactu.com\/?p=124694","title":{"rendered":"&quot;Un projet d\u2019avenir&quot;\u00a0: Ouest-Aveyron communaut\u00e9 poursuit son d\u00e9veloppement en faveur les mobilit\u00e9s douces"},"content":{"rendered":"<p>\n                                                                    <span class=\"article-full__chapo-label hide-on-small-only\">l&#8217;essentiel<\/span><br \/>\n                                                                La mobilit\u00e9 douce s\u2019impose peu \u00e0 peu en Ouest-Aveyron. Avec seulement 6\u00a0% d\u2019usagers quotidiens du v\u00e9lo, la communaut\u00e9 de communes veut d\u00e9velopper les mobilit\u00e9s douces.\n                            <\/p>\n<div rel=\"js-article-content\" data-state=\"fixed-height\" data-selection=\"disabled\">\n                                                                                                                                                            <!-- Pub DFP Position [outstream] --><\/p>\n<p>Seuls 6\u00a0% des habitants de l\u2019Ouest-Aveyron utilisent quotidiennement leur v\u00e9lo. Un chiffre que la communaut\u00e9 de communes (OAC) souhaite booster gr\u00e2ce \u00e0 son nouveau plan mobilit\u00e9. Afin d\u2019agir le plus finement possible, la communaut\u00e9 de communes a men\u00e9 l\u2019enqu\u00eate. Six cents personnes y ont r\u00e9pondu.<\/p>\n<p><!-- Pub DFP Position [article] --><\/p>\n<p>On note par exemple que 29\u00a0% des personnes utilisent occasionnellement leur v\u00e9lo et que 65\u00a0% des actifs se disent pr\u00eats \u00e0 passer au v\u00e9lo si les conditions s\u2019am\u00e9lioraient. Parmi les freins, le sentiment d\u2019ins\u00e9curit\u00e9 li\u00e9 au trafic motoris\u00e9 (75\u00a0%) et le manque d\u2019am\u00e9nagements (73\u00a0%). C\u2019est dans cette direction qu\u2019un sch\u00e9ma a \u00e9t\u00e9 cr\u00e9\u00e9 et que les \u00e9lus d\u2019OAC ont vot\u00e9, jeudi 12\u00a0mars. Une derni\u00e8re s\u00e9ance pour cl\u00f4turer ce mandat de six ans marquant le dernier projet du conseil communautaire actuel.<\/p>\n<h2 class=\"txt-int\">Plus de pistes et des v\u00e9los en location<\/h2>\n<p>Afin de r\u00e9pondre \u00e0 la demande, le d\u00e9veloppement des pistes cyclables va s\u2019intensifier. &#8220;En priorit\u00e9 les liaisons en direction des centres-villes. Que ce soit en partant des gares ou des p\u00f4les \u00e9conomiques&#8221;, note Michel Delpech, qui tenait sa derni\u00e8re s\u00e9ance en tant que pr\u00e9sident. Le maire de Villeneuve, Jean-Michel Masbou, a f\u00e9licit\u00e9\u00a0: &#8220;Bravo pour ce projet d\u2019avenir, j\u2019esp\u00e8re que les futurs \u00e9lus poursuivront en ce sens.&#8221;<\/p>\n<p>En 2026, il a \u00e9t\u00e9 recens\u00e9 277\u00a0km d\u2019itin\u00e9raires cyclables dont 63\u00a0% jalonn\u00e9s. Les &#8220;chaussidoux&#8221;, ces routes o\u00f9 l\u2019espace est partag\u00e9 entre voitures et v\u00e9los, se d\u00e9veloppent notamment \u00e0 Villefranche-de-Rouergue. Mais le v\u00e9lo n\u2019est pas le seul roi. La marche occupe aussi un enjeu. D\u2019ailleurs, 10\u00a0% des interrog\u00e9s admettent marcher en priorit\u00e9 pour les trajets du quotidien. La s\u00e9curisation des itin\u00e9raires est centrale. Un guide des bonnes pratiques sera distribu\u00e9 dans les communes afin de sensibiliser la population.<\/p>\n<p>Pour favoriser les mobilit\u00e9s douces, plusieurs actions sont men\u00e9es. En premier lieu,<a href=\"https:\/\/www.ladepeche.fr\/2025\/11\/25\/en-2026-on-pourra-louer-un-velo-electrique-a-lannee-dans-cette-partie-de-laveyron-13073704.php\" target=\"_blank\"> la location de v\u00e9los longue dur\u00e9e<\/a> qui doit arriver \u00e0 la fin du printemps. L\u2019entreprise E-Bike fournira les v\u00e9los \u00e0 assistance \u00e9lectrique pour un investissement de 100\u00a0000\u00a0\u20ac.<\/p>\n<h2 class=\"txt-int\">Une demande de subvention europ\u00e9enne<\/h2>\n<p>Pour financer l\u2019ensemble des mesures, les \u00e9lus ont sollicit\u00e9 le fonds europ\u00e9en LEADER (Liaison entre actions de d\u00e9veloppement de l\u2019\u00e9conomie rurale) pour une aide de 120\u00a0000\u00a0\u20ac. Ils doivent se rajouter aux 24\u00a0000\u00a0\u20ac du fond vert et 120\u00a0000\u00a0\u20ac de l\u2019ADEME. Des animations auront lieu au printemps pour favoriser la pratique. Le &#8220;Savoir rouler \u00e0 v\u00e9lo&#8221; (SRAV)\u00a0: animation scolaire aupr\u00e8s de treize classes sur l\u2019ensemble de l\u2019intercommunalit\u00e9, qui d\u00e9butera \u00e0 la mi-mars et se poursuivra jusqu\u2019au mois de juin\u00a02026. Et <a href=\"https:\/\/www.ladepeche.fr\/2025\/02\/26\/lobjectif-est-dinsuffler-un-vent-nouveau-autour-du-velo-ouest-aveyron-communaute-mise-sur-la-mobilite-douce-avec-plusieurs-projets-en-cours-12537067.php\" target=\"_blank\">la F\u00eate du v\u00e9lo<\/a>, qui aura lieu au printemps. Cette manifestation gratuite et ouverte \u00e0 tous s\u2019inscrit dans l\u2019objectif de promotion de l\u2019usage du v\u00e9lo sur le territoire sous toutes ses formes.<\/p>\n<p>Enfin, la s\u00e9ance s\u2019est cl\u00f4tur\u00e9e par un dernier message de Michel Delpech. Ce dernier a partag\u00e9 &#8220;ce moment empreint d\u2019\u00e9motion&#8221; et a tenu \u00e0 remercier l\u2019ensemble des \u00e9lus &#8220;pour le temps partag\u00e9 \u00e0 faire avancer le territoire&#8221;, tout en saluant &#8220;les agents moteurs du bon fonctionnement de la collectivit\u00e9&#8221;. Un nouveau conseil communautaire sera \u00e9lu \u00e0 l\u2019issue des \u00e9lections municipales des 15 et 22\u00a0mars prochains.<\/p>\n<\/p><\/div>\n<p><a href=\"https:\/\/www.ladepeche.fr\/2026\/03\/14\/un-projet-davenir-ouest-aveyron-communaute-poursuit-son-developpement-en-faveur-les-mobilites-douces-13270510.php\">source<\/a><\/p>\n","protected":false},"excerpt":{"rendered":"<p>l&#8217;essentiel La mobilit\u00e9 douce s\u2019impose peu \u00e0 peu en Ouest-Aveyron. Avec seulement 6\u00a0% d\u2019usagers quotidiens du v\u00e9lo, la communaut\u00e9 de communes veut d\u00e9velopper les mobilit\u00e9s douces. Seuls 6\u00a0% des habitants de l\u2019Ouest-Aveyron utilisent quotidiennement leur v\u00e9lo. Un chiffre que la communaut\u00e9 de communes (OAC) souhaite booster gr\u00e2ce \u00e0 son nouveau plan mobilit\u00e9. Afin d\u2019agir le [&hellip;]<\/p>\n","protected":false},"author":1,"featured_media":124695,"comment_status":"open","ping_status":"open","sticky":false,"template":"","format":"standard","meta":{"_monsterinsights_skip_tracking":false,"_monsterinsights_sitenote_active":false,"_monsterinsights_sitenote_note":"","_monsterinsights_sitenote_category":0,"footnotes":""},"categories":[74],"tags":[],"coauthors":[77],"class_list":["post-124694","post","type-post","status-publish","format-standard","has-post-thumbnail","hentry","category-economie"],"aioseo_notices":[],"_links":{"self":[{"href":"https:\/\/pressactu.com\/index.php?rest_route=\/wp\/v2\/posts\/124694","targetHints":{"allow":["GET"]}}],"collection":[{"href":"https:\/\/pressactu.com\/index.php?rest_route=\/wp\/v2\/posts"}],"about":[{"href":"https:\/\/pressactu.com\/index.php?rest_route=\/wp\/v2\/types\/post"}],"author":[{"embeddable":true,"href":"https:\/\/pressactu.com\/index.php?rest_route=\/wp\/v2\/users\/1"}],"replies":[{"embeddable":true,"href":"https:\/\/pressactu.com\/index.php?rest_route=%2Fwp%2Fv2%2Fcomments&post=124694"}],"version-history":[{"count":0,"href":"https:\/\/pressactu.com\/index.php?rest_route=\/wp\/v2\/posts\/124694\/revisions"}],"wp:featuredmedia":[{"embeddable":true,"href":"https:\/\/pressactu.com\/index.php?rest_route=\/wp\/v2\/media\/124695"}],"wp:attachment":[{"href":"https:\/\/pressactu.com\/index.php?rest_route=%2Fwp%2Fv2%2Fmedia&parent=124694"}],"wp:term":[{"taxonomy":"category","embeddable":true,"href":"https:\/\/pressactu.com\/index.php?rest_route=%2Fwp%2Fv2%2Fcategories&post=124694"},{"taxonomy":"post_tag","embeddable":true,"href":"https:\/\/pressactu.com\/index.php?rest_route=%2Fwp%2Fv2%2Ftags&post=124694"},{"taxonomy":"author","embeddable":true,"href":"https:\/\/pressactu.com\/index.php?rest_route=%2Fwp%2Fv2%2Fcoauthors&post=124694"}],"curies":[{"name":"wp","href":"https:\/\/api.w.org\/{rel}","templated":true}]}}