{"id":124690,"date":"2026-03-15T00:30:28","date_gmt":"2026-03-15T00:30:28","guid":{"rendered":"https:\/\/pressactu.com\/?p=124690"},"modified":"2026-03-15T00:30:28","modified_gmt":"2026-03-15T00:30:28","slug":"guerre-en-ukraine-je-ne-suis-pas-son-fils-prefere-volodymyr-zelensky-plaisante-sur-sa-relation-avec-donald-trump","status":"publish","type":"post","link":"https:\/\/pressactu.com\/?p=124690","title":{"rendered":"Guerre en Ukraine\u00a0: &quot;Je ne suis pas son fils pr\u00e9f\u00e9r\u00e9&quot;\u2026 Volodymyr Zelensky plaisante sur sa relation avec Donald Trump"},"content":{"rendered":"<p>\n                                                                    <span class=\"article-full__chapo-label hide-on-small-only\">l&#8217;essentiel<\/span><br \/>\n                                                                Interrog\u00e9 sur sa relation avec Donald Trump lors d\u2019un entretien sur France Inter vendredi 13\u00a0mars, Volodymyr Zelensky a assur\u00e9 ne pas pouvoir qualifier le pr\u00e9sident am\u00e9ricain d\u2019&#8221;ami&#8221;.\n                            <\/p>\n<div rel=\"js-article-content\">\n                                                                                                                                                            <!-- Pub DFP Position [outstream] --><\/p>\n<p>Invit\u00e9 de Benjamin Duhamel, vendredi 13\u00a0mars, sur France Inter, le pr\u00e9sident ukrainien Volodymyr Zelensky a \u00e9voqu\u00e9 sa relation avec Donald Trump, non sans humour. Quatre ans apr\u00e8s le d\u00e9but de l\u2019invasion russe en Ukraine, le chef de l\u2019\u00c9tat a assur\u00e9 qu\u2019il ne pouvait pas qualifier le pr\u00e9sident am\u00e9ricain d\u2019&#8221;ami&#8221;.<\/p>\n<p><!-- Pub DFP Position [article] --><\/p>\n<p>\u00c0 la question du journaliste\u00a0: &#8220;Diriez-vous que Donald Trump est un ami\u00a0?&#8221;, Volodymyr Zelensky a r\u00e9pondu sans d\u00e9tour\u00a0: &#8220;Non, on ne peut pas dire \u00e7a. Avec Emmanuel Macron, nous avons chemin\u00e9 ensemble, nous nous aidons dans les moments difficiles pour r\u00e9soudre les probl\u00e8mes, nous avons maintenant une relation intime. Mais je ne peux pas avoir la m\u00eame relation avec le pr\u00e9sident Donald Trump.&#8221; Et d\u2019ajouter en rigolant\u00a0: &#8220;Nous n\u2019avons pas le m\u00eame \u00e2ge et peut-\u00eatre qu\u2019avec cette diff\u00e9rence d\u2019\u00e2ge, il s\u2019attend \u00e0 une relation p\u00e8re-fils, mais je ne suis pas son fils pr\u00e9f\u00e9r\u00e9.&#8221;<\/p>\n<p class=\"std-elt__inline\">\n        <strong>\u00c0 lire aussi :<\/strong><br \/>\n        <a href=\"\/2025\/03\/02\/recit-guerre-en-ukraine-comment-la-relation-trump-zelensky-sest-degradee-depuis-2019-jusquau-clash-de-la-maison-blanche-12544629.php\">R\u00c9CIT. Guerre en Ukraine\u00a0: comment la relation Trump-Zelensky s\u2019est d\u00e9grad\u00e9e depuis 2019 jusqu\u2019au clash de la Maison Blanche<\/a>\n    <\/p>\n<h2 class=\"txt-int\">Des relations longtemps tendues<\/h2>\n<p>Depuis le d\u00e9but du conflit, les relations entre les deux hommes n\u2019ont d\u2019ailleurs pas toujours \u00e9t\u00e9 au beau fixe. En d\u00e9cembre dernier, une rencontre entre Donald Trump et Volodymyr Zelensky \u00e0 la Maison-Blanche s\u2019\u00e9tait r\u00e9v\u00e9l\u00e9e particuli\u00e8rement tendue. Les discussions entre les deux chefs d\u2019\u00c9tat avaient rapidement vir\u00e9 au clash, au point que le pr\u00e9sident ukrainien avait quitt\u00e9 les lieux pr\u00e9matur\u00e9ment. Quelques mois auparavant, en f\u00e9vrier, <a href=\"https:\/\/www.ladepeche.fr\/2025\/02\/19\/guerre-en-ukraine-donald-trump-qualifie-volodymyr-zelensky-de-dictateur-berlin-denonce-des-propos-absurdes-12523656.php\" target=\"_self\">Donald Trump avait m\u00eame qualifi\u00e9 Volodymyr Zelensky de &#8220;dictateur&#8221;<\/a>.<\/p>\n<p class=\"std-elt__inline\">\n        <strong>\u00c0 lire aussi :<\/strong><br \/>\n        <a href=\"\/2026\/03\/12\/decryptage-donald-trump-promettait-une-guerre-rapide-contre-liran-pourquoi-loffensive-americaine-est-en-train-de-se-transformer-en-bourbier-13268396.php\">DECRYPTAGE. Donald Trump promettait une guerre rapide contre l\u2019Iran\u00a0: pourquoi l\u2019offensive am\u00e9ricaine est en train de se transformer en bourbier<\/a>\n    <\/p>\n<p>Mais avec la guerre en Iran, les r\u00f4les semblent aujourd\u2019hui s\u2019inverser. Le pr\u00e9sident am\u00e9ricain aurait sollicit\u00e9 l\u2019aide de Kiev pour mieux lutter contre les drones iraniens. Des Shahed, l\u2019Ukraine en a abattu des dizaines de milliers depuis le d\u00e9but de l\u2019invasion russe. L\u2019arm\u00e9e ukrainienne conna\u00eet parfaitement ces engins\u00a0: leur altitude de vol, leur vitesse ou encore leur signature sonore. Kiev sait notamment les rep\u00e9rer gr\u00e2ce \u00e0 des capteurs acoustiques. Un retournement de situation dont l\u2019Ukraine pourrait bien tirer un avantage diplomatique.<\/p>\n<\/p><\/div>\n<p><a href=\"https:\/\/www.ladepeche.fr\/2026\/03\/14\/guerre-en-ukraine-je-ne-suis-pas-son-fils-prefere-volodymyr-zelensky-plaisante-sur-sa-relation-avec-donald-trump-13272014.php\">source<\/a><\/p>\n","protected":false},"excerpt":{"rendered":"<p>l&#8217;essentiel Interrog\u00e9 sur sa relation avec Donald Trump lors d\u2019un entretien sur France Inter vendredi 13\u00a0mars, Volodymyr Zelensky a assur\u00e9 ne pas pouvoir qualifier le pr\u00e9sident am\u00e9ricain d\u2019&#8221;ami&#8221;. Invit\u00e9 de Benjamin Duhamel, vendredi 13\u00a0mars, sur France Inter, le pr\u00e9sident ukrainien Volodymyr Zelensky a \u00e9voqu\u00e9 sa relation avec Donald Trump, non sans humour. Quatre ans apr\u00e8s [&hellip;]<\/p>\n","protected":false},"author":1,"featured_media":124691,"comment_status":"open","ping_status":"open","sticky":false,"template":"","format":"standard","meta":{"_monsterinsights_skip_tracking":false,"_monsterinsights_sitenote_active":false,"_monsterinsights_sitenote_note":"","_monsterinsights_sitenote_category":0,"footnotes":""},"categories":[1],"tags":[],"coauthors":[77],"class_list":["post-124690","post","type-post","status-publish","format-standard","has-post-thumbnail","hentry","category-a-la-une"],"aioseo_notices":[],"_links":{"self":[{"href":"https:\/\/pressactu.com\/index.php?rest_route=\/wp\/v2\/posts\/124690","targetHints":{"allow":["GET"]}}],"collection":[{"href":"https:\/\/pressactu.com\/index.php?rest_route=\/wp\/v2\/posts"}],"about":[{"href":"https:\/\/pressactu.com\/index.php?rest_route=\/wp\/v2\/types\/post"}],"author":[{"embeddable":true,"href":"https:\/\/pressactu.com\/index.php?rest_route=\/wp\/v2\/users\/1"}],"replies":[{"embeddable":true,"href":"https:\/\/pressactu.com\/index.php?rest_route=%2Fwp%2Fv2%2Fcomments&post=124690"}],"version-history":[{"count":0,"href":"https:\/\/pressactu.com\/index.php?rest_route=\/wp\/v2\/posts\/124690\/revisions"}],"wp:featuredmedia":[{"embeddable":true,"href":"https:\/\/pressactu.com\/index.php?rest_route=\/wp\/v2\/media\/124691"}],"wp:attachment":[{"href":"https:\/\/pressactu.com\/index.php?rest_route=%2Fwp%2Fv2%2Fmedia&parent=124690"}],"wp:term":[{"taxonomy":"category","embeddable":true,"href":"https:\/\/pressactu.com\/index.php?rest_route=%2Fwp%2Fv2%2Fcategories&post=124690"},{"taxonomy":"post_tag","embeddable":true,"href":"https:\/\/pressactu.com\/index.php?rest_route=%2Fwp%2Fv2%2Ftags&post=124690"},{"taxonomy":"author","embeddable":true,"href":"https:\/\/pressactu.com\/index.php?rest_route=%2Fwp%2Fv2%2Fcoauthors&post=124690"}],"curies":[{"name":"wp","href":"https:\/\/api.w.org\/{rel}","templated":true}]}}