{"id":124688,"date":"2026-03-15T00:11:57","date_gmt":"2026-03-15T00:11:57","guid":{"rendered":"https:\/\/pressactu.com\/?p=124688"},"modified":"2026-03-15T00:11:57","modified_gmt":"2026-03-15T00:11:57","slug":"le-gardien-de-dijon-se-blesse-et-doit-sortir-du-terrain-il-est-remplace-par-un-defenseur-et-son-equipe-gagne-le-match","status":"publish","type":"post","link":"https:\/\/pressactu.com\/?p=124688","title":{"rendered":"Le gardien de Dijon se blesse et doit sortir du terrain\u00a0: il est remplac\u00e9 par un\u2026 d\u00e9fenseur et son \u00e9quipe gagne le match"},"content":{"rendered":"<p>\n                                                                    <span class=\"article-full__chapo-label hide-on-small-only\">l&#8217;essentiel<\/span><br \/>\n                                                                Dijon, leader du classement de National 1, s\u2019est impos\u00e9 au bout du temps additionnel ce vendredi 13\u00a0mars malgr\u00e9 une particularit\u00e9\u00a0: un d\u00e9fenseur a gard\u00e9 les cages pendant une heure \u00e0 cause de la blessure \u00e0 l\u2019\u00e9paule du gardien titulaire.\n                            <\/p>\n<div rel=\"js-article-content\">\n                                                                                                                                                            <!-- Pub DFP Position [outstream] --><\/p>\n<p>Il ne devait pas s\u2019y attendre. Un \u00e9v\u00e9nement plus qu\u2019insolite s\u2019est produit au stade Gaston-G\u00e9rard ce vendredi 13\u00a0mars\u00a0: pendant une heure, les Bourguignons ont jou\u00e9 sans gardien.\u00a0Huit minutes apr\u00e8s l\u2019ouverture du score de Yanis Barka sur p\u00e9nalty (27e), le portier dijonnais Paul Delecroix a \u00e9t\u00e9 contraint de sortir et laisser sa place \u00e0 cause d\u2019une blessure \u00e0 l\u2019\u00e9paule.<\/p>\n<p><!-- Pub DFP Position [article] --><\/p>\n<div class=\"extemb-container\">\n<blockquote data-class=\"twitter-tweet\">\n<p lang=\"fr\" dir=\"ltr\">u23f1ufe0f 35\u2019 | Bless\u00e9, Paul Delecroix est remplac\u00e9 par Lenny Lacroix, qui prend place dans le but dijonnais.<a href=\"https:\/\/twitter.com\/hashtag\/DFCOSCAAB?src=hash&amp;ref_src=twsrc%5Etfw\">#DFCOSCAAB<\/a> | 1-0<\/p>\n<p>\u2014 Dijon FCO (@DFCO_Officiel) <a href=\"https:\/\/twitter.com\/DFCO_Officiel\/status\/2032534155850854489?ref_src=twsrc%5Etfw\">March 13, 2026<\/a><\/p><\/blockquote><\/div>\n<p>Probl\u00e8me\u00a0: en National 1, il n\u2019est pas possible d\u2019aligner plus de cinq rempla\u00e7ants. Afin de pouvoir changer la moiti\u00e9 de ses joueurs de champ, les entra\u00eeneurs privil\u00e9gient donc r\u00e9guli\u00e8rement de ne pas aligner de deuxi\u00e8me gardien. Le dernier rempart est rarement remplac\u00e9\u2026 mais quand ce changement s\u2019impose, il est toujours pratique d\u2019avoir un autre joueur pr\u00eat \u00e0 enfiler les gants.<\/p>\n<h2 class=\"txt-int\">Le gardien litt\u00e9ralement dernier d\u00e9fenseur<\/h2>\n<p>Et\u00a0ce joueur, c\u2019\u00e9tait Lenny Lacroix, habituel d\u00e9fenseur central des leaders de troisi\u00e8me division. Le gardien d\u2019un soir a bien \u00e9t\u00e9 aid\u00e9 par ses co\u00e9quipiers\u00a0: le DFCO n\u2019a conc\u00e9d\u00e9 que quatre tirs aubagnais dans l\u2019enti\u00e8ret\u00e9 de la rencontre. L\u2019un d\u2019entre eux a tout de m\u00eame trouv\u00e9 le cadre \u00e0 la 66e minute. Les visiteurs pensaient tenir le point du nul mais ont d\u00fb s\u2019incliner apr\u00e8s un deuxi\u00e8me p\u00e9nalty accord\u00e9 aux Dijonnais.<\/p>\n<p class=\"std-elt__inline\">\n        <strong>\u00c0 lire aussi :<\/strong><br \/>\n        <a href=\"\/2026\/03\/11\/cest-ce-qui-se-fait-de-pire-dans-le-management-le-changement-du-gardien-de-tottenham-apres-17-minutes-fait-polemique-13266249.php\">&#8220;C\u2019est ce qui se fait de pire dans le management\u2026&#8221; Le changement du gardien de Tottenham apr\u00e8s 17 minutes fait pol\u00e9mique<\/a>\n    <\/p>\n<p>Le gardien int\u00e9rimaire du soir s\u2019est montr\u00e9 confiant malgr\u00e9 son manque d\u2019exp\u00e9rience lors d\u2019une interview accord\u00e9e au journal local <a href=\"https:\/\/www.bienpublic.com\/sport\/2026\/03\/13\/baptiste-ridira-apres-dfco-aubagne-il-fallait-prendre-les-trois-points\" target=\"_self\">Le Bien Public<\/a>\u00a0: &#8220;Je n\u2019avais pas peur d\u2019y aller, j\u2019ai fait comme j\u2019ai pu. [\u2026] Mes prises de balle n\u2019\u00e9taient pas tr\u00e8s acad\u00e9miques. C\u2019est la premi\u00e8re fois que je mets les gants.&#8221;<\/p>\n<p class=\"std-elt__inline\">\n        <strong>\u00c0 lire aussi :<\/strong><br \/>\n        <a href=\"\/2025\/10\/18\/football-66-buts-encaisses-un-gardien-blesse-seulement-7-joueurs-sur-le-terrain-lincroyable-deroute-dun-club-allemand-13000652.php\">Football\u00a0: 66 buts encaiss\u00e9s, un gardien bless\u00e9, seulement 7 joueurs sur le terrain\u2026 L\u2019incroyable d\u00e9route d\u2019un club allemand<\/a>\n    <\/p>\n<p>Au moment du changement, les supporters dijonnais \u00e9taient peu\u00a0sereins\u00a0: &#8220;\u00c7a fait 3 ans que je crains ce moment avec cette r\u00e8gle de m**** de ce championnat&#8221;, &#8220;Sacr\u00e9 championnat de merde notre n1 quand m\u00eame&#8221;, &#8220;Mais on est foutus sans gardien l\u00e0\u2026&#8221; \u00c0 la fin du match, le r\u00e9sultat est l\u00e0\u00a0: Dijon est seul \u00e0 46 points, avec une unit\u00e9 de plus sur Rouen et Sochaux.<\/p>\n<\/p><\/div>\n<p><script async src=\"\/\/platform.twitter.com\/widgets.js\" charset=\"utf-8\"><\/script><br \/><a href=\"https:\/\/www.ladepeche.fr\/2026\/03\/14\/le-gardien-de-dijon-se-blesse-et-doit-sortir-du-terrain-il-est-remplace-par-un-defenseur-et-son-equipe-gagne-le-match-13271964.php\">source<\/a><\/p>\n","protected":false},"excerpt":{"rendered":"<p>l&#8217;essentiel Dijon, leader du classement de National 1, s\u2019est impos\u00e9 au bout du temps additionnel ce vendredi 13\u00a0mars malgr\u00e9 une particularit\u00e9\u00a0: un d\u00e9fenseur a gard\u00e9 les cages pendant une heure \u00e0 cause de la blessure \u00e0 l\u2019\u00e9paule du gardien titulaire. Il ne devait pas s\u2019y attendre. Un \u00e9v\u00e9nement plus qu\u2019insolite s\u2019est produit au stade Gaston-G\u00e9rard [&hellip;]<\/p>\n","protected":false},"author":1,"featured_media":124689,"comment_status":"open","ping_status":"open","sticky":false,"template":"","format":"standard","meta":{"_monsterinsights_skip_tracking":false,"_monsterinsights_sitenote_active":false,"_monsterinsights_sitenote_note":"","_monsterinsights_sitenote_category":0,"footnotes":""},"categories":[71],"tags":[],"coauthors":[77],"class_list":["post-124688","post","type-post","status-publish","format-standard","has-post-thumbnail","hentry","category-sport"],"aioseo_notices":[],"_links":{"self":[{"href":"https:\/\/pressactu.com\/index.php?rest_route=\/wp\/v2\/posts\/124688","targetHints":{"allow":["GET"]}}],"collection":[{"href":"https:\/\/pressactu.com\/index.php?rest_route=\/wp\/v2\/posts"}],"about":[{"href":"https:\/\/pressactu.com\/index.php?rest_route=\/wp\/v2\/types\/post"}],"author":[{"embeddable":true,"href":"https:\/\/pressactu.com\/index.php?rest_route=\/wp\/v2\/users\/1"}],"replies":[{"embeddable":true,"href":"https:\/\/pressactu.com\/index.php?rest_route=%2Fwp%2Fv2%2Fcomments&post=124688"}],"version-history":[{"count":0,"href":"https:\/\/pressactu.com\/index.php?rest_route=\/wp\/v2\/posts\/124688\/revisions"}],"wp:featuredmedia":[{"embeddable":true,"href":"https:\/\/pressactu.com\/index.php?rest_route=\/wp\/v2\/media\/124689"}],"wp:attachment":[{"href":"https:\/\/pressactu.com\/index.php?rest_route=%2Fwp%2Fv2%2Fmedia&parent=124688"}],"wp:term":[{"taxonomy":"category","embeddable":true,"href":"https:\/\/pressactu.com\/index.php?rest_route=%2Fwp%2Fv2%2Fcategories&post=124688"},{"taxonomy":"post_tag","embeddable":true,"href":"https:\/\/pressactu.com\/index.php?rest_route=%2Fwp%2Fv2%2Ftags&post=124688"},{"taxonomy":"author","embeddable":true,"href":"https:\/\/pressactu.com\/index.php?rest_route=%2Fwp%2Fv2%2Fcoauthors&post=124688"}],"curies":[{"name":"wp","href":"https:\/\/api.w.org\/{rel}","templated":true}]}}