{"id":124686,"date":"2026-03-14T23:58:13","date_gmt":"2026-03-14T23:58:13","guid":{"rendered":"https:\/\/pressactu.com\/?p=124686"},"modified":"2026-03-14T23:58:13","modified_gmt":"2026-03-14T23:58:13","slug":"agriculteurs-du-lot-echanges-tendus-entre-syndicats-apres-une-reunion-en-prefecture","status":"publish","type":"post","link":"https:\/\/pressactu.com\/?p=124686","title":{"rendered":"Agriculteurs du Lot\u00a0: \u00e9changes tendus entre syndicats apr\u00e8s une r\u00e9union en pr\u00e9fecture"},"content":{"rendered":"<p>\n                                                                    <span class=\"article-full__chapo-label hide-on-small-only\">l&#8217;essentiel<\/span><br \/>\n                                                                Dans le Lot, un communiqu\u00e9 de la FDSEA et des Jeunes agriculteurs sur des discussions avec la pr\u00e9fecture a suscit\u00e9 une vive r\u00e9action de la Coordination rurale. Celle-ci d\u00e9nonce un manque de transparence et un syst\u00e8me de &#8220;cogestion&#8221;.\n                            <\/p>\n<div rel=\"js-article-content\">\n                                                                                                                                                            <!-- Pub DFP Position [outstream] --><\/p>\n<p>Dans le d\u00e9partement, les \u00e9changes autour de plusieurs dossiers agricoles ont rapidement pris une tournure pol\u00e9mique. Jeudi 12\u00a0mars, la FDSEA et les Jeunes agriculteurs (JA) du Lot ont diffus\u00e9 un communiqu\u00e9 \u00e0 la suite d\u2019une r\u00e9union avec la pr\u00e9f\u00e8te du Lot et les services de la Direction d\u00e9partementale des territoires (DDT).<\/p>\n<p><!-- Pub DFP Position [article] --><\/p>\n<p>Dans ce document, les deux organisations syndicales indiquent notamment avoir alert\u00e9 l\u2019\u00c9tat sur la situation du sud du d\u00e9partement, territoire soumis \u00e0 des contraintes environnementales jug\u00e9es trop lourdes. Elles demandent &#8220;la r\u00e9vision des zones vuln\u00e9rables nitrates&#8221;\u00a0dans ce secteur et \u00e9voquent qu\u2019une &#8220;concertation publique devrait \u00eatre ouverte au mois d\u2019avril&#8221;. &#8220;Au regard des \u00e9l\u00e9ments techniques disponibles, la FDSEA et les JA du Lot demandent un d\u00e9classement de la zone vuln\u00e9rable nitrates sur le territoire du Quercy Blanc et des zones interm\u00e9diaires concern\u00e9es&#8221;, pr\u00e9cisent les pr\u00e9sidents des deux organisations.<\/p>\n<p>La question de la taille des haies a \u00e9galement \u00e9t\u00e9 \u00e9voqu\u00e9e. Selon les services de l\u2019\u00c9tat cit\u00e9s dans le communiqu\u00e9, une d\u00e9rogation permettant de repousser la date limite au 1er\u00a0avril aurait \u00e9t\u00e9 valid\u00e9e, en raison des &#8220;conditions m\u00e9t\u00e9orologiques de ces derni\u00e8res semaines&#8221;. Enfin, la question du fonds d\u2019urgence destin\u00e9 \u00e0 la fili\u00e8re c\u00e9r\u00e9ali\u00e8re a \u00e9galement \u00e9t\u00e9 abord\u00e9e. Un\u00a0dispositif, qui &#8220;devrait \u00eatre diffus\u00e9 dans les prochains jours&#8221;, mais est jug\u00e9 &#8220;largement insuffisant&#8221;, avec &#8220;seulement 37\u00a0000\u00a0\u20ac pr\u00e9vus pour l\u2019ensemble du d\u00e9partement&#8221;.<\/p>\n<p>Des annonces qui ont\u00a0suscit\u00e9 une vive r\u00e9action de la Coordination rurale du Lot. Dans un courrier adress\u00e9 vendredi 13\u00a0mars \u00e0 la pr\u00e9f\u00e8te, les copr\u00e9sidents Cl\u00e9ment Desport et Nicolas Espinaco disent avoir d\u00e9couvert &#8220;avec surprise&#8221; ces informations diffus\u00e9es par la FDSEA et les JA.<\/p>\n<h2 class=\"txt-int\">Une\u00a0&#8220;cogestion entre l\u2019\u00c9tat et la FNSEA&#8221;<\/h2>\n<p>Les responsables de la CR 46 affirment avoir interrog\u00e9 les services de l\u2019\u00c9tat, qui leur auraient indiqu\u00e9 que certaines informations n\u2019\u00e9taient pas encore officiellement confirm\u00e9es. &#8220;Comment des repr\u00e9sentants syndicaux peuvent-ils communiquer des informations avant m\u00eame qu\u2019elles ne soient officiellement confirm\u00e9es par l\u2019\u00c9tat\u00a0?&#8221;, interrogent-ils dans leur lettre.<\/p>\n<p>Le syndicat d\u00e9nonce \u00e9galement ce qu\u2019il qualifie de &#8220;cogestion entre l\u2019\u00c9tat et la FNSEA&#8221;, un syst\u00e8me qu\u2019il critique depuis de nombreuses ann\u00e9es. Il pointe par ailleurs l\u2019annonce d\u2019une enveloppe destin\u00e9e \u00e0 la fili\u00e8re c\u00e9r\u00e9ali\u00e8re jug\u00e9e insuffisante et encore peu d\u00e9taill\u00e9e. &#8220;Une chose est certaine\u00a0: il est totalement inacceptable que l\u2019ensemble des agriculteurs du d\u00e9partement n\u2019aient pas acc\u00e8s aux m\u00eames informations au m\u00eame moment&#8221;, d\u00e9noncent les copr\u00e9sidents, Cl\u00e9ment Desport et Nicolas Espinaco.<\/p>\n<p>Dans la foul\u00e9e, les copr\u00e9sidents de\u00a0la Coordination rurale du Lot ont \u00e9galement interpell\u00e9 le pr\u00e9sident de la chambre d\u2019agriculture du Lot, St\u00e9phane Pons. Dans un second courrier, ils lui demandent d\u2019\u00e9tudier la possibilit\u00e9 d\u2019une r\u00e9duction exceptionnelle des prestations factur\u00e9es aux agriculteurs, sur le mod\u00e8le d\u2019une d\u00e9cision r\u00e9cemment prise dans la Vienne. &#8220;Nous vous demandons donc de traiter notre demande dans les plus brefs d\u00e9lais.&#8221;<\/p>\n<\/p><\/div>\n<p><a href=\"https:\/\/www.ladepeche.fr\/2026\/03\/14\/agriculteurs-du-lot-echanges-tendus-entre-syndicats-apres-une-reunion-en-prefecture-13271960.php\">source<\/a><\/p>\n","protected":false},"excerpt":{"rendered":"<p>l&#8217;essentiel Dans le Lot, un communiqu\u00e9 de la FDSEA et des Jeunes agriculteurs sur des discussions avec la pr\u00e9fecture a suscit\u00e9 une vive r\u00e9action de la Coordination rurale. Celle-ci d\u00e9nonce un manque de transparence et un syst\u00e8me de &#8220;cogestion&#8221;. Dans le d\u00e9partement, les \u00e9changes autour de plusieurs dossiers agricoles ont rapidement pris une tournure pol\u00e9mique. [&hellip;]<\/p>\n","protected":false},"author":1,"featured_media":124687,"comment_status":"open","ping_status":"open","sticky":false,"template":"","format":"standard","meta":{"_monsterinsights_skip_tracking":false,"_monsterinsights_sitenote_active":false,"_monsterinsights_sitenote_note":"","_monsterinsights_sitenote_category":0,"footnotes":""},"categories":[74],"tags":[],"coauthors":[77],"class_list":["post-124686","post","type-post","status-publish","format-standard","has-post-thumbnail","hentry","category-economie"],"aioseo_notices":[],"_links":{"self":[{"href":"https:\/\/pressactu.com\/index.php?rest_route=\/wp\/v2\/posts\/124686","targetHints":{"allow":["GET"]}}],"collection":[{"href":"https:\/\/pressactu.com\/index.php?rest_route=\/wp\/v2\/posts"}],"about":[{"href":"https:\/\/pressactu.com\/index.php?rest_route=\/wp\/v2\/types\/post"}],"author":[{"embeddable":true,"href":"https:\/\/pressactu.com\/index.php?rest_route=\/wp\/v2\/users\/1"}],"replies":[{"embeddable":true,"href":"https:\/\/pressactu.com\/index.php?rest_route=%2Fwp%2Fv2%2Fcomments&post=124686"}],"version-history":[{"count":0,"href":"https:\/\/pressactu.com\/index.php?rest_route=\/wp\/v2\/posts\/124686\/revisions"}],"wp:featuredmedia":[{"embeddable":true,"href":"https:\/\/pressactu.com\/index.php?rest_route=\/wp\/v2\/media\/124687"}],"wp:attachment":[{"href":"https:\/\/pressactu.com\/index.php?rest_route=%2Fwp%2Fv2%2Fmedia&parent=124686"}],"wp:term":[{"taxonomy":"category","embeddable":true,"href":"https:\/\/pressactu.com\/index.php?rest_route=%2Fwp%2Fv2%2Fcategories&post=124686"},{"taxonomy":"post_tag","embeddable":true,"href":"https:\/\/pressactu.com\/index.php?rest_route=%2Fwp%2Fv2%2Ftags&post=124686"},{"taxonomy":"author","embeddable":true,"href":"https:\/\/pressactu.com\/index.php?rest_route=%2Fwp%2Fv2%2Fcoauthors&post=124686"}],"curies":[{"name":"wp","href":"https:\/\/api.w.org\/{rel}","templated":true}]}}