{"id":124684,"date":"2026-03-14T23:35:02","date_gmt":"2026-03-14T23:35:02","guid":{"rendered":"https:\/\/pressactu.com\/?p=124684"},"modified":"2026-03-14T23:35:02","modified_gmt":"2026-03-14T23:35:02","slug":"le-nouveau-guide-supreme-iranien-toujours-invisible-le-mystere-de-letat-de-sante-de-mojtaba-khamenei","status":"publish","type":"post","link":"https:\/\/pressactu.com\/?p=124684","title":{"rendered":"Le nouveau guide supr\u00eame iranien toujours invisible\u00a0: le myst\u00e8re de l\u2019\u00e9tat de sant\u00e9 de Mojtaba Khamenei"},"content":{"rendered":"<div auto_robot_readability=\"105.56200345423\">\n                          <!-- partials\/article\/hook_media--standard.volt --><\/p>\n<figure class=\"hook-media--standard \" auto_robot_readability=\"-22\">\n    <picture class=\"hook-media_picture pb-8\"><source media=\"(max-width: 768px)\" srcset=\"https:\/\/focus.nouvelobs.com\/2026\/03\/14\/0\/0\/7200\/4800\/375\/250\/75\/0\/3cf3049_upload-1-3ghjqk88bhhn-068-aa-14032026-2694441.jpg 1x,https:\/\/focus.nouvelobs.com\/2026\/03\/14\/0\/0\/7200\/4800\/750\/500\/50\/0\/3cf3049_upload-1-3ghjqk88bhhn-068-aa-14032026-2694441.jpg 2x\" width=\"375\" height=\"250\"><img fetchpriority=\"high\" decoding=\"async\" class=\"mx-auto\" src=\"data:image\/svg+xml,%3Csvg%20xmlns%3D%27http%3A%2F%2Fwww.w3.org%2F2000%2Fsvg%27%20fill%3D%22%23e4e4e4%22%20viewBox%3D%270%200%20510%20340%27%20width%3D%22510%22%20height%3D%22340%22%3E%3Cpath%20d%3D%27M0%200h510v340H0z%27%2F%3E%3C%2Fsvg%3E\" srcset=\"https:\/\/focus.nouvelobs.com\/2026\/03\/14\/0\/0\/7200\/4800\/510\/340\/75\/0\/3cf3049_upload-1-3ghjqk88bhhn-068-aa-14032026-2694441.jpg 1x,https:\/\/focus.nouvelobs.com\/2026\/03\/14\/0\/0\/7200\/4800\/1020\/680\/50\/0\/3cf3049_upload-1-3ghjqk88bhhn-068-aa-14032026-2694441.jpg 2x\" loading=\"eager\" width=\"510\" height=\"340\" data-oncrawl-image-size=\"510x340\" alt=\"Une banderole repr\u00e9sentant le nouveau guide supr\u00eame iranien, Mojtaba Khamenei, \u00e0 T\u00e9h\u00e9ran en Iran, le 14\u00a0mars 2026.\"\/>      <\/source><\/picture><figcaption class=\"hook-media_figcaption\" auto_robot_readability=\"-19\">\n<p class=\"latino-100m text-grey-600\">\n            Une banderole repr\u00e9sentant le nouveau guide supr\u00eame iranien, Mojtaba Khamenei, \u00e0 T\u00e9h\u00e9ran en Iran, le 14\u00a0mars 2026.\u00a0<span class=\"text-grey-600 ms-4\">FATEMEH BAHRAMI \/ ANADOLU VIA AFP<\/span>        <\/p>\n<\/figcaption><\/figure>\n<p>            <!-- partials\/article\/actions\/toolbar --><\/p>\n<div class=\"article__share d-flex align-items-center py-24 border-bottom  mb-32\" style=\"--border-color:#D9D9D9;\">\n<div class=\"d-flex flex-wrap gap-16\" auto_robot_readability=\"5.4432989690722\">\n<p>          <!-- partials\/article\/actions\/gift.volt --><\/p>\n<p>          <!-- partials\/article\/actions\/comment.volt --><\/p>\n<p>  <button data-article-key=\"20260314.OBS113182\" aria-label=\"Lire\u00a0plus\u00a0tard\" data-section=\"Monde\" data-piano=\"Page_Article,Sous_date_publi,A_lire_plus_tard,1er_clic,action\" class=\"popover-trigger btn--tertiary btn--icon-only btn btn--small btn--secondary read-later\"><br \/>\n    <i class=\"icon  icon-read-after\" aria-hidden=\"true\"\/><br \/>\n          <span class=\"latino-300r mt-2 \"><br \/>\n        Lire\u00a0plus\u00a0tard      <\/span><br \/>\n      <\/button><\/p>\n<p><a aria-label=\"Nous suivre sur Google News\" href=\"https:\/\/news.google.com\/publications\/CAAqBwgKMJe4nQkw3dFs?hl=fr&amp;gl=FR&amp;ceid=FR%3Afr\" target=\"_blank\" data-piano=\"Page_Article,Sous_date_publi,Nous_suivre_sur_google_news,1er_clic,action\" class=\"btn btn--small btn--tertiary btn--icon-only\"><br \/>\n        <svg class=\"icon icon--google  \" style=\"--fill:#56668A\">\n              <use href=\"\/bucket\/resources\/web\/img\/e86dad2a9be111d0faac.svg#google\"\/><\/p>\n<p>  <\/svg><br \/>\n      <span class=\"latino-300r mt-2 \">Google Actualit\u00e9s<\/span><br \/>\n  <\/a><\/p>\n<p>          <!-- partials\/article\/actions\/hook_action--share.volt --><br \/>\n<button id=\"share\" aria-label=\"Partager\" class=\"popover-trigger btn btn--small btn--tertiary btn--icon-only\" data-piano=\"Page_Article,Sous_date_publi,Partager,1er_clic,action\"><br \/>\n        <svg class=\"icon icon--share-alt  \" style=\"--fill:var(--base-foreground-color,#171717)\">\n              <use href=\"\/bucket\/resources\/web\/img\/e86dad2a9be111d0faac.svg#share-alt\"\/><\/p>\n<p>  <\/svg><br \/>\n  <span class=\"latino-300r mt-2\">Partager<\/span><br \/>\n<\/button><\/p>\n<div id=\"popover-share\" data-url=\"https:\/\/www.nouvelobs.com\/monde\/20260314.OBS113182\/le-nouveau-guide-supreme-iranien-toujours-invisible-le-mystere-de-l-etat-de-sante-de-mojtaba-khamenei.html\" data-id=\"20260314.OBS113182\" data-popover-for=\"share\" class=\"popover p-32\" role=\"tooltip\" style=\"width: 375px\" auto_robot_readability=\"7\">\n<p>\n          <button onclick=\"setToFacebook();\" class=\"btn btn--large btn--secondary\" aria-label=\"Facebook\" piano-context-origin=\"Page_Article,Sous_date_publi,Partager,Facebook,action\"><br \/>\n              <svg class=\"icon icon--facebook  \" style=\"--fill:var(--base-foreground-color,#171717)\">\n              <use href=\"\/bucket\/resources\/web\/img\/e86dad2a9be111d0faac.svg#facebook\"\/><\/p>\n<p>  <\/svg><br \/>\n        <span class=\"latino-300r\">Facebook<\/span><br \/>\n      <\/button><br \/>\n      <button onclick=\"setToBsky();\" class=\"btn btn--large btn--secondary\" aria-label=\"Bluesky\" piano-context-origin=\"Page_Article,Sous_date_publi,Partager,Bluesky,action\"><br \/>\n              <svg class=\"icon icon--bluesky  \" style=\"--fill:var(--base-foreground-color,#171717)\">\n              <use href=\"\/bucket\/resources\/web\/img\/e86dad2a9be111d0faac.svg#bluesky\"\/><\/p>\n<p>  <\/svg><br \/>\n        <span class=\"latino-300r\">Bluesky<\/span><br \/>\n      <\/button><br \/>\n      <button id=\"mail-button\" onclick=\"setToMail(true)\" class=\"btn btn--large btn--secondary\" aria-label=\"Mail\" piano-context-origin=\"Page_Article,Sous_date_publi,Partager,Email,action\"><br \/>\n              <svg class=\"icon icon--mail  \" style=\"--fill:var(--base-foreground-color,#171717)\">\n              <use href=\"\/bucket\/resources\/web\/img\/e86dad2a9be111d0faac.svg#mail\"\/><\/p>\n<p>  <\/svg><br \/>\n        <span class=\"latino-300r\">E-mail<\/span><br \/>\n      <\/button><br \/>\n      <button onclick=\"setToClipboard();\" class=\"copy-button btn btn--large btn--secondary\" aria-label=\"copier le lien\" piano-context-origin=\"Page_Article,Sous_date_publi,Partager,Copier_lien,action\"><br \/>\n              <svg class=\"icon icon--link  \" style=\"--fill:var(--base-foreground-color,#171717)\">\n              <use href=\"\/bucket\/resources\/web\/img\/e86dad2a9be111d0faac.svg#link\"\/><\/p>\n<p>  <\/svg><br \/>\n        <span class=\"latino-300r\">Copier le lien<\/span><br \/>\n      <\/button>\n      <\/p>\n<p>\n    <button id=\"share-mail-submit\" type=\"submit\" form=\"mail-form\" onclick=\"__forecast.collectShareMail()\" class=\"latino-300r btn btn--large btn--black btn--fit\"><br \/>\n      Envoyer<br \/>\n    <\/button>\n  <\/p>\n<\/div>\n<p>          <!-- app\/web\/views\/partials\/article\/actions\/subscribe.volt --><\/p>\n<p>            <span data-urlencode=\"L2Fib25uZW1lbnQtbXVuaWNpcGFsZXMtMjAyNg==\" data-piano=\"Page_Article,Sous_date_publi,S_abonner_Municipales2026,1er_clic,action\" data-batch=\"clic_s_abonner\" class=\"btn btn--small btn--conversion-secondary\" style=\"--btn-color:#FFF;--btn-color-hover:#FFF;--btn-bg:#522DF7;--btn-bg-hover:#522DF7;--btn-bg-focus:#522DF7;--btn-border-color:#522DF7;\"><br \/>\n      S\u2019abonner    <\/span><\/p><\/div>\n<\/div>\n<p>            <!-- partials\/article\/contextual_blocks.volt --><\/p>\n<p>    <!-- partials\/article\/node.volt --><br \/>\n<!-- partials\/article\/node_text.volt --><\/p>\n<p class=\"node__paragraphe antonia-750r text-grey-800 pb-24 pb-md-32\">\nDans quel \u00e9tat de sant\u00e9 se trouve Mojtaba Khamenei\u00a0? C\u2019est la question qui se pose depuis le 8\u00a0mars, date \u00e0 laquelle <a href=\"https:\/\/www.nouvelobs.com\/monde\/20260309.OBS113028\/qui-est-le-nouveau-guide-supreme-en-iran-mojtaba-khamenei-un-heritier-conteste-au-c-ur-de-la-guerre.html\">cet ayatollah iranien de 56\u00a0ans a \u00e9t\u00e9 d\u00e9sign\u00e9 guide supr\u00eame<\/a> en remplacement de son p\u00e8re, Ali Khamenei, tu\u00e9 au premier jour de l\u2019attaque lanc\u00e9e par les Etats-Unis et Isra\u00ebl. Il n\u2019est apparu nulle part depuis son \u00e9lection. Ce qui ouvre la voie \u00e0 toutes les sp\u00e9culations possibles.<\/p>\n<p>            <!-- partials\/article\/node.volt --><br \/>\n<!-- partials\/article\/node_text.volt --><\/p>\n<p class=\"node__paragraphe antonia-750r text-grey-800 pb-24 pb-md-32\">\nLe 11\u00a0mars, le fils du <a href=\"https:\/\/www.nouvelobs.com\/monde\/20240716.OBS91192\/iran-massoud-pezeshkian-le-docteur-de-la-paix.html\">pr\u00e9sident iranien Massoud Pezeshkian<\/a>, par ailleurs conseiller du gouvernement, s\u2019est m\u00eame senti oblig\u00e9 d\u2019assurer que Mojtaba Khamenei \u00e9tait <em>\u00ab\u00a0sain et sauf\u00a0\u00bb<\/em>. Mais s\u2019il est en effet peu probable qu\u2019il soit mort \u2013 la cha\u00eene isra\u00e9lienne Channel 12\u00a0a d\u00e9clar\u00e9 qu\u2019il \u00e9tait vivant \u2013, il pourrait en revanche \u00eatre bless\u00e9. <em>\u00ab\u00a0Bless\u00e9 et probablement d\u00e9figur\u00e9\u00a0\u00bb<\/em>, a assur\u00e9 sans preuves vendredi le ministre am\u00e9ricain de la D\u00e9fense Pete Hegseth.<\/p>\n<p>      <!-- partials\/article\/node.volt --><br \/>\n<!-- partials\/article\/node_text.volt --><\/p>\n<p class=\"node__paragraphe antonia-750r text-grey-800 pb-24 pb-md-32\">\nLe ministre iranien des Affaires \u00e9trang\u00e8res, Abbas Araghchi, a d\u00e9clar\u00e9 ce samedi 14\u00a0mars \u00e0 la t\u00e9l\u00e9vision am\u00e9ricaine qu\u2019il n\u2019y avait <em>\u00ab\u00a0pas de probl\u00e8me\u00a0\u00bb<\/em> avec le nouveau guide supr\u00eame Mojtaba Khamenei. <em>\u00ab\u00a0Il y a beaucoup d\u2019accusations de ce genre. Ils verront bien, j\u2019imagine, qu\u2019il n\u2019y a pas de probl\u00e8me avec le nouveau guide supr\u00eame\u00a0\u00bb<\/em>, a d\u00e9clar\u00e9 le ministre \u00e0 la cha\u00eene MSNow en r\u00e9ponse \u00e0 une question sur son \u00e9tat de sant\u00e9.<\/p>\n<p>      <!-- partials\/article\/node.volt --><br \/>\n<!-- partials\/article\/node_text.volt --><\/p>\n<p class=\"node__paragraphe antonia-750r text-grey-800 pb-24 pb-md-32\">\nN\u2019emp\u00eache. Alors que le flou est maintenu par le r\u00e9gime iranien sur sa condition actuelle, la t\u00e9l\u00e9vision d\u2019Etat et certains responsables ont d\u00e9clar\u00e9 que Motjaba Khamenei a bel et bien \u00e9t\u00e9 touch\u00e9 le 28\u00a0f\u00e9vrier, lors des bombardements qui ont tu\u00e9 son p\u00e8re, mais aussi sa m\u00e8re et son \u00e9pouse. <em>\u00ab\u00a0Il \u00e9tait l\u00e0 aussi et il a \u00e9t\u00e9 bless\u00e9<\/em>, a confirm\u00e9 l\u2019ambassadeur iranien \u00e0 Chypre <a target=\"_blank\" href=\"https:\/\/www.theguardian.com\/world\/2026\/mar\/11\/mojtaba-khamenei-was-hurt-in-strike-that-killed-his-father-irans-cyprus-ambassador-confirms\" rel=\"noopener\">au \u201cGuardian\u201d<\/a>. <em>J\u2019ai entendu dire qu\u2019il avait \u00e9t\u00e9 bless\u00e9 aux jambes, \u00e0 la main et au bras\u2026 Je pense qu\u2019il est hospitalis\u00e9 \u00e0 cause de ses blessures.\u00a0\u00bb<\/em><\/p>\n<p>            <!-- partials\/article\/node.volt --><br \/>\n<!-- partials\/article\/node_media.volt --><\/p>\n<p>      <!-- partials\/article\/node.volt --><br \/>\n<!-- partials\/article\/node_text.volt --><\/p>\n<p class=\"node__paragraphe antonia-750r text-grey-800 pb-24 pb-md-32\">\nUne source <a target=\"_blank\" href=\"https:\/\/edition.cnn.com\/2026\/03\/11\/middleeast\/mojtaba-khamenei-injuries-iran-supreme-leader-latam-intl\" rel=\"noopener\">aupr\u00e8s de CNN<\/a> \u00e9voque une <em>\u00ab\u00a0fracture au pied\u00a0\u00bb<\/em> et des <em>\u00ab\u00a0blessures l\u00e9g\u00e8res\u00a0\u00bb<\/em>, notamment <em>\u00ab\u00a0un h\u00e9matome autour de l\u2019\u0153il gauche ainsi que de l\u00e9g\u00e8res lac\u00e9rations au visage\u00a0\u00bb<\/em>. Si des rumeurs sur le fait qu\u2019il pourrait \u00eatre gravement handicap\u00e9, voire dans le coma, ont circul\u00e9es, rien ne permet d\u2019affirmer que ce soit vraiment le cas. Les m\u00e9dias d\u2019Etat contr\u00f4l\u00e9s par T\u00e9h\u00e9ran ont cependant qualifi\u00e9 Mojtaba Khamenei de <em>\u00ab\u00a0janbaz\u00a0\u00bb<\/em>, un terme d\u00e9signant les anciens combattants iraniens handicap\u00e9s.<\/p>\n<p>      <!-- partials\/article\/node.volt --><br \/>\n<!-- partials\/article\/node_text.volt --><\/p>\n<h2 class=\"node__heading latino-800m latino-lg-1400e text-grey-800 pb-8 pb-md-16\">\nSilhouette en carton, vid\u00e9o LEGO et ancien clich\u00e9 modifi\u00e9 par IA<\/h2>\n<p>      <!-- partials\/article\/node.volt --><br \/>\n<!-- partials\/article\/node_text.volt --><\/p>\n<p class=\"node__paragraphe antonia-750r text-grey-800 pb-24 pb-md-32\">\nLa nature des blessures de Mojtaba Khamenei n\u2019est pas le seul sujet de conjectures. On se demande aussi si c\u2019est leur gravit\u00e9 \u2013 plut\u00f4t que des imp\u00e9ratifs de s\u00e9curit\u00e9 \u2013 qui l\u2019emp\u00eache d\u2019appara\u00eetre en public. Lors de son investiture, une silhouette en carton \u00e0 son effigie a \u00e9t\u00e9 pr\u00e9sent\u00e9e \u00e0 la place. La c\u00e9r\u00e9monie a ensuite \u00e9t\u00e9 reconstitu\u00e9e par la t\u00e9l\u00e9vision iranienne\u2026 dans une vid\u00e9o d\u2019animation toute en LEGO.<\/p>\n<p>      <!-- partials\/article\/node.volt --><br \/>\n<!-- partials\/article\/node_media.volt --><\/p>\n<p>      <!-- partials\/article\/node.volt --><br \/>\n<!-- partials\/article\/node_text.volt --><\/p>\n<p class=\"node__paragraphe antonia-750r text-grey-800 pb-24 pb-md-32\">\nLe 12\u00a0mars, le nouveau guide supr\u00eame a fait diffuser un message sans contenu vid\u00e9o ni audio. C\u2019est la pr\u00e9sentatrice de la t\u00e9l\u00e9vision d\u2019Etat qui a lu \u00e0 haute voix un texte o\u00f9 il promet une <em>\u00ab\u00a0vengeance\u00a0\u00bb<\/em> qui sera <em>\u00ab\u00a0men\u00e9e jusqu\u2019au bout\u00a0\u00bb<\/em>. Les t\u00e9l\u00e9spectateurs n\u2019ont pu voir qu\u2019une image d\u2019archive de Mojtaba Khamenei et un drapeau de la R\u00e9publique islamique g\u00e9n\u00e9r\u00e9 num\u00e9riquement. Par la suite, l\u2019agence de presse officielle Fars a post\u00e9 quatre photos de Mojtaba Khamenei, qui s\u2019av\u00e8rent \u00eatre des anciens clich\u00e9s modifi\u00e9s par intelligence artificielle.<\/p>\n<p>            <!-- partials\/article\/node.volt --><br \/>\n<!-- partials\/article\/node_media.volt --><\/p>\n<p>      <!-- partials\/article\/node.volt --><br \/>\n<!-- partials\/article\/node_text.volt --><\/p>\n<p class=\"node__paragraphe antonia-750r text-grey-800 pb-24 pb-md-32\">\nLe signe qu\u2019il n\u2019est pas en \u00e9tat de se montrer publiquement\u00a0? Qu\u2019il ne peut pas parler\u00a0? Ou que la moindre apparition serait, surtout, trop dangereuse pour lui\u00a0? Le nouveau guide ne s\u2019est pas pr\u00e9sent\u00e9 aux fun\u00e9railles des hauts commandants militaires tu\u00e9s dans les frappes am\u00e9ricano-isra\u00e9liennes. <em>\u00ab\u00a0Je ne pense pas qu\u2019il se sentirait \u00e0 l\u2019aise pour prononcer des discours, quelle que soit la situation\u00a0\u00bb<\/em>, a tent\u00e9 de justifier l\u2019ambassadeur iranien \u00e0 Chypre au \u00ab\u00a0Guardian\u00a0\u00bb. Emile Hokayem, de l\u2019International Institute for Strategic Studies, bas\u00e9 \u00e0 Londres, a d\u00e9clar\u00e9 \u00e0 l\u2019AFP s\u2019attendre \u00e0 ce qu\u2019il <em>\u00ab\u00a0reste dans un bunker pendant tr\u00e8s longtemps\u00a0\u00bb<\/em> alors que <em>\u00ab\u00a0l\u2019\u00e9liminer rapidement est assur\u00e9ment une priorit\u00e9 isra\u00e9lienne\u00a0\u00bb<\/em>.<\/p>\n<p>      <!-- partials\/article\/node.volt --><br \/>\n<!-- partials\/article\/node_text.volt --><\/p>\n<p class=\"node__paragraphe antonia-750r text-grey-800 pb-24 pb-md-32\">\nAvant son \u00e9lection dimanche 8\u00a0mars, Donald Trump avait averti qu\u2019il serait <em>\u00ab\u00a0inacceptable\u00a0\u00bb<\/em>, pour lui, que Mojtaba Khamenei soit nomm\u00e9 guide supr\u00eame. <em>\u00ab\u00a0S\u2019il n\u2019obtient pas notre approbation, il ne fera pas long feu\u00a0\u00bb,<\/em> avait menac\u00e9 le pr\u00e9sident am\u00e9ricain. Vendredi 13\u00a0mars, Washington a annonc\u00e9 offrir une r\u00e9compense de 10\u00a0millions de dollars en vue d\u2019informations sur le sort des dirigeants iraniens, y compris sur celui du nouveau guide supr\u00eame.<\/p>\n<\/p><\/div>\n<p><a href=\"https:\/\/www.nouvelobs.com\/monde\/20260314.OBS113182\/le-nouveau-guide-supreme-iranien-toujours-invisible-le-mystere-de-l-etat-de-sante-de-mojtaba-khamenei.html\">source<\/a><\/p>\n","protected":false},"excerpt":{"rendered":"<p>Une banderole repr\u00e9sentant le nouveau guide supr\u00eame iranien, Mojtaba Khamenei, \u00e0 T\u00e9h\u00e9ran en Iran, le 14\u00a0mars 2026.\u00a0FATEMEH BAHRAMI \/ ANADOLU VIA AFP Lire\u00a0plus\u00a0tard Google Actualit\u00e9s Partager Facebook Bluesky E-mail Copier le lien Envoyer S\u2019abonner Dans quel \u00e9tat de sant\u00e9 se trouve Mojtaba Khamenei\u00a0? C\u2019est la question qui se pose depuis le 8\u00a0mars, date \u00e0 laquelle [&hellip;]<\/p>\n","protected":false},"author":1,"featured_media":124685,"comment_status":"open","ping_status":"open","sticky":false,"template":"","format":"standard","meta":{"_monsterinsights_skip_tracking":false,"_monsterinsights_sitenote_active":false,"_monsterinsights_sitenote_note":"","_monsterinsights_sitenote_category":0,"footnotes":""},"categories":[75],"tags":[],"coauthors":[77],"class_list":["post-124684","post","type-post","status-publish","format-standard","has-post-thumbnail","hentry","category-monde"],"aioseo_notices":[],"_links":{"self":[{"href":"https:\/\/pressactu.com\/index.php?rest_route=\/wp\/v2\/posts\/124684","targetHints":{"allow":["GET"]}}],"collection":[{"href":"https:\/\/pressactu.com\/index.php?rest_route=\/wp\/v2\/posts"}],"about":[{"href":"https:\/\/pressactu.com\/index.php?rest_route=\/wp\/v2\/types\/post"}],"author":[{"embeddable":true,"href":"https:\/\/pressactu.com\/index.php?rest_route=\/wp\/v2\/users\/1"}],"replies":[{"embeddable":true,"href":"https:\/\/pressactu.com\/index.php?rest_route=%2Fwp%2Fv2%2Fcomments&post=124684"}],"version-history":[{"count":0,"href":"https:\/\/pressactu.com\/index.php?rest_route=\/wp\/v2\/posts\/124684\/revisions"}],"wp:featuredmedia":[{"embeddable":true,"href":"https:\/\/pressactu.com\/index.php?rest_route=\/wp\/v2\/media\/124685"}],"wp:attachment":[{"href":"https:\/\/pressactu.com\/index.php?rest_route=%2Fwp%2Fv2%2Fmedia&parent=124684"}],"wp:term":[{"taxonomy":"category","embeddable":true,"href":"https:\/\/pressactu.com\/index.php?rest_route=%2Fwp%2Fv2%2Fcategories&post=124684"},{"taxonomy":"post_tag","embeddable":true,"href":"https:\/\/pressactu.com\/index.php?rest_route=%2Fwp%2Fv2%2Ftags&post=124684"},{"taxonomy":"author","embeddable":true,"href":"https:\/\/pressactu.com\/index.php?rest_route=%2Fwp%2Fv2%2Fcoauthors&post=124684"}],"curies":[{"name":"wp","href":"https:\/\/api.w.org\/{rel}","templated":true}]}}