{"id":124682,"date":"2026-03-14T22:50:26","date_gmt":"2026-03-14T22:50:26","guid":{"rendered":"https:\/\/pressactu.com\/?p=124682"},"modified":"2026-03-14T22:50:26","modified_gmt":"2026-03-14T22:50:26","slug":"la-voiture-percute-un-platane-un-jeune-homme-de-17-ans-succombe-a-ses-blessures","status":"publish","type":"post","link":"https:\/\/pressactu.com\/?p=124682","title":{"rendered":"La voiture percute un platane\u00a0: un jeune homme de 17 ans succombe \u00e0 ses blessures"},"content":{"rendered":"<p>\n                                                                    <span class=\"article-full__chapo-label hide-on-small-only\">l&#8217;essentiel<\/span><br \/>\n                                                                Un jeune homme de 17 ans a perdu la vie apr\u00e8s un grave accident survenu vendredi matin \u00e0 l\u2019entr\u00e9e de Montr\u00e9jeau, dans le sud de la Haute-Garonne. La voiture a quitt\u00e9 la chauss\u00e9e avant de percuter un platane.\n                            <\/p>\n<div rel=\"js-article-content\">\n                                                                                                                                                            <!-- Pub DFP Position [outstream] --><\/p>\n<p>Le jour vient de se lever\u00a0lorsque les secours convergent vers la D817, \u00e0 l\u2019entr\u00e9e de Montr\u00e9jeau, dans le sud de la Haute-Garonne. Il est un peu plus de 7\u00a0h\u00a030, ce vendredi matin, lorsqu\u2019une voiture conduite par un adolescent de 17 ans quitte brusquement la chauss\u00e9e avant de percuter un platane.<\/p>\n<p><!-- Pub DFP Position [article] --><\/p>\n<p class=\"std-elt__inline\">\n        <strong>\u00c0 lire aussi :<\/strong><br \/>\n        <a href=\"\/2026\/03\/13\/la-voiture-sencastre-dans-un-platane-lors-dun-depassement-un-mort-et-deux-blesses-pres-de-toulouse-13270255.php\">La voiture s\u2019encastre dans un platane lors d\u2019un d\u00e9passement\u00a0: un mort et deux bless\u00e9s dans un accident, pr\u00e8s de Toulouse<\/a>\n    <\/p>\n<p>\u00c0 bord du v\u00e9hicule se trouvent deux jeunes hommes. Selon les premiers \u00e9l\u00e9ments recueillis sur place, la voiture, conduite par ce jeune conducteur encore mineur, serait seule en cause. Apr\u00e8s la sortie de route, le choc contre l\u2019arbre est violent. Les deux occupants sont secourus par les \u00e9quipes d\u2019intervention.<\/p>\n<p class=\"std-elt__inline\">\n        <strong>\u00c0 lire aussi :<\/strong><br \/>\n        <a href=\"\/2026\/03\/14\/un-adolescent-de-17-ans-blesse-grievement-apres-un-accident-entre-une-voiture-et-deux-trottinettes-au-nord-de-toulouse-13271915.php\">Un adolescent de 17 ans bless\u00e9 gri\u00e8vement apr\u00e8s un accident entre une voiture et deux trottinettes au nord de Toulouse<\/a>\n    <\/p>\n<p>Le conducteur, gri\u00e8vement bless\u00e9, est pris en charge en urgence. Son passager, plus l\u00e9g\u00e8rement atteint, est \u00e9galement \u00e9vacu\u00e9 vers l\u2019h\u00f4pital. Un h\u00e9licopt\u00e8re m\u00e9dicalis\u00e9 est d\u2019abord d\u00e9p\u00each\u00e9 sur place, mais l\u2019\u00e9tat du conducteur, jug\u00e9 trop instable, conduit finalement les secours \u00e0 privil\u00e9gier un transport par la route vers le centre hospitalier de Purpan, \u00e0 Toulouse.<\/p>\n<h2 class=\"txt-int\">Des circonstances encore inconnues<\/h2>\n<p>Malgr\u00e9 les soins prodigu\u00e9s, l\u2019adolescent est d\u00e9c\u00e9d\u00e9 dans la soir\u00e9e de vendredi. Les circonstances pr\u00e9cises de l\u2019accident restent encore \u00e0 \u00e9claircir. \u00c0 ce stade, aucune information ne permet de d\u00e9terminer si la vitesse, l\u2019alcool ou la consommation de stup\u00e9fiants ont jou\u00e9 un r\u00f4le dans le drame. La chauss\u00e9e \u00e9tait toutefois humide au moment des faits.<\/p>\n<p class=\"std-elt__inline\">\n        <strong>\u00c0 lire aussi :<\/strong><br \/>\n        <a href=\"\/2026\/03\/13\/jai-entendu-un-enorme-boum-le-temoignage-glacant-dune-riveraine-apres-laccident-qui-a-coute-la-vie-a-une-jeune-femme-pres-de-toulouse-13270766.php\">&#8220;J\u2019ai entendu un \u00e9norme boum&#8221;\u00a0: Le t\u00e9moignage gla\u00e7ant d\u2019une riveraine apr\u00e8s l\u2019accident qui a co\u00fbt\u00e9 la vie \u00e0 une jeune femme pr\u00e8s de Toulouse<\/a>\n    <\/p>\n<p>&#8220;On m\u2019a dit que ce n\u2019\u00e9tait pas un enfant du village. C\u2019est tr\u00e8s regrettable. Il \u00e9tait si jeune\u2026&#8221;, d\u00e9plore \u00c9ric Miquel, maire de Montr\u00e9jeau. Selon l\u2019\u00e9lu, l\u2019adolescent serait originaire des Hautes-Pyr\u00e9n\u00e9es, du secteur de Saint-Lary.<\/p>\n<p data-is-last-node=\"\" data-is-only-node=\"\">Une enqu\u00eate devra d\u00e9sormais d\u00e9terminer les causes exactes de cette sortie de route survenue \u00e0 l\u2019entr\u00e9e de la commune.<\/p>\n<\/p><\/div>\n<p><a href=\"https:\/\/www.ladepeche.fr\/2026\/03\/14\/la-voiture-percute-un-platane-un-jeune-homme-de-17-ans-succombe-a-ses-blessures-13272019.php\">source<\/a><\/p>\n","protected":false},"excerpt":{"rendered":"<p>l&#8217;essentiel Un jeune homme de 17 ans a perdu la vie apr\u00e8s un grave accident survenu vendredi matin \u00e0 l\u2019entr\u00e9e de Montr\u00e9jeau, dans le sud de la Haute-Garonne. La voiture a quitt\u00e9 la chauss\u00e9e avant de percuter un platane. Le jour vient de se lever\u00a0lorsque les secours convergent vers la D817, \u00e0 l\u2019entr\u00e9e de Montr\u00e9jeau, [&hellip;]<\/p>\n","protected":false},"author":1,"featured_media":124683,"comment_status":"open","ping_status":"open","sticky":false,"template":"","format":"standard","meta":{"_monsterinsights_skip_tracking":false,"_monsterinsights_sitenote_active":false,"_monsterinsights_sitenote_note":"","_monsterinsights_sitenote_category":0,"footnotes":""},"categories":[1],"tags":[],"coauthors":[77],"class_list":["post-124682","post","type-post","status-publish","format-standard","has-post-thumbnail","hentry","category-a-la-une"],"aioseo_notices":[],"_links":{"self":[{"href":"https:\/\/pressactu.com\/index.php?rest_route=\/wp\/v2\/posts\/124682","targetHints":{"allow":["GET"]}}],"collection":[{"href":"https:\/\/pressactu.com\/index.php?rest_route=\/wp\/v2\/posts"}],"about":[{"href":"https:\/\/pressactu.com\/index.php?rest_route=\/wp\/v2\/types\/post"}],"author":[{"embeddable":true,"href":"https:\/\/pressactu.com\/index.php?rest_route=\/wp\/v2\/users\/1"}],"replies":[{"embeddable":true,"href":"https:\/\/pressactu.com\/index.php?rest_route=%2Fwp%2Fv2%2Fcomments&post=124682"}],"version-history":[{"count":0,"href":"https:\/\/pressactu.com\/index.php?rest_route=\/wp\/v2\/posts\/124682\/revisions"}],"wp:featuredmedia":[{"embeddable":true,"href":"https:\/\/pressactu.com\/index.php?rest_route=\/wp\/v2\/media\/124683"}],"wp:attachment":[{"href":"https:\/\/pressactu.com\/index.php?rest_route=%2Fwp%2Fv2%2Fmedia&parent=124682"}],"wp:term":[{"taxonomy":"category","embeddable":true,"href":"https:\/\/pressactu.com\/index.php?rest_route=%2Fwp%2Fv2%2Fcategories&post=124682"},{"taxonomy":"post_tag","embeddable":true,"href":"https:\/\/pressactu.com\/index.php?rest_route=%2Fwp%2Fv2%2Ftags&post=124682"},{"taxonomy":"author","embeddable":true,"href":"https:\/\/pressactu.com\/index.php?rest_route=%2Fwp%2Fv2%2Fcoauthors&post=124682"}],"curies":[{"name":"wp","href":"https:\/\/api.w.org\/{rel}","templated":true}]}}