{"id":124680,"date":"2026-03-14T22:30:54","date_gmt":"2026-03-14T22:30:54","guid":{"rendered":"https:\/\/pressactu.com\/?p=124680"},"modified":"2026-03-14T22:30:54","modified_gmt":"2026-03-14T22:30:54","slug":"xv-de-legende-du-stade-toulousain-le-jour-ou-byron-kelleher-a-fait-le-haka-sur-le-toit-du-bus","status":"publish","type":"post","link":"https:\/\/pressactu.com\/?p=124680","title":{"rendered":"XV de l\u00e9gende du Stade Toulousain\u00a0: le jour o\u00f9 Byron Kelleher a fait le haka sur le toit du bus"},"content":{"rendered":"<p>\n                                                                    <span class=\"article-full__chapo-label hide-on-small-only\">l&#8217;essentiel<\/span><br \/>\n                                                                Il fait partie des nomm\u00e9s pour le poste de demi de m\u00eal\u00e9e du XV de l\u00e9gende du Stade Toulousain de ces trente derni\u00e8res ann\u00e9es\u00a0: Byron Kelleher. Lui et le haka, c\u2019est une longue histoire et pas uniquement tout au long de ses 57 s\u00e9lections avec la Nouvelle-Z\u00e9lande. Le haka a beaucoup \u00e9t\u00e9 effectu\u00e9 \u00e0 Toulouse. Trop\u00a0?\n                            <\/p>\n<div rel=\"js-article-content\">\n                                                                                                                                                            <!-- Pub DFP Position [outstream] --><\/p>\n<p>Nous sommes le 29\u00a0juin 2008. Place du Capitole. La veille, le Stade a renou\u00e9 avec la tradition en ramenant le Brennus \u00e0 Toulouse, sept ans apr\u00e8s le dernier titre.<\/p>\n<p><!-- Pub DFP Position [article] --><\/p>\n<p><a href=\"https:\/\/www.ladepeche.fr\/2026\/01\/12\/stade-toulousain-elisez-votre-xv-de-legende-de-ces-trente-dernieres-annees-avec-la-depeche-du-midi-13154749.php\" target=\"_blank\">\u00c9lisez le XV de l\u00e9gende du Stade Toulousain des 30 derni\u00e8res ann\u00e9es avec La D\u00e9p\u00eache du Midi\u00a0: toutes les explications sont \u00e0 retrouver ici.<\/a><\/p>\n<p><iframe title=\"XV de l\u00e9gende du Stade Toulousain - demi de m\u00eal\u00e9e\" id=\"qualifio1767110\" class=\"qualifio_iframe_tag\" width=\"100%\" height=\"1200\" scrolling=\"auto\" frameborder=\"0\" hspace=\"0\" vspace=\"0\" style=\"overflow-x: hidden;max-width:580px\" data-src=\"https:\/\/groupeladepeche.qualifioapp.com\/20\/FB042E5F-4A71-4EDB-AEBE-D0B459D6AE13\/v1.cfm?id=FB042E5F-4A71-4EDB-AEBE-D0B459D6AE13\"><\/iframe><\/p>\n<p>La sc\u00e8ne la plus insolite ne va pas, alors, se produire au balcon de la mairie mais sur le toit du bus. Yannick Nyanga et Gr\u00e9gory Lamboley tiennent le Bouclier et, devant eux, le N\u00e9o-Z\u00e9landais, en bermuda et torse nu, va interpr\u00e9ter le haka devant la foule m\u00e9dus\u00e9e puis d\u00e9cha\u00een\u00e9e. Une image forte.<\/p>\n<p class=\"std-elt__inline\">\n        <strong>\u00c0 lire aussi :<\/strong><br \/>\n        <a href=\"\/2026\/03\/14\/xv-de-legende-du-stade-toulousain-pourquoi-jerome-cazalbou-cest-monsieur-quinze-titres-13266773.php\">XV de l\u00e9gende du Stade Toulousain\u00a0: pourquoi J\u00e9r\u00f4me Cazalbou, c\u2019est monsieur\u2026 quinze titres<\/a>\n    <\/p>\n<p>Kelleher et le haka c\u2019est une longue histoire et pas uniquement tout au long de ses 57 s\u00e9lections. Son rapport\u00a0avec le haka a coll\u00e9 \u00e0 la peau du All Black et le peuple maori n\u2019a pas toujours appr\u00e9ci\u00e9\u00a0; jugeant que ce rapport\u00a0\u00e9tait parfois un accroc avec la tradition.<\/p>\n<p class=\"std-elt__inline\">\n        <strong>\u00c0 lire aussi :<\/strong><br \/>\n        <a href=\"\/2025\/07\/26\/insolite-un-all-black-derriere-le-comptoir-byron-kelleher-de-passage-a-rodez-12845755.php\">Insolite. Un All Black derri\u00e8re le comptoir :  Byron Kelleher de passage \u00e0 Rodez<\/a>\n    <\/p>\n<p>Ainsi, lorsqu\u2019il avait lanc\u00e9 le Haka Challenge qui proposait de se filmer en effectuant un haka et de poster sa prestation sur les r\u00e9seaux sociaux afin de r\u00e9colter des fonds. De m\u00eame, quand le demi de m\u00eal\u00e9e a ouvert le Haka Corner, des voix s\u2019\u00e9taient \u00e9galement \u00e9lev\u00e9es, du c\u00f4t\u00e9 de la Nouvelle-Z\u00e9lande, pour critiquer ce concept de bar m\u00ealant culture rugby entra\u00eenant de la consommation d\u2019alcool et culture maori. On ne badine pas avec le haka en Nouvelle-Z\u00e9lande.<\/p>\n<p class=\"std-elt__inline\">\n        <strong>\u00c0 lire aussi :<\/strong><br \/>\n        <a href=\"\/2026\/03\/14\/xv-de-legende-du-stade-toulousain-qui-est-le-meilleur-demi-de-melee-votez-13266732.php\">XV de l\u00e9gende du Stade Toulousain\u00a0: qui est le meilleur demi de m\u00eal\u00e9e\u00a0? Votez\u00a0!<\/a>\n    <\/p>\n<p>Il reste que, dans l\u2019histoire du Stade Toulousain, le All Black restera le num\u00e9ro un des N\u00e9o-Z\u00e9landais au Stade.<\/p>\n<\/p><\/div>\n<p><a href=\"https:\/\/www.ladepeche.fr\/2026\/03\/14\/xv-de-legende-du-stade-toulousain-le-jour-ou-byron-kelleher-a-fait-le-haka-sur-le-toit-du-bus-13266746.php\">source<\/a><\/p>\n","protected":false},"excerpt":{"rendered":"<p>l&#8217;essentiel Il fait partie des nomm\u00e9s pour le poste de demi de m\u00eal\u00e9e du XV de l\u00e9gende du Stade Toulousain de ces trente derni\u00e8res ann\u00e9es\u00a0: Byron Kelleher. Lui et le haka, c\u2019est une longue histoire et pas uniquement tout au long de ses 57 s\u00e9lections avec la Nouvelle-Z\u00e9lande. Le haka a beaucoup \u00e9t\u00e9 effectu\u00e9 \u00e0 [&hellip;]<\/p>\n","protected":false},"author":1,"featured_media":124681,"comment_status":"open","ping_status":"open","sticky":false,"template":"","format":"standard","meta":{"_monsterinsights_skip_tracking":false,"_monsterinsights_sitenote_active":false,"_monsterinsights_sitenote_note":"","_monsterinsights_sitenote_category":0,"footnotes":""},"categories":[71],"tags":[],"coauthors":[77],"class_list":["post-124680","post","type-post","status-publish","format-standard","has-post-thumbnail","hentry","category-sport"],"aioseo_notices":[],"_links":{"self":[{"href":"https:\/\/pressactu.com\/index.php?rest_route=\/wp\/v2\/posts\/124680","targetHints":{"allow":["GET"]}}],"collection":[{"href":"https:\/\/pressactu.com\/index.php?rest_route=\/wp\/v2\/posts"}],"about":[{"href":"https:\/\/pressactu.com\/index.php?rest_route=\/wp\/v2\/types\/post"}],"author":[{"embeddable":true,"href":"https:\/\/pressactu.com\/index.php?rest_route=\/wp\/v2\/users\/1"}],"replies":[{"embeddable":true,"href":"https:\/\/pressactu.com\/index.php?rest_route=%2Fwp%2Fv2%2Fcomments&post=124680"}],"version-history":[{"count":0,"href":"https:\/\/pressactu.com\/index.php?rest_route=\/wp\/v2\/posts\/124680\/revisions"}],"wp:featuredmedia":[{"embeddable":true,"href":"https:\/\/pressactu.com\/index.php?rest_route=\/wp\/v2\/media\/124681"}],"wp:attachment":[{"href":"https:\/\/pressactu.com\/index.php?rest_route=%2Fwp%2Fv2%2Fmedia&parent=124680"}],"wp:term":[{"taxonomy":"category","embeddable":true,"href":"https:\/\/pressactu.com\/index.php?rest_route=%2Fwp%2Fv2%2Fcategories&post=124680"},{"taxonomy":"post_tag","embeddable":true,"href":"https:\/\/pressactu.com\/index.php?rest_route=%2Fwp%2Fv2%2Ftags&post=124680"},{"taxonomy":"author","embeddable":true,"href":"https:\/\/pressactu.com\/index.php?rest_route=%2Fwp%2Fv2%2Fcoauthors&post=124680"}],"curies":[{"name":"wp","href":"https:\/\/api.w.org\/{rel}","templated":true}]}}