{"id":124676,"date":"2026-03-14T21:54:23","date_gmt":"2026-03-14T21:54:23","guid":{"rendered":"https:\/\/pressactu.com\/?p=124676"},"modified":"2026-03-14T21:54:23","modified_gmt":"2026-03-14T21:54:23","slug":"explosion-de-nuit-devant-une-ecole-juive-damsterdam-ce-que-lon-sait","status":"publish","type":"post","link":"https:\/\/pressactu.com\/?p=124676","title":{"rendered":"Explosion de nuit devant une \u00e9cole juive d\u2019Amsterdam\u00a0: ce que l\u2019on sait"},"content":{"rendered":"<div auto_robot_readability=\"92.51395572666\">\n                          <!-- partials\/article\/hook_media--standard.volt --><\/p>\n<figure class=\"hook-media--standard \" auto_robot_readability=\"-22\">\n    <picture class=\"hook-media_picture pb-8\"><source media=\"(max-width: 768px)\" srcset=\"https:\/\/focus.nouvelobs.com\/2026\/03\/14\/0\/0\/5263\/3508\/375\/250\/75\/0\/cdd8caa_upload-1-hpg9qjfgl1ss-000-a3983v6.jpg 1x,https:\/\/focus.nouvelobs.com\/2026\/03\/14\/0\/0\/5263\/3508\/750\/500\/50\/0\/cdd8caa_upload-1-hpg9qjfgl1ss-000-a3983v6.jpg 2x\" width=\"375\" height=\"250\"><img fetchpriority=\"high\" decoding=\"async\" class=\"mx-auto\" src=\"data:image\/svg+xml,%3Csvg%20xmlns%3D%27http%3A%2F%2Fwww.w3.org%2F2000%2Fsvg%27%20fill%3D%22%23e4e4e4%22%20viewBox%3D%270%200%20510%20340%27%20width%3D%22510%22%20height%3D%22340%22%3E%3Cpath%20d%3D%27M0%200h510v340H0z%27%2F%3E%3C%2Fsvg%3E\" srcset=\"https:\/\/focus.nouvelobs.com\/2026\/03\/14\/0\/0\/5263\/3508\/510\/340\/75\/0\/cdd8caa_upload-1-hpg9qjfgl1ss-000-a3983v6.jpg 1x,https:\/\/focus.nouvelobs.com\/2026\/03\/14\/0\/0\/5263\/3508\/1020\/680\/50\/0\/cdd8caa_upload-1-hpg9qjfgl1ss-000-a3983v6.jpg 2x\" loading=\"eager\" width=\"510\" height=\"340\" data-oncrawl-image-size=\"510x340\" alt=\"Une voiture de police gar\u00e9e devant une \u00e9cole juive o\u00f9 une explosion a \u00e9t\u00e9 signal\u00e9e, \u00e0 Amsterdam, aux Pays-Bas, le 14\u00a0mars 2026.\"\/>      <\/source><\/picture><figcaption class=\"hook-media_figcaption\" auto_robot_readability=\"-19\">\n<p class=\"latino-100m text-grey-600\">\n            Une voiture de police gar\u00e9e devant une \u00e9cole juive o\u00f9 une explosion a \u00e9t\u00e9 signal\u00e9e, \u00e0 Amsterdam, aux Pays-Bas, le 14\u00a0mars 2026.\u00a0<span class=\"text-grey-600 ms-4\">MICHEL VAN BERGEN \/ AFP<\/span>        <\/p>\n<\/figcaption><\/figure>\n<p>            <!-- partials\/article\/actions\/toolbar --><\/p>\n<div class=\"article__share d-flex align-items-center py-24 border-bottom  mb-32\" style=\"--border-color:#D9D9D9;\">\n<div class=\"d-flex flex-wrap gap-16\" auto_robot_readability=\"5.4432989690722\">\n<p>          <!-- partials\/article\/actions\/gift.volt --><\/p>\n<p>          <!-- partials\/article\/actions\/comment.volt --><\/p>\n<p>  <button data-article-key=\"20260314.OBS113175\" aria-label=\"Lire\u00a0plus\u00a0tard\" data-section=\"Monde\" data-piano=\"Page_Article,Sous_date_publi,A_lire_plus_tard,1er_clic,action\" class=\"popover-trigger btn--tertiary btn--icon-only btn btn--small btn--secondary read-later\"><br \/>\n    <i class=\"icon  icon-read-after\" aria-hidden=\"true\"\/><br \/>\n          <span class=\"latino-300r mt-2 \"><br \/>\n        Lire\u00a0plus\u00a0tard      <\/span><br \/>\n      <\/button><\/p>\n<p><a aria-label=\"Nous suivre sur Google News\" href=\"https:\/\/news.google.com\/publications\/CAAqBwgKMJe4nQkw3dFs?hl=fr&amp;gl=FR&amp;ceid=FR%3Afr\" target=\"_blank\" data-piano=\"Page_Article,Sous_date_publi,Nous_suivre_sur_google_news,1er_clic,action\" class=\"btn btn--small btn--tertiary btn--icon-only\"><br \/>\n        <svg class=\"icon icon--google  \" style=\"--fill:#56668A\">\n              <use href=\"\/bucket\/resources\/web\/img\/e86dad2a9be111d0faac.svg#google\"\/><\/p>\n<p>  <\/svg><br \/>\n      <span class=\"latino-300r mt-2 \">Google Actualit\u00e9s<\/span><br \/>\n  <\/a><\/p>\n<p>          <!-- partials\/article\/actions\/hook_action--share.volt --><br \/>\n<button id=\"share\" aria-label=\"Partager\" class=\"popover-trigger btn btn--small btn--tertiary btn--icon-only\" data-piano=\"Page_Article,Sous_date_publi,Partager,1er_clic,action\"><br \/>\n        <svg class=\"icon icon--share-alt  \" style=\"--fill:var(--base-foreground-color,#171717)\">\n              <use href=\"\/bucket\/resources\/web\/img\/e86dad2a9be111d0faac.svg#share-alt\"\/><\/p>\n<p>  <\/svg><br \/>\n  <span class=\"latino-300r mt-2\">Partager<\/span><br \/>\n<\/button><\/p>\n<div id=\"popover-share\" data-url=\"https:\/\/www.nouvelobs.com\/monde\/20260314.OBS113175\/explosion-de-nuit-devant-une-ecole-juive-d-amsterdam-ce-que-l-on-sait.html\" data-id=\"20260314.OBS113175\" data-popover-for=\"share\" class=\"popover p-32\" role=\"tooltip\" style=\"width: 375px\" auto_robot_readability=\"7\">\n<p>\n          <button onclick=\"setToFacebook();\" class=\"btn btn--large btn--secondary\" aria-label=\"Facebook\" piano-context-origin=\"Page_Article,Sous_date_publi,Partager,Facebook,action\"><br \/>\n              <svg class=\"icon icon--facebook  \" style=\"--fill:var(--base-foreground-color,#171717)\">\n              <use href=\"\/bucket\/resources\/web\/img\/e86dad2a9be111d0faac.svg#facebook\"\/><\/p>\n<p>  <\/svg><br \/>\n        <span class=\"latino-300r\">Facebook<\/span><br \/>\n      <\/button><br \/>\n      <button onclick=\"setToBsky();\" class=\"btn btn--large btn--secondary\" aria-label=\"Bluesky\" piano-context-origin=\"Page_Article,Sous_date_publi,Partager,Bluesky,action\"><br \/>\n              <svg class=\"icon icon--bluesky  \" style=\"--fill:var(--base-foreground-color,#171717)\">\n              <use href=\"\/bucket\/resources\/web\/img\/e86dad2a9be111d0faac.svg#bluesky\"\/><\/p>\n<p>  <\/svg><br \/>\n        <span class=\"latino-300r\">Bluesky<\/span><br \/>\n      <\/button><br \/>\n      <button id=\"mail-button\" onclick=\"setToMail(true)\" class=\"btn btn--large btn--secondary\" aria-label=\"Mail\" piano-context-origin=\"Page_Article,Sous_date_publi,Partager,Email,action\"><br \/>\n              <svg class=\"icon icon--mail  \" style=\"--fill:var(--base-foreground-color,#171717)\">\n              <use href=\"\/bucket\/resources\/web\/img\/e86dad2a9be111d0faac.svg#mail\"\/><\/p>\n<p>  <\/svg><br \/>\n        <span class=\"latino-300r\">E-mail<\/span><br \/>\n      <\/button><br \/>\n      <button onclick=\"setToClipboard();\" class=\"copy-button btn btn--large btn--secondary\" aria-label=\"copier le lien\" piano-context-origin=\"Page_Article,Sous_date_publi,Partager,Copier_lien,action\"><br \/>\n              <svg class=\"icon icon--link  \" style=\"--fill:var(--base-foreground-color,#171717)\">\n              <use href=\"\/bucket\/resources\/web\/img\/e86dad2a9be111d0faac.svg#link\"\/><\/p>\n<p>  <\/svg><br \/>\n        <span class=\"latino-300r\">Copier le lien<\/span><br \/>\n      <\/button>\n      <\/p>\n<p>\n    <button id=\"share-mail-submit\" type=\"submit\" form=\"mail-form\" onclick=\"__forecast.collectShareMail()\" class=\"latino-300r btn btn--large btn--black btn--fit\"><br \/>\n      Envoyer<br \/>\n    <\/button>\n  <\/p>\n<\/div>\n<p>          <!-- app\/web\/views\/partials\/article\/actions\/subscribe.volt --><\/p>\n<p>            <span data-urlencode=\"L2Fib25uZW1lbnQtbXVuaWNpcGFsZXMtMjAyNg==\" data-piano=\"Page_Article,Sous_date_publi,S_abonner_Municipales2026,1er_clic,action\" data-batch=\"clic_s_abonner\" class=\"btn btn--small btn--conversion-secondary\" style=\"--btn-color:#FFF;--btn-color-hover:#FFF;--btn-bg:#522DF7;--btn-bg-hover:#522DF7;--btn-bg-focus:#522DF7;--btn-border-color:#522DF7;\"><br \/>\n      S\u2019abonner    <\/span><\/p><\/div>\n<\/div>\n<p>            <!-- partials\/article\/contextual_blocks.volt --><\/p>\n<p>    <!-- partials\/article\/node.volt --><br \/>\n<!-- partials\/article\/node_text.volt --><\/p>\n<p class=\"node__paragraphe antonia-750r text-grey-800 pb-24 pb-md-32\">\nUne explosion s\u2019est produite dans la nuit de vendredi 13\u00a0mars \u00e0 ce samedi\u00a014\u00a0contre le mur ext\u00e9rieur d\u2019une \u00e9cole juive d\u2019Amsterdam, a annonc\u00e9 la maire de la capitale n\u00e9erlandaise Femke Halsema, d\u00e9non\u00e7ant <em>\u00ab\u00a0un acte l\u00e2che d\u2019agression\u00a0\u00bb<\/em> \u00e0 l\u2019encontre de la communaut\u00e9 juive. Il n\u2019y a pas eu de bless\u00e9.<\/p>\n<p>                  <!-- partials\/article\/node.volt --><br \/>\n<!-- partials\/article\/node_media.volt --><\/p>\n<p>      <!-- partials\/article\/node.volt --><br \/>\n<!-- partials\/article\/node_text.volt --><\/p>\n<p class=\"node__paragraphe antonia-750r text-grey-800 pb-24 pb-md-32\">\nLa police, qui a ouvert une enqu\u00eate, dispose d\u2019images de vid\u00e9osurveillance d\u2019un homme d\u00e9posant l\u2019engin explosif, selon Femke Halsema. <em>\u00ab\u00a0La police et les pompiers sont rapidement arriv\u00e9s sur les lieux\u00a0\u00bb<\/em>, dans le quartier Buitenveldert dans le sud d\u2019Amsterdam, et <em>\u00ab\u00a0les d\u00e9g\u00e2ts mat\u00e9riels sont limit\u00e9s\u00a0\u00bb<\/em>, a ajout\u00e9 la bourgmestre (maire) dans un communiqu\u00e9.<\/p>\n<p>      <!-- partials\/article\/node.volt --><br \/>\n<!-- partials\/article\/node_text.volt --><\/p>\n<p class=\"node__paragraphe antonia-750r text-grey-800 pb-24 pb-md-32\">\nLes juifs d\u2019Amsterdam sont <em>\u00ab\u00a0de plus en plus souvent confront\u00e9s \u00e0 l\u2019antis\u00e9mitisme et c\u2019est inacceptable\u00a0\u00bb<\/em>, a d\u00e9nonc\u00e9 la maire. <em>\u00ab\u00a0Une \u00e9cole doit \u00eatre un lieu o\u00f9 les enfants peuvent suivre leurs cours en toute s\u00e9curit\u00e9. Amsterdam doit \u00eatre un lieu o\u00f9 les juifs peuvent vivre en s\u00e9curit\u00e9\u00a0\u00bb<\/em><\/p>\n<p>      <!-- partials\/article\/node.volt --><br \/>\n<!-- partials\/article\/node_text.volt --><\/p>\n<h2 class=\"node__heading latino-800m latino-lg-1400e text-grey-800 pb-8 pb-md-16\">\n\u2022 Isra\u00ebl d\u00e9nonce une \u00ab\u00a0vague antis\u00e9mite\u00a0\u00bb<\/h2>\n<p>      <!-- partials\/article\/node.volt --><br \/>\n<!-- partials\/article\/node_text.volt --><\/p>\n<p class=\"node__paragraphe antonia-750r text-grey-800 pb-24 pb-md-32\">\n<em>\u00ab\u00a0Aux Pays-Bas, une vague d\u2019antis\u00e9mitisme fait rage\u00a0\u00bb<\/em>, a r\u00e9agi le minist\u00e8re isra\u00e9lien des Affaires \u00e9trang\u00e8res dans un communiqu\u00e9 sur X. <em>\u00ab\u00a0O\u00f9 aura lieu la prochaine attaque\u00a0?\u00a0\u00bb<\/em>, accuse ce communiqu\u00e9, estimant que <em>\u00ab\u00a0le gouvernement n\u00e9erlandais doit faire beaucoup plus pour lutter contre l\u2019antis\u00e9mitisme\u00a0\u00bb<\/em>.<\/p>\n<p>      <!-- partials\/article\/node.volt --><br \/>\n<!-- partials\/article\/node_text.volt --><\/p>\n<h2 class=\"node__heading latino-800m latino-lg-1400e text-grey-800 pb-8 pb-md-16\">\n\u2022 La synagogue de Rotterdam vis\u00e9e vendredi<\/h2>\n<p>      <!-- partials\/article\/node.volt --><br \/>\n<!-- partials\/article\/node_text.volt --><\/p>\n<p class=\"node__paragraphe antonia-750r text-grey-800 pb-24 pb-md-32\">\nCette explosion ciblant un lieu juif rappelle un incident similaire survenu cette semaine, de nuit \u00e9galement, devant la synagogue de Rotterdam (Pays-Bas). <em>\u00ab\u00a0C\u2019est terrible. L\u2019antis\u00e9mitisme n\u2019a pas sa place aux Pays-Bas\u00a0\u00bb<\/em>, a r\u00e9agi sur le r\u00e9seau X <a href=\"https:\/\/www.nouvelobs.com\/monde\/20251103.OBS109403\/athlete-intello-pourfendeur-du-populisme-qui-est-rob-jetten-probable-futur-premier-ministre-des-pays-bas.html\">le chef du gouvernement n\u00e9erlandais Rob Jetten<\/a>. <em>\u00ab\u00a0Je comprends la col\u00e8re et la peur que cela suscite, et je vais rapidement m\u2019entretenir avec la communaut\u00e9 juive. Elle doit toujours se sentir en s\u00e9curit\u00e9 dans notre pays\u00a0\u00bb<\/em>, a-t-il ajout\u00e9.<\/p>\n<p>            <!-- partials\/article\/node.volt --><br \/>\n<!-- partials\/article\/node_media.volt --><\/p>\n<p>      <!-- partials\/article\/node.volt --><br \/>\n<!-- partials\/article\/node_text.volt --><\/p>\n<p class=\"node__paragraphe antonia-750r text-grey-800 pb-24 pb-md-32\">\nVendredi, apr\u00e8s l\u2019explosion devant une synagogue de Rotterdam, les autorit\u00e9s n\u00e9erlandaises avaient annonc\u00e9 l\u2019arrestation de quatre jeunes hommes soup\u00e7onn\u00e9s d\u2019\u00eatre impliqu\u00e9s dans cette attaque. Une vid\u00e9o non authentifi\u00e9e montrant une explosion pr\u00e8s d\u2019un \u00e9difice ressemblant \u00e0 la synagogue vis\u00e9e a circul\u00e9 sur les r\u00e9seaux sociaux vendredi.<\/p>\n<p>      <!-- partials\/article\/node.volt --><br \/>\n<!-- partials\/article\/node_text.volt --><\/p>\n<p class=\"node__paragraphe antonia-750r text-grey-800 pb-24 pb-md-32\">\nDans une conf\u00e9rence de presse, Rob Jetten avait d\u00e9j\u00e0 condamn\u00e9 tout acte de violence ou d\u2019intimidation \u00e0 l\u2019\u00e9gard de la communaut\u00e9 juive ou de toute autre minorit\u00e9 religieuse.<\/p>\n<p>      <!-- partials\/article\/node.volt --><br \/>\n<!-- partials\/article\/node_text.volt --><\/p>\n<h2 class=\"node__heading latino-800m latino-lg-1400e text-grey-800 pb-8 pb-md-16\">\n\u2022 La synagogue de Li\u00e8ge, en Belgique, vis\u00e9e lundi<\/h2>\n<p>      <!-- partials\/article\/node.volt --><br \/>\n<!-- partials\/article\/node_text.volt --><\/p>\n<p class=\"node__paragraphe antonia-750r text-grey-800 pb-24 pb-md-32\">\nCette s\u00e9rie d\u2019attaques survient dans le contexte de la guerre au Moyen-Orient, o\u00f9 Isra\u00ebl compte parmi les bellig\u00e9rants. Lundi peu avant 4\u00a0heures du matin, en Belgique voisine, une explosion avait secou\u00e9 une synagogue de Li\u00e8ge, y causant des dommages mais ne faisant l\u00e0 non plus aucun bless\u00e9.<\/p>\n<p>            <!-- partials\/article\/node.volt --><br \/>\n<!-- partials\/article\/node_media.volt --><\/p>\n<p>      <!-- partials\/article\/node.volt --><br \/>\n<!-- partials\/article\/node_text.volt --><\/p>\n<p class=\"node__paragraphe antonia-750r text-grey-800 pb-24 pb-md-32\">\nL\u2019attaque avait \u00e9t\u00e9 fermement condamn\u00e9e par la classe politique belge et des responsables europ\u00e9ens. Le ministre belge de l\u2019Int\u00e9rieur Bernard Quintin avait fustig\u00e9 <em>\u00ab\u00a0un acte antis\u00e9mite abject\u00a0\u00bb<\/em>.<\/p>\n<p>      <!-- partials\/article\/node.volt --><br \/>\n<!-- partials\/article\/node_text.volt --><\/p>\n<p class=\"node__paragraphe antonia-750r text-grey-800 pb-24 pb-md-32\">\nL\u2019enqu\u00eate a \u00e9t\u00e9 confi\u00e9e au parquet f\u00e9d\u00e9ral belge, comp\u00e9tent en mati\u00e8re de terrorisme, qui a dit 48\u00a0heures apr\u00e8s les faits analyser une vid\u00e9o potentiellement prise par des jihadistes dans laquelle l\u2019explosion est revendiqu\u00e9e.<\/p>\n<div class=\"article__author pb-32\" auto_robot_readability=\"32\">\n    <!-- app\/web\/views\/partials\/article\/authors.volt --><\/p>\n<p class=\"authors latino-600m text-grey-800\">\n<p>  <span>Par\u00a0<\/span><br \/>\nService Actu\u00a0(avec AFP)<\/p>\n<\/p><\/div>\n<\/p><\/div>\n<p><a href=\"https:\/\/www.nouvelobs.com\/monde\/20260314.OBS113175\/explosion-de-nuit-devant-une-ecole-juive-d-amsterdam-ce-que-l-on-sait.html\">source<\/a><\/p>\n","protected":false},"excerpt":{"rendered":"<p>Une voiture de police gar\u00e9e devant une \u00e9cole juive o\u00f9 une explosion a \u00e9t\u00e9 signal\u00e9e, \u00e0 Amsterdam, aux Pays-Bas, le 14\u00a0mars 2026.\u00a0MICHEL VAN BERGEN \/ AFP Lire\u00a0plus\u00a0tard Google Actualit\u00e9s Partager Facebook Bluesky E-mail Copier le lien Envoyer S\u2019abonner Une explosion s\u2019est produite dans la nuit de vendredi 13\u00a0mars \u00e0 ce samedi\u00a014\u00a0contre le mur ext\u00e9rieur d\u2019une [&hellip;]<\/p>\n","protected":false},"author":1,"featured_media":124677,"comment_status":"open","ping_status":"open","sticky":false,"template":"","format":"standard","meta":{"_monsterinsights_skip_tracking":false,"_monsterinsights_sitenote_active":false,"_monsterinsights_sitenote_note":"","_monsterinsights_sitenote_category":0,"footnotes":""},"categories":[75],"tags":[],"coauthors":[77],"class_list":["post-124676","post","type-post","status-publish","format-standard","has-post-thumbnail","hentry","category-monde"],"aioseo_notices":[],"_links":{"self":[{"href":"https:\/\/pressactu.com\/index.php?rest_route=\/wp\/v2\/posts\/124676","targetHints":{"allow":["GET"]}}],"collection":[{"href":"https:\/\/pressactu.com\/index.php?rest_route=\/wp\/v2\/posts"}],"about":[{"href":"https:\/\/pressactu.com\/index.php?rest_route=\/wp\/v2\/types\/post"}],"author":[{"embeddable":true,"href":"https:\/\/pressactu.com\/index.php?rest_route=\/wp\/v2\/users\/1"}],"replies":[{"embeddable":true,"href":"https:\/\/pressactu.com\/index.php?rest_route=%2Fwp%2Fv2%2Fcomments&post=124676"}],"version-history":[{"count":0,"href":"https:\/\/pressactu.com\/index.php?rest_route=\/wp\/v2\/posts\/124676\/revisions"}],"wp:featuredmedia":[{"embeddable":true,"href":"https:\/\/pressactu.com\/index.php?rest_route=\/wp\/v2\/media\/124677"}],"wp:attachment":[{"href":"https:\/\/pressactu.com\/index.php?rest_route=%2Fwp%2Fv2%2Fmedia&parent=124676"}],"wp:term":[{"taxonomy":"category","embeddable":true,"href":"https:\/\/pressactu.com\/index.php?rest_route=%2Fwp%2Fv2%2Fcategories&post=124676"},{"taxonomy":"post_tag","embeddable":true,"href":"https:\/\/pressactu.com\/index.php?rest_route=%2Fwp%2Fv2%2Ftags&post=124676"},{"taxonomy":"author","embeddable":true,"href":"https:\/\/pressactu.com\/index.php?rest_route=%2Fwp%2Fv2%2Fcoauthors&post=124676"}],"curies":[{"name":"wp","href":"https:\/\/api.w.org\/{rel}","templated":true}]}}