{"id":124674,"date":"2026-03-14T21:09:44","date_gmt":"2026-03-14T21:09:44","guid":{"rendered":"https:\/\/pressactu.com\/?p=124674"},"modified":"2026-03-14T21:09:44","modified_gmt":"2026-03-14T21:09:44","slug":"soupconne-detre-ladministrateur-dun-site-pedopornographique-du-darkweb-un-toulousain-ecroue-a-paris","status":"publish","type":"post","link":"https:\/\/pressactu.com\/?p=124674","title":{"rendered":"Soup\u00e7onn\u00e9 d\u2019\u00eatre l\u2019administrateur d\u2019un site p\u00e9dopornographique du darkweb, un Toulousain \u00e9crou\u00e9 \u00e0 Paris"},"content":{"rendered":"<p>\n                                                                    <span class=\"article-full__chapo-label hide-on-small-only\">l&#8217;essentiel<\/span><br \/>\n                                                                Une plateforme p\u00e9dopornographique du dark web a \u00e9t\u00e9 d\u00e9mantel\u00e9e en 2024. Un homme d\u2019une trentaine d\u2019ann\u00e9es, arr\u00eat\u00e9 \u00e0 Toulouse, est soup\u00e7onn\u00e9 d\u2019en avoir \u00e9t\u00e9 le gestionnaire durant deux ans.\n                            <\/p>\n<div rel=\"js-article-content\" data-state=\"fixed-height\" data-selection=\"disabled\">\n                                                                                                                                                            <!-- Pub DFP Position [outstream] --><\/p>\n<p>La plateforme s\u2019appelait &#8220;Alice in Wonderland&#8221;, en r\u00e9f\u00e9rence au livre de Lewis Carroll et \u00e0 sa jeune h\u00e9ro\u00efne. Mais on \u00e9tait tr\u00e8s loin de l\u2019univers po\u00e9tique de l\u2019auteur. L\u00e0, il s\u2019agissait d\u2019un site p\u00e9dopornographique du dark web. Vendredi, un homme n\u00e9 en 1994 a \u00e9t\u00e9 mis en examen et plac\u00e9 en d\u00e9tention provisoire pour l\u2019avoir aliment\u00e9 durant deux ans.<\/p>\n<p><!-- Pub DFP Position [article] --><\/p>\n<p>Ce trentenaire a \u00e9t\u00e9 interpell\u00e9 \u00e0 Toulouse, il est soup\u00e7onn\u00e9 d\u2019avoir \u00e9t\u00e9 le gestionnaire du site qui a fait l\u2019objet d\u2019investigations durant deux ans, de 2022 jusqu\u2019\u00e0 sa fermeture en septembre\u00a02024. L\u2019enqu\u00eate a \u00e9t\u00e9 initialement ouverte en juin\u00a02024 par la section de lutte contre la cybercriminalit\u00e9. Les investigations ont ensuite \u00e9t\u00e9 confi\u00e9es \u00e0 <a href=\"https:\/\/www.police-nationale.interieur.gouv.fr\/actualite\/lofmin-office-expert-pour-lutter-contre-violences-faites-aux-mineurs\" target=\"_self\">l\u2019Office des mineurs (Ofmin)<\/a>. Selon le parquet de Paris, l\u2019individu aurait cr\u00e9\u00e9 des sections sp\u00e9cifiques et g\u00e9r\u00e9 les utilisateurs du portail illicite.<\/p>\n<h2 class=\"txt-int\">Poursuivi pour d\u00e9tention et diffusion d\u2019images de mineurs \u00e0 caract\u00e8re p\u00e9dopornographique<\/h2>\n<p>Le parquet a requis sa mise en examen pour fourniture d\u2019une plateforme en ligne permettant des transactions illicites en bande organis\u00e9e. Il est \u00e9galement poursuivi pour d\u00e9tention et diffusion d\u2019images de mineurs \u00e0 caract\u00e8re p\u00e9dopornographique. D\u2019apr\u00e8s les autorit\u00e9s, le suspect est n\u00e9 en 1994 et op\u00e9rait sous couvert d\u2019anonymat.<\/p>\n<p>La d\u00e9fense de l\u2019accus\u00e9 conteste la n\u00e9cessit\u00e9 de l\u2019incarc\u00e9ration imm\u00e9diate dans l\u2019attente du proc\u00e8s. Son avocat, Me Ambroise Palle, a d\u00e9clar\u00e9 \u00e0 l\u2019AFP que &#8220;ce type de dossier fait parfois basculer la d\u00e9tention provisoire, m\u00e9canisme d\u2019exception visant \u00e0 pr\u00e9venir des risques strictement d\u00e9limit\u00e9s, vers une condamnation morale avant jugement&#8221;. Avant d\u2019ajouter que &#8220;la condamnation morale devrait rester prudente, car la consommation de p\u00e9dopornographie correspond souvent \u00e0 la d\u00e9rive d\u2019une addiction subie dans un contexte de solitude, plus qu\u2019au choix d\u00e9lib\u00e9r\u00e9 d\u2019un monstre. Dans ce contexte, un suivi psychologique semblerait plus adapt\u00e9 qu\u2019une cellule&#8221;.<\/p>\n<p>En novembre dernier, la justice allemande a d\u00e9j\u00e0 condamn\u00e9 cinq exploitants de cette m\u00eame plateforme \u00e0 des peines allant jusqu\u2019\u00e0 dix ans et demi de prison. Ce r\u00e9seau international comptait, selon les rapports judiciaires, des centaines de milliers d\u2019utilisateurs \u00e0 travers le monde.<\/p>\n<\/p><\/div>\n<p><a href=\"https:\/\/www.ladepeche.fr\/2026\/03\/14\/soupconne-detre-ladministrateur-dun-site-pedopornographique-du-darkweb-un-toulousain-ecroue-a-paris-13272053.php\">source<\/a><\/p>\n","protected":false},"excerpt":{"rendered":"<p>l&#8217;essentiel Une plateforme p\u00e9dopornographique du dark web a \u00e9t\u00e9 d\u00e9mantel\u00e9e en 2024. Un homme d\u2019une trentaine d\u2019ann\u00e9es, arr\u00eat\u00e9 \u00e0 Toulouse, est soup\u00e7onn\u00e9 d\u2019en avoir \u00e9t\u00e9 le gestionnaire durant deux ans. La plateforme s\u2019appelait &#8220;Alice in Wonderland&#8221;, en r\u00e9f\u00e9rence au livre de Lewis Carroll et \u00e0 sa jeune h\u00e9ro\u00efne. Mais on \u00e9tait tr\u00e8s loin de l\u2019univers [&hellip;]<\/p>\n","protected":false},"author":1,"featured_media":124675,"comment_status":"open","ping_status":"open","sticky":false,"template":"","format":"standard","meta":{"_monsterinsights_skip_tracking":false,"_monsterinsights_sitenote_active":false,"_monsterinsights_sitenote_note":"","_monsterinsights_sitenote_category":0,"footnotes":""},"categories":[1],"tags":[],"coauthors":[77],"class_list":["post-124674","post","type-post","status-publish","format-standard","has-post-thumbnail","hentry","category-a-la-une"],"aioseo_notices":[],"_links":{"self":[{"href":"https:\/\/pressactu.com\/index.php?rest_route=\/wp\/v2\/posts\/124674","targetHints":{"allow":["GET"]}}],"collection":[{"href":"https:\/\/pressactu.com\/index.php?rest_route=\/wp\/v2\/posts"}],"about":[{"href":"https:\/\/pressactu.com\/index.php?rest_route=\/wp\/v2\/types\/post"}],"author":[{"embeddable":true,"href":"https:\/\/pressactu.com\/index.php?rest_route=\/wp\/v2\/users\/1"}],"replies":[{"embeddable":true,"href":"https:\/\/pressactu.com\/index.php?rest_route=%2Fwp%2Fv2%2Fcomments&post=124674"}],"version-history":[{"count":0,"href":"https:\/\/pressactu.com\/index.php?rest_route=\/wp\/v2\/posts\/124674\/revisions"}],"wp:featuredmedia":[{"embeddable":true,"href":"https:\/\/pressactu.com\/index.php?rest_route=\/wp\/v2\/media\/124675"}],"wp:attachment":[{"href":"https:\/\/pressactu.com\/index.php?rest_route=%2Fwp%2Fv2%2Fmedia&parent=124674"}],"wp:term":[{"taxonomy":"category","embeddable":true,"href":"https:\/\/pressactu.com\/index.php?rest_route=%2Fwp%2Fv2%2Fcategories&post=124674"},{"taxonomy":"post_tag","embeddable":true,"href":"https:\/\/pressactu.com\/index.php?rest_route=%2Fwp%2Fv2%2Ftags&post=124674"},{"taxonomy":"author","embeddable":true,"href":"https:\/\/pressactu.com\/index.php?rest_route=%2Fwp%2Fv2%2Fcoauthors&post=124674"}],"curies":[{"name":"wp","href":"https:\/\/api.w.org\/{rel}","templated":true}]}}