{"id":124670,"date":"2026-03-14T20:36:55","date_gmt":"2026-03-14T20:36:55","guid":{"rendered":"https:\/\/pressactu.com\/?p=124670"},"modified":"2026-03-14T20:36:55","modified_gmt":"2026-03-14T20:36:55","slug":"cunac-un-week-end-de-medailles-pour-les-apprentis-coiffeurs-et-esthetique-du-cfa","status":"publish","type":"post","link":"https:\/\/pressactu.com\/?p=124670","title":{"rendered":"Cunac\u00a0: un week-end de m\u00e9dailles pour les apprentis coiffeurs et esth\u00e9tique du CFA"},"content":{"rendered":"<p>\n                                                                    <span class=\"article-full__chapo-label hide-on-small-only\">l&#8217;essentiel<\/span><br \/>\n                                                                Le salon professionnel Hair\u00a0&amp; Beauty s\u2019est tenu au parc des expositions de Montpellier, r\u00e9unissant de nombreux professionnels de la coiffure et de l\u2019esth\u00e9tique autour de comp\u00e9titions, d\u00e9monstrations et \u00e9changes d\u00e9di\u00e9s au m\u00e9tier sur deux jours.\n                            <\/p>\n<div rel=\"js-article-content\">\n                                                                                                                                                            <!-- Pub DFP Position [outstream] --><\/p>\n<p>Le dimanche, 70 candidats ont particip\u00e9 \u00e0 la s\u00e9lection de l\u2019\u00e9quipe de France en vue des championnats du monde, illustrant l\u2019excellence et le dynamisme de la fili\u00e8re. Le lundi, le Hair Challenge a r\u00e9uni plus de 150 jeunes comp\u00e9titeurs issus de 17 centres de formation du sud de la France r\u00e9v\u00e9lant une nouvelle g\u00e9n\u00e9ration de talents.<\/p>\n<p><!-- Pub DFP Position [article] --><\/p>\n<p>Les apprentis coiffeurs et esth\u00e9tique de la Chambre de m\u00e9tiers de Cunac ont particip\u00e9 \u00e0 ce concours. Pendant deux jours, ils ont d\u00e9couvert les tendances et les innovations des produits. Ils ont assist\u00e9 \u00e0 des d\u00e9monstrations techniques et \u00e9cout\u00e9 des prises de parole expertes, appr\u00e9ci\u00e9 des marques reconnues et rencontr\u00e9 des nouveaux acteurs du secteur. Les apprentis se sont distingu\u00e9s en remportant plusieurs prix.<\/p>\n<p>Pour le concours Make-up sur le th\u00e8me du festival de Cannes, Lola Rosalie, premi\u00e8re ann\u00e9e brevet professionnel esth\u00e9tique, a remport\u00e9 le premier prix avec une cr\u00e9ation \u00e9l\u00e9gante, technique et inspir\u00e9e, salu\u00e9e par le jury. Une double performance remarquable pour Manon Mouret en brevet de ma\u00eetrise qui a gagn\u00e9 deux m\u00e9dailles d\u2019argent, une en coupe cr\u00e9ative avec un travail audacieux et ma\u00eetris\u00e9 et une autre en coiffure de soir\u00e9e, cat\u00e9gorie artisans salari\u00e9s.<\/p>\n<p>En coiffure de soir\u00e9e, Diego Marquez en brevet professionnel a obtenu la m\u00e9daille de bronze avec une coiffure raffin\u00e9e et parfaitement ma\u00eetris\u00e9e.<br \/>\u00ab\u00a0Nous sommes fiers du talent et de l\u2019engagement de nos apprentis, qui incarnent l\u2019excellence de notre formation. Un grand merci aux formateurs pour leur accompagnement et \u00e0 nos apprenants pour leur passion\u00a0\u00bb, indique le pr\u00e9sident Jean-Michel Camps de la chambre des m\u00e9tiers et de l\u2019artisanat de Cunac.<\/p>\n<\/p><\/div>\n<p><a href=\"https:\/\/www.ladepeche.fr\/2026\/03\/14\/cunac-un-week-end-de-medailles-pour-les-apprentis-coiffeurs-et-esthetique-du-cfa-13271038.php\">source<\/a><\/p>\n","protected":false},"excerpt":{"rendered":"<p>l&#8217;essentiel Le salon professionnel Hair\u00a0&amp; Beauty s\u2019est tenu au parc des expositions de Montpellier, r\u00e9unissant de nombreux professionnels de la coiffure et de l\u2019esth\u00e9tique autour de comp\u00e9titions, d\u00e9monstrations et \u00e9changes d\u00e9di\u00e9s au m\u00e9tier sur deux jours. Le dimanche, 70 candidats ont particip\u00e9 \u00e0 la s\u00e9lection de l\u2019\u00e9quipe de France en vue des championnats du monde, [&hellip;]<\/p>\n","protected":false},"author":1,"featured_media":124671,"comment_status":"open","ping_status":"open","sticky":false,"template":"","format":"standard","meta":{"_monsterinsights_skip_tracking":false,"_monsterinsights_sitenote_active":false,"_monsterinsights_sitenote_note":"","_monsterinsights_sitenote_category":0,"footnotes":""},"categories":[74],"tags":[],"coauthors":[77],"class_list":["post-124670","post","type-post","status-publish","format-standard","has-post-thumbnail","hentry","category-economie"],"aioseo_notices":[],"_links":{"self":[{"href":"https:\/\/pressactu.com\/index.php?rest_route=\/wp\/v2\/posts\/124670","targetHints":{"allow":["GET"]}}],"collection":[{"href":"https:\/\/pressactu.com\/index.php?rest_route=\/wp\/v2\/posts"}],"about":[{"href":"https:\/\/pressactu.com\/index.php?rest_route=\/wp\/v2\/types\/post"}],"author":[{"embeddable":true,"href":"https:\/\/pressactu.com\/index.php?rest_route=\/wp\/v2\/users\/1"}],"replies":[{"embeddable":true,"href":"https:\/\/pressactu.com\/index.php?rest_route=%2Fwp%2Fv2%2Fcomments&post=124670"}],"version-history":[{"count":0,"href":"https:\/\/pressactu.com\/index.php?rest_route=\/wp\/v2\/posts\/124670\/revisions"}],"wp:featuredmedia":[{"embeddable":true,"href":"https:\/\/pressactu.com\/index.php?rest_route=\/wp\/v2\/media\/124671"}],"wp:attachment":[{"href":"https:\/\/pressactu.com\/index.php?rest_route=%2Fwp%2Fv2%2Fmedia&parent=124670"}],"wp:term":[{"taxonomy":"category","embeddable":true,"href":"https:\/\/pressactu.com\/index.php?rest_route=%2Fwp%2Fv2%2Fcategories&post=124670"},{"taxonomy":"post_tag","embeddable":true,"href":"https:\/\/pressactu.com\/index.php?rest_route=%2Fwp%2Fv2%2Ftags&post=124670"},{"taxonomy":"author","embeddable":true,"href":"https:\/\/pressactu.com\/index.php?rest_route=%2Fwp%2Fv2%2Fcoauthors&post=124670"}],"curies":[{"name":"wp","href":"https:\/\/api.w.org\/{rel}","templated":true}]}}