{"id":124666,"date":"2026-03-14T19:28:56","date_gmt":"2026-03-14T19:28:56","guid":{"rendered":"https:\/\/pressactu.com\/?p=124666"},"modified":"2026-03-14T19:28:56","modified_gmt":"2026-03-14T19:28:56","slug":"un-detenu-en-visite-au-musee-du-louvre-sevade-dans-les-transports-le-directeur-avait-emis-un-avis-defavorable-a-cette-sortie","status":"publish","type":"post","link":"https:\/\/pressactu.com\/?p=124666","title":{"rendered":"Un d\u00e9tenu en visite au mus\u00e9e du Louvre s\u2019\u00e9vade dans les transports\u00a0: le directeur avait \u00e9mis un avis d\u00e9favorable \u00e0 cette sortie"},"content":{"rendered":"<p>\n                                                                    <span class=\"article-full__chapo-label hide-on-small-only\">l&#8217;essentiel<\/span><br \/>\n                                                                Un d\u00e9tenu du centre p\u00e9nitentiaire de Nanterre a profit\u00e9 d\u2019une sortie au Louvre pour s\u2019\u00e9chapper ce vendredi 13\u00a0mars. Il a d\u00e9jou\u00e9 la vigilance des accompagnateurs lors du trajet aller en transports en commun. L\u2019homme \u00e9tait lib\u00e9rable en 2028.\n                            <\/p>\n<div rel=\"js-article-content\">\n                                                                                                                                                            <!-- Pub DFP Position [outstream] --><\/p>\n<p>Il s\u2019est volatilis\u00e9 en plein Paris. Vendredi 13\u00a0mars, vers 15\u00a0heures, un groupe de d\u00e9tenus du centre p\u00e9nitentiaire de Nanterre (Hauts-de-Seine) se rend au mus\u00e9e du Louvre dans le cadre d\u2019une sortie encadr\u00e9e. Mais \u00e0 la descente du RER A, \u00e0 la station Auber, l\u2019un d\u2019eux, un homme de 25 ans, a \u00e9chapp\u00e9 \u00e0 la vigilance des accompagnateurs et est parvenu \u00e0 prendre la fuite.<\/p>\n<p><!-- Pub DFP Position [article] --><\/p>\n<p>Le groupe \u00e9tait encadr\u00e9 par six personnes, dont trois personnels de surveillance comprenant un grad\u00e9 et deux conseillers p\u00e9nitentiaires d\u2019insertion et de probation, a pr\u00e9cis\u00e9 l\u2019administration \u00e0 <a href=\"https:\/\/actu.fr\/ile-de-france\/paris_75056\/paris-un-detenu-en-visite-au-musee-du-louvre-s-echappe-et-prend-la-fuite-en-transports-en-commun_63976574.html\" target=\"_self\">Actu Paris<\/a>.<\/p>\n<p class=\"std-elt__inline\">\n        <strong>\u00c0 lire aussi :<\/strong><br \/>\n        <a href=\"\/2026\/03\/12\/evasion-a-villepinte-ilyas-kherbouch-dit-ganito-condamne-a-six-ans-ferme-pour-une-affaire-de-home-jackings-pendant-sa-cavale-13269119.php\">\u00c9vasion \u00e0 Villepinte\u00a0: Ilyas Kherbouch, dit Ganito, condamn\u00e9 pendant sa cavale \u00e0 six ans de prison ferme pour une affaire de home-jackings<\/a>\n    <\/p>\n<h2 class=\"txt-int\">Une permission \u00e0 l\u2019encontre de l\u2019avis du directeur<\/h2>\n<p>L\u2019escorte avait \u00e9t\u00e9 renforc\u00e9e par la direction de l\u2019\u00e9tablissement, a ajout\u00e9 l\u2019administration du centre. L\u2019autorisation de sortie avait \u00e9t\u00e9 d\u00e9livr\u00e9e par le juge de l\u2019application des peines, malgr\u00e9 les avis d\u00e9favorables \u00e9mis par le directeur de la maison d\u2019arr\u00eat et le parquet.<\/p>\n<p>Apr\u00e8s la fuite, la permission a \u00e9t\u00e9 &#8220;imm\u00e9diatement interrompue pour les autres participants, qui ont \u00e9t\u00e9 reconduits et r\u00e9int\u00e9gr\u00e9s au centre p\u00e9nitentiaire&#8221;, indique l\u2019administration. Celle-ci pr\u00e9cise \u00e9galement que toutes les permissions de sortie collective sont suspendues jusqu\u2019\u00e0 nouvel ordre. Le suspect, condamn\u00e9 au d\u00e9but de l\u2019ann\u00e9e, est connu de la justice pour vol avec effraction et trafic de stup\u00e9fiants, il devait \u00eatre lib\u00e9r\u00e9 en 2028. En France, l\u2019\u00e9vasion est punie d\u2019une peine de trois ans d\u2019emprisonnement et de 45\u00a0000\u00a0euros d\u2019amende.<\/p>\n<\/p><\/div>\n<p><a href=\"https:\/\/www.ladepeche.fr\/2026\/03\/14\/un-detenu-en-visite-au-musee-du-louvre-sevade-dans-les-transports-le-directeur-avait-emis-un-avis-defavorable-a-cette-sortie-13272018.php\">source<\/a><\/p>\n","protected":false},"excerpt":{"rendered":"<p>l&#8217;essentiel Un d\u00e9tenu du centre p\u00e9nitentiaire de Nanterre a profit\u00e9 d\u2019une sortie au Louvre pour s\u2019\u00e9chapper ce vendredi 13\u00a0mars. Il a d\u00e9jou\u00e9 la vigilance des accompagnateurs lors du trajet aller en transports en commun. L\u2019homme \u00e9tait lib\u00e9rable en 2028. Il s\u2019est volatilis\u00e9 en plein Paris. Vendredi 13\u00a0mars, vers 15\u00a0heures, un groupe de d\u00e9tenus du centre [&hellip;]<\/p>\n","protected":false},"author":1,"featured_media":124667,"comment_status":"open","ping_status":"open","sticky":false,"template":"","format":"standard","meta":{"_monsterinsights_skip_tracking":false,"_monsterinsights_sitenote_active":false,"_monsterinsights_sitenote_note":"","_monsterinsights_sitenote_category":0,"footnotes":""},"categories":[1],"tags":[],"coauthors":[77],"class_list":["post-124666","post","type-post","status-publish","format-standard","has-post-thumbnail","hentry","category-a-la-une"],"aioseo_notices":[],"_links":{"self":[{"href":"https:\/\/pressactu.com\/index.php?rest_route=\/wp\/v2\/posts\/124666","targetHints":{"allow":["GET"]}}],"collection":[{"href":"https:\/\/pressactu.com\/index.php?rest_route=\/wp\/v2\/posts"}],"about":[{"href":"https:\/\/pressactu.com\/index.php?rest_route=\/wp\/v2\/types\/post"}],"author":[{"embeddable":true,"href":"https:\/\/pressactu.com\/index.php?rest_route=\/wp\/v2\/users\/1"}],"replies":[{"embeddable":true,"href":"https:\/\/pressactu.com\/index.php?rest_route=%2Fwp%2Fv2%2Fcomments&post=124666"}],"version-history":[{"count":0,"href":"https:\/\/pressactu.com\/index.php?rest_route=\/wp\/v2\/posts\/124666\/revisions"}],"wp:featuredmedia":[{"embeddable":true,"href":"https:\/\/pressactu.com\/index.php?rest_route=\/wp\/v2\/media\/124667"}],"wp:attachment":[{"href":"https:\/\/pressactu.com\/index.php?rest_route=%2Fwp%2Fv2%2Fmedia&parent=124666"}],"wp:term":[{"taxonomy":"category","embeddable":true,"href":"https:\/\/pressactu.com\/index.php?rest_route=%2Fwp%2Fv2%2Fcategories&post=124666"},{"taxonomy":"post_tag","embeddable":true,"href":"https:\/\/pressactu.com\/index.php?rest_route=%2Fwp%2Fv2%2Ftags&post=124666"},{"taxonomy":"author","embeddable":true,"href":"https:\/\/pressactu.com\/index.php?rest_route=%2Fwp%2Fv2%2Fcoauthors&post=124666"}],"curies":[{"name":"wp","href":"https:\/\/api.w.org\/{rel}","templated":true}]}}