{"id":124657,"date":"2026-03-14T18:32:27","date_gmt":"2026-03-14T18:32:27","guid":{"rendered":"https:\/\/pressactu.com\/?p=124657"},"modified":"2026-03-14T18:32:27","modified_gmt":"2026-03-14T18:32:27","slug":"guerre-au-moyen-orient-base-onusienne-touchee-par-israel-renfort-de-troupes-americaines-le-point-sur-la-situation","status":"publish","type":"post","link":"https:\/\/pressactu.com\/?p=124657","title":{"rendered":"Guerre au Moyen-Orient\u00a0: base onusienne touch\u00e9e par Isra\u00ebl, renfort de troupes am\u00e9ricaines\u2026 Le point sur la situation"},"content":{"rendered":"<div auto_robot_readability=\"176.59845022849\">\n                          <!-- partials\/article\/hook_media--standard.volt --><\/p>\n<figure class=\"hook-media--standard \" auto_robot_readability=\"-22\">\n    <picture class=\"hook-media_picture pb-8\"><source media=\"(max-width: 768px)\" srcset=\"https:\/\/focus.nouvelobs.com\/2026\/03\/14\/0\/1\/2161\/1441\/375\/250\/75\/0\/6bf1025_upload-1-ootaksgro2nq-000-a34q4rf.jpg 1x,https:\/\/focus.nouvelobs.com\/2026\/03\/14\/0\/1\/2161\/1441\/750\/500\/50\/0\/6bf1025_upload-1-ootaksgro2nq-000-a34q4rf.jpg 2x\" width=\"375\" height=\"250\"><img fetchpriority=\"high\" decoding=\"async\" class=\"mx-auto\" src=\"data:image\/svg+xml,%3Csvg%20xmlns%3D%27http%3A%2F%2Fwww.w3.org%2F2000%2Fsvg%27%20fill%3D%22%23e4e4e4%22%20viewBox%3D%270%200%20510%20340%27%20width%3D%22510%22%20height%3D%22340%22%3E%3Cpath%20d%3D%27M0%200h510v340H0z%27%2F%3E%3C%2Fsvg%3E\" srcset=\"https:\/\/focus.nouvelobs.com\/2026\/03\/14\/0\/1\/2161\/1441\/510\/340\/75\/0\/6bf1025_upload-1-ootaksgro2nq-000-a34q4rf.jpg 1x,https:\/\/focus.nouvelobs.com\/2026\/03\/14\/0\/1\/2161\/1441\/1020\/680\/50\/0\/6bf1025_upload-1-ootaksgro2nq-000-a34q4rf.jpg 2x\" loading=\"eager\" width=\"510\" height=\"340\" data-oncrawl-image-size=\"510x340\" alt=\"Une fum\u00e9e noire s\u2019\u00e9l\u00e8ve \u00e0 la suite d\u2019une frappe a\u00e9rienne, alors que des Iraniens participent \u00e0 un rassemblement \u00e0 T\u00e9h\u00e9ran, en Iran, le 13\u00a0mars 2026.\"\/>      <\/source><\/picture><figcaption class=\"hook-media_figcaption\" auto_robot_readability=\"-19\">\n<p class=\"latino-100m text-grey-600\">\n            Une fum\u00e9e noire s\u2019\u00e9l\u00e8ve \u00e0 la suite d\u2019une frappe a\u00e9rienne, alors que des Iraniens participent \u00e0 un rassemblement \u00e0 T\u00e9h\u00e9ran, en Iran, le 13\u00a0mars 2026.\u00a0<span class=\"text-grey-600 ms-4\">ELAHEH ASIABI \/ AFP<\/span>        <\/p>\n<\/figcaption><\/figure>\n<p>            <!-- partials\/article\/actions\/toolbar --><\/p>\n<div class=\"article__share d-flex align-items-center py-24 border-bottom  mb-32\" style=\"--border-color:#D9D9D9;\">\n<div class=\"d-flex flex-wrap gap-16\" auto_robot_readability=\"5.4432989690722\">\n<p>          <!-- partials\/article\/actions\/gift.volt --><\/p>\n<p>          <!-- partials\/article\/actions\/comment.volt --><\/p>\n<p>  <button data-article-key=\"20260314.OBS113177\" aria-label=\"Lire\u00a0plus\u00a0tard\" data-section=\"Monde\" data-piano=\"Page_Article,Sous_date_publi,A_lire_plus_tard,1er_clic,action\" class=\"popover-trigger btn--tertiary btn--icon-only btn btn--small btn--secondary read-later\"><br \/>\n    <i class=\"icon  icon-read-after\" aria-hidden=\"true\"\/><br \/>\n          <span class=\"latino-300r mt-2 \"><br \/>\n        Lire\u00a0plus\u00a0tard      <\/span><br \/>\n      <\/button><\/p>\n<p><a aria-label=\"Nous suivre sur Google News\" href=\"https:\/\/news.google.com\/publications\/CAAqBwgKMJe4nQkw3dFs?hl=fr&amp;gl=FR&amp;ceid=FR%3Afr\" target=\"_blank\" data-piano=\"Page_Article,Sous_date_publi,Nous_suivre_sur_google_news,1er_clic,action\" class=\"btn btn--small btn--tertiary btn--icon-only\"><br \/>\n        <svg class=\"icon icon--google  \" style=\"--fill:#56668A\">\n              <use href=\"\/bucket\/resources\/web\/img\/e86dad2a9be111d0faac.svg#google\"\/><\/p>\n<p>  <\/svg><br \/>\n      <span class=\"latino-300r mt-2 \">Google Actualit\u00e9s<\/span><br \/>\n  <\/a><\/p>\n<p>          <!-- partials\/article\/actions\/hook_action--share.volt --><br \/>\n<button id=\"share\" aria-label=\"Partager\" class=\"popover-trigger btn btn--small btn--tertiary btn--icon-only\" data-piano=\"Page_Article,Sous_date_publi,Partager,1er_clic,action\"><br \/>\n        <svg class=\"icon icon--share-alt  \" style=\"--fill:var(--base-foreground-color,#171717)\">\n              <use href=\"\/bucket\/resources\/web\/img\/e86dad2a9be111d0faac.svg#share-alt\"\/><\/p>\n<p>  <\/svg><br \/>\n  <span class=\"latino-300r mt-2\">Partager<\/span><br \/>\n<\/button><\/p>\n<div id=\"popover-share\" data-url=\"https:\/\/www.nouvelobs.com\/monde\/20260314.OBS113177\/guerre-au-moyen-orient-base-onusienne-touchee-par-israel-renfort-de-troupes-americaines-le-point-sur-la-situation.html\" data-id=\"20260314.OBS113177\" data-popover-for=\"share\" class=\"popover p-32\" role=\"tooltip\" style=\"width: 375px\" auto_robot_readability=\"7\">\n<p>\n          <button onclick=\"setToFacebook();\" class=\"btn btn--large btn--secondary\" aria-label=\"Facebook\" piano-context-origin=\"Page_Article,Sous_date_publi,Partager,Facebook,action\"><br \/>\n              <svg class=\"icon icon--facebook  \" style=\"--fill:var(--base-foreground-color,#171717)\">\n              <use href=\"\/bucket\/resources\/web\/img\/e86dad2a9be111d0faac.svg#facebook\"\/><\/p>\n<p>  <\/svg><br \/>\n        <span class=\"latino-300r\">Facebook<\/span><br \/>\n      <\/button><br \/>\n      <button onclick=\"setToBsky();\" class=\"btn btn--large btn--secondary\" aria-label=\"Bluesky\" piano-context-origin=\"Page_Article,Sous_date_publi,Partager,Bluesky,action\"><br \/>\n              <svg class=\"icon icon--bluesky  \" style=\"--fill:var(--base-foreground-color,#171717)\">\n              <use href=\"\/bucket\/resources\/web\/img\/e86dad2a9be111d0faac.svg#bluesky\"\/><\/p>\n<p>  <\/svg><br \/>\n        <span class=\"latino-300r\">Bluesky<\/span><br \/>\n      <\/button><br \/>\n      <button id=\"mail-button\" onclick=\"setToMail(true)\" class=\"btn btn--large btn--secondary\" aria-label=\"Mail\" piano-context-origin=\"Page_Article,Sous_date_publi,Partager,Email,action\"><br \/>\n              <svg class=\"icon icon--mail  \" style=\"--fill:var(--base-foreground-color,#171717)\">\n              <use href=\"\/bucket\/resources\/web\/img\/e86dad2a9be111d0faac.svg#mail\"\/><\/p>\n<p>  <\/svg><br \/>\n        <span class=\"latino-300r\">E-mail<\/span><br \/>\n      <\/button><br \/>\n      <button onclick=\"setToClipboard();\" class=\"copy-button btn btn--large btn--secondary\" aria-label=\"copier le lien\" piano-context-origin=\"Page_Article,Sous_date_publi,Partager,Copier_lien,action\"><br \/>\n              <svg class=\"icon icon--link  \" style=\"--fill:var(--base-foreground-color,#171717)\">\n              <use href=\"\/bucket\/resources\/web\/img\/e86dad2a9be111d0faac.svg#link\"\/><\/p>\n<p>  <\/svg><br \/>\n        <span class=\"latino-300r\">Copier le lien<\/span><br \/>\n      <\/button>\n      <\/p>\n<p>\n    <button id=\"share-mail-submit\" type=\"submit\" form=\"mail-form\" onclick=\"__forecast.collectShareMail()\" class=\"latino-300r btn btn--large btn--black btn--fit\"><br \/>\n      Envoyer<br \/>\n    <\/button>\n  <\/p>\n<\/div>\n<p>          <!-- app\/web\/views\/partials\/article\/actions\/subscribe.volt --><\/p>\n<p>            <span data-urlencode=\"L2Fib25uZW1lbnQtbXVuaWNpcGFsZXMtMjAyNg==\" data-piano=\"Page_Article,Sous_date_publi,S_abonner_Municipales2026,1er_clic,action\" data-batch=\"clic_s_abonner\" class=\"btn btn--small btn--conversion-secondary\" style=\"--btn-color:#FFF;--btn-color-hover:#FFF;--btn-bg:#522DF7;--btn-bg-hover:#522DF7;--btn-bg-focus:#522DF7;--btn-border-color:#522DF7;\"><br \/>\n      S\u2019abonner    <\/span><\/p><\/div>\n<\/div>\n<p>            <!-- partials\/article\/contextual_blocks.volt --><\/p>\n<p>    <!-- partials\/article\/node.volt --><br \/>\n<!-- partials\/article\/node_text.volt --><\/p>\n<p class=\"node__paragraphe antonia-750r text-grey-800 pb-24 pb-md-32\">\nDeux semaines exactement apr\u00e8s le d\u00e9but de <a href=\"https:\/\/www.nouvelobs.com\/monde\/20260312.OBS113135\/guerre-au-moyen-orient-derriere-le-fracas-des-bombes-des-dommages-ecologiques-et-sanitaires-terribles.html\">la guerre au Moyen-Orient<\/a>, Donald Trump a jug\u00e9 l\u2019Iran <em>\u00ab\u00a0compl\u00e8tement vaincu\u00a0\u00bb<\/em>, mais T\u00e9h\u00e9ran a menac\u00e9 ce samedi 14\u00a0mars de <em>\u00ab\u00a0r\u00e9duire en cendres\u00a0\u00bb<\/em> les infrastructures \u00e9nerg\u00e9tiques li\u00e9es aux Etats-Unis en cas d\u2019attaque sur son principal hub p\u00e9trolier.<\/p>\n<p>            <!-- partials\/article\/node.volt --><br \/>\n<!-- partials\/article\/node_text.volt --><\/p>\n<p class=\"node__paragraphe antonia-750r text-grey-800 pb-24 pb-md-32\">\nAu 15\u1d49 jour de la guerre, <a href=\"https:\/\/www.nouvelobs.com\/monde\/20260311.OBS113084\/la-guerre-au-moyen-orient-jusqu-ou-cinq-scenarios-possibles-de-la-chute-du-regime-a-l-enlisement.html\">aucune issue n\u2019est en vue<\/a> face \u00e0 l\u2019intransigeance de l\u2019ensemble des bellig\u00e9rants. Au Liban, les frappes isra\u00e9liennes ont fait plus de 773\u00a0morts, dont 103\u00a0enfants, et plus de 800\u00a0000\u00a0d\u00e9plac\u00e9s, selon le dernier bilan officiel.<\/p>\n<p>      <!-- partials\/article\/node.volt --><br \/>\n<!-- partials\/article\/node_text.volt --><\/p>\n<h2 class=\"node__heading latino-800m latino-lg-1400e text-grey-800 pb-8 pb-md-16\">\n\u2022 L\u2019Iran \u00ab\u00a0vaincu\u00a0\u00bb selon Trump, des renforts am\u00e9ricains arrivent<\/h2>\n<p>      <!-- partials\/article\/node.volt --><br \/>\n<!-- partials\/article\/node_text.volt --><\/p>\n<p class=\"node__paragraphe antonia-750r text-grey-800 pb-24 pb-md-32\">\nLe pr\u00e9sident am\u00e9ricain a d\u00e9clar\u00e9 que l\u2019Iran <em>\u00ab\u00a0est compl\u00e8tement vaincu et veut un accord\u00a0\u00bb<\/em>. <em>\u00ab\u00a0Les m\u00e9dias diffusant de fausses informations d\u00e9testent rendre compte des excellents r\u00e9sultats obtenus par l\u2019arm\u00e9e am\u00e9ricaine face \u00e0 l\u2019Iran, qui est totalement vaincu et souhaite conclure un accord &#8211; mais pas un accord que j\u2019accepterais\u00a0!\u00a0\u00bb<\/em> a \u00e9crit Donald Trump sur son r\u00e9seau Truth Social, sans plus de pr\u00e9cisions.<\/p>\n<p>      <!-- partials\/article\/node.volt --><br \/>\n<!-- partials\/article\/node_text.volt --><\/p>\n<p class=\"node__paragraphe antonia-750r text-grey-800 pb-24 pb-md-32\">\nL\u2019ex-magnat de l\u2019immobilier a aussi annonc\u00e9 que la marine am\u00e9ricaine va commencer <em>\u00ab\u00a0tr\u00e8s bient\u00f4t\u00a0\u00bb<\/em> \u00e0 escorter des p\u00e9troliers dans <a href=\"https:\/\/www.nouvelobs.com\/economie\/20260311.OBS113081\/guerre-au-moyen-orient-les-engrais-de-synthese-l-autre-produit-touche-par-le-blocage-du-detroit-d-ormuz.html\">le d\u00e9troit d\u2019Ormuz, passage strat\u00e9gique<\/a> o\u00f9 transite 20\u00a0% de la production mondiale d\u2019hydrocarbures qui est pour le moment bloqu\u00e9 par l\u2019Iran. Deux navires battant pavillon indien, transportant du gaz de p\u00e9trole liqu\u00e9fi\u00e9 (GPL), ont franchi le d\u00e9troit et font route vers des ports de l\u2019ouest de l\u2019Inde, a annonc\u00e9 le minist\u00e8re indien charg\u00e9 du transport maritime, une op\u00e9ration rendue possible par des tractations diplomatiques.<\/p>\n<p>            <!-- partials\/article\/node.volt --><br \/>\n<!-- partials\/article\/node_media.volt --><\/p>\n<p>      <!-- partials\/article\/node.volt --><br \/>\n<!-- partials\/article\/node_text.volt --><\/p>\n<p class=\"node__paragraphe antonia-750r text-grey-800 pb-24 pb-md-32\">\nL\u2019arm\u00e9e am\u00e9ricaine va d\u00e9ployer des troupes du corps des Marines et des navires suppl\u00e9mentaires au Moyen-Orient, a rapport\u00e9 vendredi des m\u00e9dias am\u00e9ricains. Le \u00ab\u00a0New York Times\u00a0\u00bb \u00e9voque quelque 2\u00a0500 Marines et trois navires de plus en direction de la r\u00e9gion et le \u00ab\u00a0Wall Street Journal\u00a0\u00bb parle du navire d\u2019assaut USS Tripoli, bas\u00e9 au Japon.<\/p>\n<p>      <!-- partials\/article\/node.volt --><br \/>\n<!-- partials\/article\/node_text.volt --><\/p>\n<p class=\"node__paragraphe antonia-750r text-grey-800 pb-24 pb-md-32\">\nDe son c\u00f4t\u00e9, l\u2019arm\u00e9e isra\u00e9lienne a demand\u00e9 ce samedi aux habitants d\u2019une zone industrielle de l\u2019ouest de Tabriz, dans le nord de l\u2019Iran, d\u2019\u00e9vacuer en pr\u00e9vision d\u2019op\u00e9rations militaires <em>\u00ab\u00a0dans les prochaines heures\u00a0\u00bb<\/em>. Un avertissement qui n\u2019avait aucune chance d\u2019\u00eatre lu par les int\u00e9ress\u00e9s, internet \u00e9tant coup\u00e9 en Iran depuis deux semaines. La guerre isra\u00e9lo-am\u00e9ricaine contre l\u2019Iran <em>\u00ab\u00a0s\u2019intensifie et entre dans une phase d\u00e9cisive qui se poursuivra aussi longtemps que n\u00e9cessaire\u00a0\u00bb<\/em>, a affirm\u00e9 le ministre isra\u00e9lien de la D\u00e9fense, Isra\u00ebl Katz.<\/p>\n<p>      <!-- partials\/article\/node.volt --><br \/>\n<!-- partials\/article\/node_text.volt --><\/p>\n<h2 class=\"node__heading latino-800m latino-lg-1400e text-grey-800 pb-8 pb-md-16\">\n\u2022 L\u2019\u00eele de Kharg, hub p\u00e9trolier iranien, frapp\u00e9e sans dommages<\/h2>\n<p>      <!-- partials\/article\/node.volt --><br \/>\n<!-- partials\/article\/node_text.volt --><\/p>\n<p class=\"node__paragraphe antonia-750r text-grey-800 pb-24 pb-md-32\">\nAucune infrastructure p\u00e9troli\u00e8re n\u2019a \u00e9t\u00e9 endommag\u00e9e sur l\u2019\u00eele strat\u00e9gique de Kharg, hub p\u00e9trolier de l\u2019Iran situ\u00e9 dans le Golfe, a rapport\u00e9 l\u2019agence de presse iranienne Fars. Des frappes am\u00e9ricaines y ont \u00e9t\u00e9 men\u00e9es vendredi contre des sites militaires que Donald Trump affirme avoir <em>\u00ab\u00a0compl\u00e8tement d\u00e9truit\u00a0\u00bb<\/em>. Le pr\u00e9sident am\u00e9ricain a menac\u00e9 d\u2019<em>\u00ab\u00a0an\u00e9antir\u00a0\u00bb<\/em> les infrastructures p\u00e9troli\u00e8res de l\u2019\u00eele, qui abrite le plus grand terminal d\u2019exportation de p\u00e9trole brut de l\u2019Iran.<\/p>\n<p>            <!-- partials\/article\/node.volt --><br \/>\n<!-- partials\/article\/node_media.volt --><\/p>\n<p>      <!-- partials\/article\/node.volt --><br \/>\n<!-- partials\/article\/node_text.volt --><\/p>\n<p class=\"node__paragraphe antonia-750r text-grey-800 pb-24 pb-md-32\">\nL\u2019arm\u00e9e iranienne a r\u00e9pliqu\u00e9 en mena\u00e7ant de <em>\u00ab\u00a0r\u00e9duire en cendres\u00a0\u00bb<\/em> les infrastructures p\u00e9troli\u00e8res li\u00e9es aux Etats-Unis en cas d\u2019attaque sur cette \u00eele situ\u00e9e dans le Golfe persique \u00e0 environ 30 kilom\u00e8tres des c\u00f4tes iraniennes. De la fum\u00e9e s\u2019\u00e9levait ce samedi depuis une importante installation p\u00e9troli\u00e8re des Emirats arabes unis, selon un journaliste de l\u2019AFP, semblant r\u00e9sulter d\u2019une nouvelle frappe. Plusieurs explosions ont aussi retenti ce samedi apr\u00e8s-midi \u00e0 J\u00e9rusalem, o\u00f9 les sir\u00e8nes ont \u00e9t\u00e9 activ\u00e9es apr\u00e8s que l\u2019arm\u00e9e isra\u00e9lienne a annonc\u00e9 avoir d\u00e9tect\u00e9 des tirs de missiles depuis l\u2019Iran, ont rapport\u00e9 des journalistes de l\u2019AFP.<\/p>\n<p>      <!-- partials\/article\/node.volt --><br \/>\n<!-- partials\/article\/node_text.volt --><\/p>\n<h2 class=\"node__heading latino-800m latino-lg-1400e text-grey-800 pb-8 pb-md-16\">\n\u2022 Le Hamas appelle l\u2019Iran \u00e0 cesser de viser les pays du Golfe<\/h2>\n<p>      <!-- partials\/article\/node.volt --><br \/>\n<!-- partials\/article\/node_text.volt --><\/p>\n<p class=\"node__paragraphe antonia-750r text-grey-800 pb-24 pb-md-32\">\nLe Hamas a exhort\u00e9 ce samedi l\u2019Iran \u00e0 cesser de viser les pays du Golfe, en repr\u00e9sailles aux attaques am\u00e9ricano-isra\u00e9liennes dont il est la cible. <em>\u00ab\u00a0Tout en affirmant le droit de la R\u00e9publique islamique d\u2019Iran \u00e0 riposter \u00e0 cette agression par tous les moyens disponibles, conform\u00e9ment aux normes et au droit international, le mouvement appelle ses fr\u00e8res en Iran \u00e0 ne pas prendre pour cible les pays voisins\u00a0\u00bb<\/em>, a-t-il \u00e9crit sur Telegram.<\/p>\n<p>      <!-- partials\/article\/node.volt --><br \/>\n<!-- partials\/article\/node_text.volt --><\/p>\n<p class=\"node__paragraphe antonia-750r text-grey-800 pb-24 pb-md-32\">\nSoutenu par l\u2019Iran chiite, le mouvement islamiste palestinien sunnite est aussi <a href=\"https:\/\/www.nouvelobs.com\/monde\/20231013.OBS79462\/attaque-contre-israel-le-role-ambigu-du-qatar-financeur-du-hamas-qui-se-reve-en-grand-negociateur-regional.html\">soutenu financi\u00e8rement depuis des ann\u00e9es par le Qatar<\/a>. Ce petit pays du Golfe accueille aussi la direction politique du Hamas et servait de m\u00e9diateur entre eux et les Isra\u00e9liens dans le cadre des bombardements \u00e0 Gaza.<\/p>\n<p>      <!-- partials\/article\/node.volt --><br \/>\n<!-- partials\/article\/node_text.volt --><\/p>\n<h2 class=\"node__heading latino-800m latino-lg-1400e text-grey-800 pb-8 pb-md-16\">\n\u2022 Isra\u00ebl frappe un centre de sant\u00e9 et une base onusienne au Liban<\/h2>\n<p>      <!-- partials\/article\/node.volt --><br \/>\n<!-- partials\/article\/node_text.volt --><\/p>\n<p class=\"node__paragraphe antonia-750r text-grey-800 pb-24 pb-md-32\">\nUne frappe isra\u00e9lienne contre un centre de sant\u00e9 dans le sud du Liban a tu\u00e9 au moins 12 membres du personnel m\u00e9dical, a annonc\u00e9 ce samedi le minist\u00e8re libanais de la Sant\u00e9. Cette attaque est <em>\u00ab\u00a0la deuxi\u00e8me contre le secteur de la sant\u00e9 en quelques heures\u00a0\u00bb<\/em>, apr\u00e8s une frappe sur Sawaneh qui a tu\u00e9 deux ambulanciers affili\u00e9s au Hezbollah et \u00e0 son alli\u00e9 Amal. Au total, 26\u00a0personnels m\u00e9dicaux ont \u00e9t\u00e9 tu\u00e9s depuis le 2\u00a0mars, selon le minist\u00e8re. Qui pr\u00e9cise plus tard qu\u2019il y a eu sur la m\u00eame p\u00e9riode au moins 826\u00a0morts dont 106\u00a0enfants et 2\u00a0009\u00a0bless\u00e9s.<\/p>\n<p>      <!-- partials\/article\/node.volt --><br \/>\n<!-- partials\/article\/node_text.volt --><\/p>\n<p class=\"node__paragraphe antonia-750r text-grey-800 pb-24 pb-md-32\">\nUne frappe isra\u00e9lienne a aussi touch\u00e9 un immeuble r\u00e9sidentiel dans une banlieue au nord de Beyrouth, d\u00e9j\u00e0 vis\u00e9e la veille, ont rapport\u00e9 les m\u00e9dias libanais, qui ont \u00e9galement fait \u00e9tat de frappes dans le sud du pays.<\/p>\n<p>            <!-- partials\/article\/node.volt --><br \/>\n<!-- partials\/article\/node_media.volt --><\/p>\n<p>      <!-- partials\/article\/node.volt --><br \/>\n<!-- partials\/article\/node_text.volt --><\/p>\n<p class=\"node__paragraphe antonia-750r text-grey-800 pb-24 pb-md-32\">\nDes frappes isra\u00e9liennes ont aussi touch\u00e9 un quartier g\u00e9n\u00e9ral de la Force int\u00e9rimaire des Nations unies au Liban (Finul), pr\u00e9sente au Sud-Liban depuis 1978, selon l\u2019Agence nationale d\u2019information officielle (Ani). <em>\u00ab\u00a0Des obus isra\u00e9liens sont tomb\u00e9s \u00e0 l\u2019int\u00e9rieur du quartier g\u00e9n\u00e9ral du bataillon n\u00e9palais des forces de la Finul, dans la ville de Mays al-Jabal\u00a0\u00bb<\/em>, a-t-elle indiqu\u00e9. L\u2019arm\u00e9e isra\u00e9lienne n\u2019a pas confirm\u00e9 dans l\u2019imm\u00e9diat. <em>\u00ab\u00a0Hier soir, une maison de notre bataillon a \u00e9t\u00e9 touch\u00e9e. Tous les soldats sont sains et saufs, personne n\u2019a \u00e9t\u00e9 bless\u00e9. Il s\u2019agit de notre quartier g\u00e9n\u00e9ral. L\u2019origine de l\u2019attaque n\u2019a pas \u00e9t\u00e9 identifi\u00e9e\u00a0\u00bb<\/em>, a d\u00e9clar\u00e9 Raja Ram Basnet, porte-parole de l\u2019arm\u00e9e n\u00e9palaise.<\/p>\n<p>      <!-- partials\/article\/node.volt --><br \/>\n<!-- partials\/article\/node_text.volt --><\/p>\n<p class=\"node__paragraphe antonia-750r text-grey-800 pb-24 pb-md-32\">\nEmmanuel Macron a appel\u00e9 ce samedi Isra\u00ebl \u00e0 accepter des <em>\u00ab\u00a0discussions directes\u00a0\u00bb<\/em> avec l\u2019ex\u00e9cutif libanais et <em>\u00ab\u00a0toutes les composantes\u00a0\u00bb<\/em> du Liban, qu\u2019il s\u2019est dit pr\u00eat \u00e0 <em>\u00ab\u00a0faciliter\u00a0\u00bb<\/em> en <em>\u00ab\u00a0les accueillant \u00e0 Paris\u00a0\u00bb<\/em>. <em>\u00ab\u00a0Tout doit \u00eatre fait pour emp\u00eacher que le Liban ne sombre dans le chaos. Le Hezbollah doit arr\u00eater imm\u00e9diatement sa fuite en avant. Isra\u00ebl doit renoncer \u00e0 une offensive d\u2019ampleur et cesser ses frappes massives, alors que des centaines de milliers de personnes ont d\u00e9j\u00e0 fui les bombardements\u00a0\u00bb<\/em>, a d\u00e9clar\u00e9 le pr\u00e9sident fran\u00e7ais sur X, rapportant s\u2019\u00eatre entretenu vendredi avec <a href=\"https:\/\/www.nouvelobs.com\/monde\/20250109.OBS98803\/10-choses-a-savoir-sur-joseph-aoun-nouveau-president-du-liban.html\">le pr\u00e9sident libanais Joseph Aoun<\/a>, <a href=\"https:\/\/www.nouvelobs.com\/monde\/20251022.OBS109005\/nawaf-salam-premier-ministre-du-liban-nous-sommes-en-train-de-sortir-le-pays-de-la-paralysie.html\">le Premier ministre libanais Nawaf Salam<\/a> et le pr\u00e9sident du Parlement libanais Nabih Berri.<\/p>\n<p>      <!-- partials\/article\/node.volt --><br \/>\n<!-- partials\/article\/node_text.volt --><\/p>\n<h2 class=\"node__heading latino-800m latino-lg-1400e text-grey-800 pb-8 pb-md-16\">\n\u2022 L\u2019ambassade am\u00e9ricaine en Irak vis\u00e9e<\/h2>\n<p>      <!-- partials\/article\/node.volt --><br \/>\n<!-- partials\/article\/node_text.volt --><\/p>\n<p class=\"node__paragraphe antonia-750r text-grey-800 pb-24 pb-md-32\">\nUne attaque de drone a vis\u00e9 ce samedi \u00e0 l\u2019aube l\u2019ambassade am\u00e9ricaine \u00e0 Bagdad, a indiqu\u00e9 un haut responsable s\u00e9curitaire irakien, un journaliste de l\u2019AFP voyant de la fum\u00e9e noire s\u2019\u00e9lever au-dessus du complexe diplomatique en plein c\u0153ur de la capitale.<\/p>\n<p>      <!-- partials\/article\/node.volt --><br \/>\n<!-- partials\/article\/node_text.volt --><\/p>\n<p class=\"node__paragraphe antonia-750r text-grey-800 pb-24 pb-md-32\">\nL\u2019attaque intervient apr\u00e8s une s\u00e9rie de frappes ayant vis\u00e9 ce samedi avant l\u2019aube un groupe arm\u00e9 pro-iranien, faisant trois morts, selon des sources de s\u00e9curit\u00e9. De fortes explosions ont \u00e9t\u00e9 entendues \u00e0 plusieurs reprises dans la ville par des journalistes de l\u2019AFP.<\/p>\n<p>      <!-- partials\/article\/node.volt --><br \/>\n<!-- partials\/article\/node_text.volt --><\/p>\n<h2 class=\"node__heading latino-800m latino-lg-1400e text-grey-800 pb-8 pb-md-16\">\n\u2022 Des missiles intercept\u00e9s au Qatar<\/h2>\n<p>      <!-- partials\/article\/node.volt --><br \/>\n<!-- partials\/article\/node_text.volt --><\/p>\n<p class=\"node__paragraphe antonia-750r text-grey-800 pb-24 pb-md-32\">\nLe Qatar a annonc\u00e9 ce samedi avoir intercept\u00e9 deux missiles, apr\u00e8s avoir fait \u00e9vacuer plusieurs zones cl\u00e9s. T\u00f4t dans la matin\u00e9e, des intercepteurs ont \u00e9t\u00e9 vus abattant deux projectiles au-dessus du centre-ville de Doha et des explosions ont \u00e9t\u00e9 entendues dans la capitale qatarie par des journalistes de l\u2019AFP. Plus t\u00f4t, le minist\u00e8re de l\u2019Int\u00e9rieur avait donn\u00e9 l\u2019ordre aux habitants d\u2019\u00e9vacuer certaines zones consid\u00e9r\u00e9es comme <em>\u00ab\u00a0cl\u00e9s\u00a0\u00bb<\/em> dans le cadre <em>\u00ab\u00a0d\u2019une mesure de pr\u00e9caution temporaire\u00a0\u00bb<\/em>.<\/p>\n<p>            <!-- partials\/article\/node.volt --><br \/>\n<!-- partials\/article\/node_media.volt --><\/p>\n<p>      <!-- partials\/article\/node.volt --><br \/>\n<!-- partials\/article\/node_text.volt --><\/p>\n<p class=\"node__paragraphe antonia-750r text-grey-800 pb-24 pb-md-32\">\nLes Etats-Unis ont ordonn\u00e9 vendredi le d\u00e9part du personnel non essentiel et de leurs proches de leur ambassade \u00e0 Oman en raison des risques li\u00e9s \u00e0 la guerre en Iran, apr\u00e8s la mort de deux travailleurs \u00e9trangers tu\u00e9es par un drone dans une zone industrielle dans le nord du pays du Golfe.<\/p>\n<p>      <!-- partials\/article\/node.volt --><br \/>\n<!-- partials\/article\/node_text.volt --><\/p>\n<h2 class=\"node__heading latino-800m latino-lg-1400e text-grey-800 pb-8 pb-md-16\">\n\u2022 Le p\u00e9trole en hausse de plus de 42\u00a0% en 15\u00a0jours<\/h2>\n<p>      <!-- partials\/article\/node.volt --><br \/>\n<!-- partials\/article\/node_text.volt --><\/p>\n<p class=\"node__paragraphe antonia-750r text-grey-800 pb-24 pb-md-32\">\nLe prix du baril de Brent, la r\u00e9f\u00e9rence internationale pour le p\u00e9trole, a bondi de plus de 42\u00a0% depuis le d\u00e9but de la guerre au Moyen-Orient, le 28\u00a0f\u00e9vrier, atteignant 103,14\u00a0dollars vendredi \u00e0 la cl\u00f4ture. A l\u2019instar des Bourses europ\u00e9ennes, Wall Street a termin\u00e9 la s\u00e9ance de vendredi dans le rouge, le rench\u00e9rissement du p\u00e9trole ravivant les craintes inflationnistes.<\/p>\n<div class=\"article__author pb-32\" auto_robot_readability=\"32\">\n    <!-- app\/web\/views\/partials\/article\/authors.volt --><\/p>\n<p class=\"authors latino-600m text-grey-800\">\n<p>  <span>Par\u00a0<\/span><br \/>\nService Actu\u00a0(avec AFP)<\/p>\n<\/p><\/div>\n<\/p><\/div>\n<p><a href=\"https:\/\/www.nouvelobs.com\/monde\/20260314.OBS113177\/guerre-au-moyen-orient-base-onusienne-touchee-par-israel-renfort-de-troupes-americaines-le-point-sur-la-situation.html\">source<\/a><\/p>\n","protected":false},"excerpt":{"rendered":"<p>Une fum\u00e9e noire s\u2019\u00e9l\u00e8ve \u00e0 la suite d\u2019une frappe a\u00e9rienne, alors que des Iraniens participent \u00e0 un rassemblement \u00e0 T\u00e9h\u00e9ran, en Iran, le 13\u00a0mars 2026.\u00a0ELAHEH ASIABI \/ AFP Lire\u00a0plus\u00a0tard Google Actualit\u00e9s Partager Facebook Bluesky E-mail Copier le lien Envoyer S\u2019abonner Deux semaines exactement apr\u00e8s le d\u00e9but de la guerre au Moyen-Orient, Donald Trump a jug\u00e9 [&hellip;]<\/p>\n","protected":false},"author":1,"featured_media":124658,"comment_status":"open","ping_status":"open","sticky":false,"template":"","format":"standard","meta":{"_monsterinsights_skip_tracking":false,"_monsterinsights_sitenote_active":false,"_monsterinsights_sitenote_note":"","_monsterinsights_sitenote_category":0,"footnotes":""},"categories":[75],"tags":[],"coauthors":[77],"class_list":["post-124657","post","type-post","status-publish","format-standard","has-post-thumbnail","hentry","category-monde"],"aioseo_notices":[],"_links":{"self":[{"href":"https:\/\/pressactu.com\/index.php?rest_route=\/wp\/v2\/posts\/124657","targetHints":{"allow":["GET"]}}],"collection":[{"href":"https:\/\/pressactu.com\/index.php?rest_route=\/wp\/v2\/posts"}],"about":[{"href":"https:\/\/pressactu.com\/index.php?rest_route=\/wp\/v2\/types\/post"}],"author":[{"embeddable":true,"href":"https:\/\/pressactu.com\/index.php?rest_route=\/wp\/v2\/users\/1"}],"replies":[{"embeddable":true,"href":"https:\/\/pressactu.com\/index.php?rest_route=%2Fwp%2Fv2%2Fcomments&post=124657"}],"version-history":[{"count":0,"href":"https:\/\/pressactu.com\/index.php?rest_route=\/wp\/v2\/posts\/124657\/revisions"}],"wp:featuredmedia":[{"embeddable":true,"href":"https:\/\/pressactu.com\/index.php?rest_route=\/wp\/v2\/media\/124658"}],"wp:attachment":[{"href":"https:\/\/pressactu.com\/index.php?rest_route=%2Fwp%2Fv2%2Fmedia&parent=124657"}],"wp:term":[{"taxonomy":"category","embeddable":true,"href":"https:\/\/pressactu.com\/index.php?rest_route=%2Fwp%2Fv2%2Fcategories&post=124657"},{"taxonomy":"post_tag","embeddable":true,"href":"https:\/\/pressactu.com\/index.php?rest_route=%2Fwp%2Fv2%2Ftags&post=124657"},{"taxonomy":"author","embeddable":true,"href":"https:\/\/pressactu.com\/index.php?rest_route=%2Fwp%2Fv2%2Fcoauthors&post=124657"}],"curies":[{"name":"wp","href":"https:\/\/api.w.org\/{rel}","templated":true}]}}