{"id":124655,"date":"2026-03-14T17:43:27","date_gmt":"2026-03-14T17:43:27","guid":{"rendered":"https:\/\/pressactu.com\/?p=124655"},"modified":"2026-03-14T17:43:27","modified_gmt":"2026-03-14T17:43:27","slug":"direct-guerre-en-iran-emmanuel-macron-appelle-israel-a-des-discussions-directes-avec-le-liban-quil-propose-daccueillir-a-paris","status":"publish","type":"post","link":"https:\/\/pressactu.com\/?p=124655","title":{"rendered":"DIRECT. Guerre en Iran\u00a0: Emmanuel Macron appelle Isra\u00ebl \u00e0 des &quot;discussions directes&quot; avec le Liban, qu\u2019il propose d\u2019accueillir \u00e0 Paris"},"content":{"rendered":"<div id=\"live_post_EVMMQLYR0A3HCF4\"><span class=\"live-post__date\">18h37.<\/span><\/p>\n<p><h2 class=\"live-post__title\">L&#8217;Iran annonce de nouveaux tirs de missiles sur Isra\u00ebl<\/h2>\n<\/p>\n<\/div>\n<div id=\"live_post_EVMMQLXQE4XOBAQ\"><span class=\"live-post__date\">18h36.<\/span><\/p>\n<div class=\"live-post__content\">\n<h2 class=\"live-post__title\">Une frappe de missile sur une zone industrielle d&#8217;Ispahan fait 15 morts<\/h2>\n<p class=\"live-post__amorce\">Une frappe isra\u00e9lo-am\u00e9ricaine de missile sur une zone industrielle d&#8217;Ispahan, dans le centre de l&#8217;Iran, a fait 15 morts, a annonc\u00e9 l&#8217;agence de presse iranienne Fars. Selon Fars, l\u2019attaque &#8220;a vis\u00e9 une usine produisant des \u00e9quipements de chauffage et de climatisation&#8221; o\u00f9 &#8220;des ouvriers \u00e9taient au travail&#8221;.<\/p>\n<\/div>\n<\/div>\n<div id=\"live_post_EVMMQJIHLY7AYM7\"><span class=\"live-post__date\">17h28.<\/span><\/p>\n<div class=\"live-post__content\">\n<h2 class=\"live-post__title\">La Turquie redoute que Benjamin Netanyahu &#8220;puisse commettre un nouveau g\u00e9nocide&#8221; au Liban<\/h2>\n<p class=\"live-post__amorce\">&#8220;Nous craignons s&#8217;inc\u00e8rement que Nethanyahu ne s&#8217;engage dans un nouveau g\u00e9nocide&#8221;, explique le ministre turc des Affaires \u00e9trang\u00e8res, Hakan Fidan &#8220;sous pr\u00e9texte de lutter contre le Hezbollah&#8221;. Il demande \u00e0 la communaut\u00e9 internationale de &#8220;prendre des mesures imm\u00e9diates&#8221;.<\/p>\n<\/div>\n<\/div>\n<div id=\"live_post_EVMMQJGDDLQ8G0L\"><span class=\"live-post__date\">17h26.<\/span><\/p>\n<div class=\"live-post__content\">\n<h2 class=\"live-post__title\">L&#8217;Iran visera des entreprises am\u00e9ricaines si ses infrastructures \u00e9nerg\u00e9tiques sont frapp\u00e9es<\/h2>\n<p class=\"live-post__amorce\">&#8220;L&#8217;Iran r\u00e9pondra \u00e0 toute attaque contre ses installations \u00e9nerg\u00e9tiques&#8221;, a mis en garde  le chef de la diplomatie, Abbas Araghchi, sur X apr\u00e8s des frappes am\u00e9ricaines sur des sites militaires de l&#8217;\u00eele de Kharg, le hub p\u00e9trolier iranien. &#8220;Si des installations iraniennes \u00e9taient vis\u00e9es, nos forces cibleront les installations des entreprises am\u00e9ricaines dans la r\u00e9gion ou des entreprises dans lesquelles les \u00c9tats-Unis d\u00e9tiennent des parts&#8221;, a-t-il ajout\u00e9.<\/p>\n<\/div>\n<\/div>\n<div id=\"live_post_EVMMQJA18WJ8CBR\"><span class=\"live-post__date\">17h22.<\/span><\/p>\n<div class=\"live-post__content\">\n<h2 class=\"live-post__title\">Des drones causent des d\u00e9g\u00e2ts pr\u00e8s d\u2019un site militaire am\u00e9ricain au Kowe\u00eft<\/h2>\n<p class=\"live-post__amorce\">Une attaque de deux drones a caus\u00e9 des d\u00e9g\u00e2ts sur une base militaire proche d&#8217;un important site am\u00e9ricain au Kowe\u00eft, blessant l\u00e9g\u00e8rement trois militaires kowe\u00eftiens, a indiqu\u00e9 le minist\u00e8re de la D\u00e9fense. La base se trouve \u00e0 proximit\u00e9 du camp Arifjan, qui accueille le quartier g\u00e9n\u00e9ral avanc\u00e9 de la composante arm\u00e9e de terre du Centcom, le commandement militaire am\u00e9ricain pour le Moyen-Orient.<\/p>\n<\/div>\n<\/div>\n<div id=\"live_post_EVMMQGIAOIOLTI2\"><span class=\"live-post__date\">16h04.<\/span><\/p>\n<div class=\"live-post__content\">\n<h2 class=\"live-post__title\">826 mors dans les frappes isra\u00e9lienne au Liban depuis le 2 mars<\/h2>\n<p class=\"live-post__amorce\">Les frappes isra\u00e9liennes ont fait au moins 826 morts dont 106 enfants et 2 009 bless\u00e9s au Liban depuis le d\u00e9but de la guerre entre Isra\u00ebl et le Hezbollah pro-iranien le 2 mars, a annonc\u00e9 le minist\u00e8re de la Sant\u00e9. Parmi les victimes, les autorit\u00e9s d\u00e9nombrent 31 personnels m\u00e9dicaux tu\u00e9s, apr\u00e8s la d\u00e9couverte de nouveaux corps \u00e0 la suite d&#8217;une frappe sur le sud du pays.<\/p>\n<\/div>\n<\/div>\n<div id=\"live_post_EVMMQGH4B6F6OTT\"><span class=\"live-post__date\">16h03.<\/span><\/p>\n<div class=\"live-post__content\">\n<h2 class=\"live-post__title\">Le chef de l&#8217;ONU appelle la communaut\u00e9 internationale \u00e0 &#8220;intensifier&#8221; son engagement envers le Liban<\/h2>\n<p class=\"live-post__amorce\">Le secr\u00e9taire g\u00e9n\u00e9ral de l&#8217;ONU, Antonio Gueterres, a affirm\u00e9 que &#8220;des voies diplomatiques \u00e9taient possibles&#8221; pour arr\u00eater la guerre entre Isra\u00ebl et le mouvement pro-Iran Hezbollah au Liban. &#8220;Renforcez votre engagement. Soutenez l&#8217;Etat libanais et les forces arm\u00e9es libanaises pour leur assurer les capacit\u00e9s et les ressources n\u00e9cessaires&#8221;, a-t-il soutenu.<\/p>\n<\/div>\n<\/div>\n<div id=\"live_post_EVMMQGF0FMVRYIH\"><span class=\"live-post__date\">16h01.<\/span><\/p>\n<div class=\"live-post__content\">\n<h2 class=\"live-post__title\">Explosions au-dessus de J\u00e9rusalem apr\u00e8s que l&#8217;arm\u00e9e a d\u00e9tect\u00e9 des missiles venus d&#8217;Iran<\/h2>\n<p class=\"live-post__amorce\">L&#8217;arm\u00e9e isra\u00e9lienne &#8220;a identifi\u00e9 des missiles tir\u00e9s depuis l&#8217;Iran en direction du territoire de l&#8217;Etat d&#8217;Isra\u00ebl&#8221;, a indiqu\u00e9 un communiqu\u00e9 militaire, pr\u00e9cisant que les syst\u00e8mes de d\u00e9fense anti-a\u00e9riens \u00e9taient entr\u00e9s en action pour les intercepter.<\/p>\n<\/div>\n<\/div>\n<div id=\"live_post_EVMMQBU99PJ4C6V\"><span class=\"live-post__date\">13h53.<\/span><\/p>\n<div class=\"live-post__content\">\n<h2 class=\"live-post__title\">Liban : les bombardements isra\u00e9liens ont tu\u00e9 26 personnes du secteur m\u00e9dical depuis le 2 mars, selon le minist\u00e8re de la sant\u00e9 libanais<\/h2>\n<p class=\"live-post__amorce\">Les frappes isra\u00e9liennes ont tu\u00e9 26 personnes du secteur m\u00e9dical depuis le d\u00e9but des bombardements isra\u00e9liens sur le Liban le 2 mars, a annonc\u00e9, samedi, le minist\u00e8re de la sant\u00e9 libanais. Cette d\u00e9claration intervient apr\u00e8s l\u2019annonce, par les autorit\u00e9s, d\u2019une frappe isra\u00e9lienne nocturne ayant tu\u00e9 12 m\u00e9decins, secouristes et infirmiers travaillant dans un centre de sant\u00e9 \u00e0 Burj Qalawiya, dans le sud du pays. <\/p>\n<\/div>\n<\/div>\n<div id=\"live_post_EVMMQBQUIO26J2E\"><span class=\"live-post__date\">13h51.<\/span><\/p>\n<div class=\"live-post__content\">\n<h2 class=\"live-post__title\">L&#8217;arm\u00e9e isra\u00e9lienne affirme avoir bombard\u00e9 un site de recherche \u00e0 T\u00e9h\u00e9ran (Iran)<\/h2>\n<p class=\"live-post__amorce\">L\u2019arm\u00e9e isra\u00e9lienne affirme avoir bombard\u00e9, la nuit derni\u00e8re, un site &#8220;majeur&#8221; de recherche spatiale \u00e0 T\u00e9h\u00e9ran, dans un communiqu\u00e9 publi\u00e9 sur X. Il s\u2019agirait du principal centre de recherche spatiale de l\u2019Organisation spatiale iranienne, qui, selon elle, &#8220;disposait de laboratoires strat\u00e9giques utilis\u00e9s pour la recherche et le d\u00e9veloppement de satellites militaires \u00e0 diverses fins, notamment la surveillance, la criminalisation et le guidage de tirs sur des cibles \u00e0 travers le Moyen-Orient&#8221;.<\/p>\n<\/div>\n<\/div>\n<div id=\"live_post_EVMMQ6A64RVVD3X\"><span class=\"live-post__date\">11h18.<\/span><\/p>\n<div class=\"live-post__content\">\n<h2 class=\"live-post__title\">Emmanuel Macron appelle Isra\u00ebl \u00e0 des &#8220;discussions directes&#8221; avec le Liban et propose de les accueillir \u00e0 Paris<\/h2>\n<p class=\"live-post__amorce\">&#8220;Tout doit \u00eatre fait pour emp\u00eacher que le Liban ne sombre dans le chaos. Le Hezbollah doit arr\u00eater imm\u00e9diatement sa fuite en avant. Isra\u00ebl doit renoncer \u00e0 une offensive d\u2019ampleur et cesser ses frappes massives, alors que des centaines de milliers de personnes ont d\u00e9j\u00e0 fui les bombardements&#8221;, a d\u00e9clar\u00e9 le pr\u00e9sident fran\u00e7ais sur X.<\/p>\n<div class=\"extemb-container\">\n<blockquote data-class=\"twitter-tweet\">\n<p lang=\"fr\" dir=\"ltr\">J\u2019ai \u00e9chang\u00e9 hier avec le Pr\u00e9sident Aoun, le Premier ministre Salam et le Pr\u00e9sident du Parlement Berri.<\/p>\n<p>Tout doit \u00eatre fait pour emp\u00eacher que le Liban ne sombre dans le chaos.<\/p>\n<p>Le Hezbollah doit arr\u00eater imm\u00e9diatement sa fuite en avant. Isra\u00ebl doit renoncer \u00e0 une offensive\u2026<\/p>\n<p>\u2014 Emmanuel Macron (@EmmanuelMacron) <a href=\"https:\/\/twitter.com\/EmmanuelMacron\/status\/2032755123747749906?ref_src=twsrc%5Etfw\">March 14, 2026<\/a><\/p><\/blockquote><\/div>\n<\/div>\n<\/div>\n<div id=\"live_post_EVMMQ5MAC1TEQF5\"><span class=\"live-post__date\">10h59.<\/span><\/p>\n<div class=\"live-post__content\">\n<h2 class=\"live-post__title\">O\u00f9 se trouvent les soldats fran\u00e7ais d\u00e9ploy\u00e9s dans la r\u00e9gion ?<\/h2>\n<p class=\"live-post__amorce\">Entre bases strat\u00e9giques historiques et d\u00e9ploiement d\u2019urgence en mer, le dispositif est positionn\u00e9 dans une posture &#8220;strictement d\u00e9fensive&#8221;.<\/p>\n<p class=\"std-elt__inline\">\n        <strong>\u00c0 lire aussi :<\/strong><br \/>\n        <a href=\"\/2026\/03\/13\/carte-mort-dun-militaire-francais-au-moyen-orient-ou-se-trouvent-nos-soldats-deployes-dans-la-region-13270323.php\">CARTE. Mort d&#8217;un militaire fran\u00e7ais au Moyen-Orient\u00a0: o\u00f9 se trouvent nos soldats d\u00e9ploy\u00e9s dans la r\u00e9gion\u00a0?<\/a>\n    <\/p>\n<\/div>\n<\/div>\n<div id=\"live_post_EVMMQ5G5MQZV2PZ\"><span class=\"live-post__date\">10h54.<\/span><\/p>\n<div class=\"live-post__content\">\n<h2 class=\"live-post__title\">Mort d&#8217;un soldat fran\u00e7ais au Kurdistan :\u00a0Emmanuel Macron remercie l\u2019Irak pour les &#8220;mesures de protection&#8221; des forces fran\u00e7aises<\/h2>\n<p class=\"live-post__amorce\">Le pr\u00e9sident Emmanuel Macron a remerci\u00e9 le premier ministre irakien, Mohammed Chia Al-Soudani, sur X pour &#8221; son engagement \u00e0 faire toute la lumi\u00e8re&#8221; sur la frappe de drone qui a tu\u00e9 un militaire fran\u00e7ais au Kurdistan irakien, &#8220;et \u00e0 renforcer les mesures de protection&#8221; des forces fran\u00e7aises en Irak.<\/p>\n<div class=\"extemb-container\">\n<blockquote data-class=\"twitter-tweet\">\n<p lang=\"fr\" dir=\"ltr\">Je me suis entretenu hier avec le Premier ministre irakien Mohammed Chia Al-Soudani.<\/p>\n<p>Il m\u2019a pr\u00e9sent\u00e9 ses condol\u00e9ances et celles du peuple irakien pour le d\u00e9c\u00e8s de l\u2019adjudant-chef Arnaud Frion lors de l\u2019attaque inacceptable qui a \u00e9galement bless\u00e9 plusieurs de nos militaires.\u2026<\/p>\n<p>\u2014 Emmanuel Macron (@EmmanuelMacron) <a href=\"https:\/\/twitter.com\/EmmanuelMacron\/status\/2032746397536055749?ref_src=twsrc%5Etfw\">March 14, 2026<\/a><\/p><\/blockquote><\/div>\n<\/p><\/div>\n<\/div>\n<div id=\"live_post_EVMMPY0CW2VQ4GW\"><span class=\"live-post__date\">07h26.<\/span><\/p>\n<div class=\"live-post__content\">\n<h2 class=\"live-post__title\">Iran : apr\u00e8s le bombardement de l\u2019\u00eele de Kharg, aucune infrastructure p\u00e9troli\u00e8re n\u2019a \u00e9t\u00e9 endommag\u00e9e<\/h2>\n<p class=\"live-post__amorce\">Aucune infrastructure p\u00e9troli\u00e8re n\u2019a \u00e9t\u00e9 endommag\u00e9e sur l\u2019\u00eele strat\u00e9gique de Kharg, hub p\u00e9trolier de l\u2019Iran situ\u00e9 dans le Golfe, a rapport\u00e9 l\u2019agence de presse Fars, apr\u00e8s des frappes am\u00e9ricaines vendredi contre des sites militaires que Donald Trump affirme avoir &#8220;compl\u00e8tement d\u00e9truit &#8220;.<\/p>\n<p class=\"live-post__amorce\">Durant cette attaque, 15 explosions ont \u00e9t\u00e9 entendues mais &#8220;aucune infrastructure p\u00e9troli\u00e8re n\u2019a \u00e9t\u00e9 endommag\u00e9e&#8221;,  l&#8217;agence Fars citant des &#8220;sources sur le terrain&#8221; non identifi\u00e9es.. Selon Fars, &#8220;l&#8217;ennemi a tent\u00e9 d&#8217;endommager les d\u00e9fenses de l&#8217;arm\u00e9e, la base navale Joshan, la tour de contr\u00f4le de l&#8217;a\u00e9roport et le hangar \u00e0 h\u00e9licopt\u00e8res de la Continental Shelf Oil Company&#8221;.<\/p>\n<p class=\"live-post__amorce\">Ile broussailleuse \u00e0 environ 30 kilom\u00e8tres des c\u00f4tes, Kharg abrite le plus grand terminal d&#8217;exportation de p\u00e9trole de l&#8217;Iran qui assure environ 90% de ses exportations de brut, selon une r\u00e9cente note de la banque am\u00e9ricaine JP Morgan.<\/p>\n<p class=\"std-elt__inline\">\n        <strong>\u00c0 lire aussi :<\/strong><br \/>\n        <a href=\"\/2026\/03\/09\/guerre-en-iran-quelle-est-cette-ile-strategique-par-ou-transite-90-du-petrole-iranien-que-les-etats-unis-envisageraient-de-prendre-13262132.php\">Guerre en Iran\u00a0: quelle est cette \u00eele strat\u00e9gique par o\u00f9 transite 90\u00a0% du p\u00e9trole iranien que les Etats-Unis envisageraient de prendre\u00a0?<\/a>\n    <\/p>\n<\/div>\n<\/div>\n<div id=\"live_post_EVMMPXY7JWETPT1\"><span class=\"live-post__date\">07h24.<\/span><\/p>\n<div class=\"live-post__content\">\n<h2 class=\"live-post__title\">L&#8217;Iran est &#8220;compl\u00e8tement vaincu et veut un accord&#8221; affirme Donald Trump\u00a0<\/h2>\n<p class=\"live-post__amorce\"> &#8220;Les m\u00e9dias diffusant de fausses informations d\u00e9testent rendre compte des excellents r\u00e9sultats obtenus par l\u2019arm\u00e9e am\u00e9ricaine face \u00e0 l\u2019Iran, qui est totalement vaincu et souhaite conclure un accord \u2013 mais pas un accord que j\u2019accepterais !&#8221;, a \u00e9crit le pr\u00e9sident sur son r\u00e9seau Truth Social, sans plus de pr\u00e9cisions.<\/p>\n<p><iframe class=\"truthsocial-embed\" style=\"max-width: 100%; border: 0\" width=\"600\" allowfullscreen=\"allowfullscreen\" data-src=\"https:\/\/truthsocial.com\/@realDonaldTrump\/116225502010036899\/embed\"><\/iframe><\/p>\n<\/div>\n<\/div>\n<div id=\"live_post_EVMMPXV6R81SIWN\"><span class=\"live-post__date\">07h22.<\/span><\/p>\n<div class=\"live-post__content\">\n<h2 class=\"live-post__title\">Irak : l&#8217;ambassade am\u00e9ricaine a \u00e9t\u00e9 frapp\u00e9\u00a0<\/h2>\n<p class=\"live-post__amorce\">Une attaque de drone a vis\u00e9 \u00e0 l\u2019aube l\u2019ambassade am\u00e9ricaine \u00e0 Bagdad, ont confirm\u00e9 deux hauts responsables s\u00e9curitaires irakiens. Un journaliste de l\u2019Agence France-Presse (AFP) a vu de la fum\u00e9e noire s\u2019\u00e9lever au-dessus du complexe diplomatique en plein c\u0153ur de la capitale.<\/p>\n<p class=\"live-post__amorce\">L\u2019attaque intervient apr\u00e8s une s\u00e9rie de frappes ayant vis\u00e9 dans la nuit les Brigades du Hezbollah, un influent groupe arm\u00e9 pro-iranien \u00e0 Bagdad, faisant deux morts selon des sources de s\u00e9curit\u00e9, dont une &#8220;personnalit\u00e9 importante&#8221;.<\/p>\n<\/div>\n<\/div>\n<div id=\"live_post_EVMMPXUWRNLTVVF\"><span class=\"live-post__date\">07h22.<\/span><\/p>\n<p><h2 class=\"live-post__title\">Bonjour et bienvenue dans ce live<\/h2>\n<\/p>\n<\/div>\n<p><script async src=\"\/\/platform.twitter.com\/widgets.js\" charset=\"utf-8\"><\/script><br \/><a href=\"https:\/\/www.ladepeche.fr\/2026\/03\/14\/direct-guerre-en-iran-teheran-menace-de-reduire-en-cendres-les-infrastructures-petrolieres-liees-aux-etats-unis-13271907.php\">source<\/a><\/p>\n","protected":false},"excerpt":{"rendered":"<p>18h37. L&#8217;Iran annonce de nouveaux tirs de missiles sur Isra\u00ebl 18h36. Une frappe de missile sur une zone industrielle d&#8217;Ispahan fait 15 morts Une frappe isra\u00e9lo-am\u00e9ricaine de missile sur une zone industrielle d&#8217;Ispahan, dans le centre de l&#8217;Iran, a fait 15 morts, a annonc\u00e9 l&#8217;agence de presse iranienne Fars. Selon Fars, l\u2019attaque &#8220;a vis\u00e9 une [&hellip;]<\/p>\n","protected":false},"author":1,"featured_media":124656,"comment_status":"open","ping_status":"open","sticky":false,"template":"","format":"standard","meta":{"_monsterinsights_skip_tracking":false,"_monsterinsights_sitenote_active":false,"_monsterinsights_sitenote_note":"","_monsterinsights_sitenote_category":0,"footnotes":""},"categories":[1],"tags":[],"coauthors":[77],"class_list":["post-124655","post","type-post","status-publish","format-standard","has-post-thumbnail","hentry","category-a-la-une"],"aioseo_notices":[],"_links":{"self":[{"href":"https:\/\/pressactu.com\/index.php?rest_route=\/wp\/v2\/posts\/124655","targetHints":{"allow":["GET"]}}],"collection":[{"href":"https:\/\/pressactu.com\/index.php?rest_route=\/wp\/v2\/posts"}],"about":[{"href":"https:\/\/pressactu.com\/index.php?rest_route=\/wp\/v2\/types\/post"}],"author":[{"embeddable":true,"href":"https:\/\/pressactu.com\/index.php?rest_route=\/wp\/v2\/users\/1"}],"replies":[{"embeddable":true,"href":"https:\/\/pressactu.com\/index.php?rest_route=%2Fwp%2Fv2%2Fcomments&post=124655"}],"version-history":[{"count":0,"href":"https:\/\/pressactu.com\/index.php?rest_route=\/wp\/v2\/posts\/124655\/revisions"}],"wp:featuredmedia":[{"embeddable":true,"href":"https:\/\/pressactu.com\/index.php?rest_route=\/wp\/v2\/media\/124656"}],"wp:attachment":[{"href":"https:\/\/pressactu.com\/index.php?rest_route=%2Fwp%2Fv2%2Fmedia&parent=124655"}],"wp:term":[{"taxonomy":"category","embeddable":true,"href":"https:\/\/pressactu.com\/index.php?rest_route=%2Fwp%2Fv2%2Fcategories&post=124655"},{"taxonomy":"post_tag","embeddable":true,"href":"https:\/\/pressactu.com\/index.php?rest_route=%2Fwp%2Fv2%2Ftags&post=124655"},{"taxonomy":"author","embeddable":true,"href":"https:\/\/pressactu.com\/index.php?rest_route=%2Fwp%2Fv2%2Fcoauthors&post=124655"}],"curies":[{"name":"wp","href":"https:\/\/api.w.org\/{rel}","templated":true}]}}