{"id":124649,"date":"2026-03-14T16:52:08","date_gmt":"2026-03-14T16:52:08","guid":{"rendered":"https:\/\/pressactu.com\/?p=124649"},"modified":"2026-03-14T16:52:08","modified_gmt":"2026-03-14T16:52:08","slug":"cuba-confirme-des-pourparlers-avec-les-etats-unis-les-autorites-liberent-des-prisonniers-politiques","status":"publish","type":"post","link":"https:\/\/pressactu.com\/?p=124649","title":{"rendered":"Cuba confirme des pourparlers avec les Etats-Unis, les autorit\u00e9s lib\u00e8rent des prisonniers politiques"},"content":{"rendered":"<div auto_robot_readability=\"126.57583060768\">\n                          <!-- partials\/article\/hook_media--standard.volt --><\/p>\n<figure class=\"hook-media--standard \" auto_robot_readability=\"-22.5\">\n    <picture class=\"hook-media_picture pb-8\"><source media=\"(max-width: 768px)\" srcset=\"https:\/\/focus.nouvelobs.com\/2026\/03\/14\/0\/0\/4710\/3140\/375\/250\/75\/0\/5559970_upload-1-cs4qhsxq5ns9-000-a2dn3d2.jpg 1x,https:\/\/focus.nouvelobs.com\/2026\/03\/14\/0\/0\/4710\/3140\/750\/500\/50\/0\/5559970_upload-1-cs4qhsxq5ns9-000-a2dn3d2.jpg 2x\" width=\"375\" height=\"250\"><img fetchpriority=\"high\" decoding=\"async\" class=\"mx-auto\" src=\"data:image\/svg+xml,%3Csvg%20xmlns%3D%27http%3A%2F%2Fwww.w3.org%2F2000%2Fsvg%27%20fill%3D%22%23e4e4e4%22%20viewBox%3D%270%200%20510%20340%27%20width%3D%22510%22%20height%3D%22340%22%3E%3Cpath%20d%3D%27M0%200h510v340H0z%27%2F%3E%3C%2Fsvg%3E\" srcset=\"https:\/\/focus.nouvelobs.com\/2026\/03\/14\/0\/0\/4710\/3140\/510\/340\/75\/0\/5559970_upload-1-cs4qhsxq5ns9-000-a2dn3d2.jpg 1x,https:\/\/focus.nouvelobs.com\/2026\/03\/14\/0\/0\/4710\/3140\/1020\/680\/50\/0\/5559970_upload-1-cs4qhsxq5ns9-000-a2dn3d2.jpg 2x\" loading=\"eager\" width=\"510\" height=\"340\" data-oncrawl-image-size=\"510x340\" alt=\"Le pr\u00e9sident cubain Miguel D\u00edaz-Canel lors du sommet des BRICS \u00e0 Rio de Janeiro, au Br\u00e9sil, le 6\u00a0juillet 2025.\"\/>      <\/source><\/picture><figcaption class=\"hook-media_figcaption\" auto_robot_readability=\"-20\">\n<p class=\"latino-100m text-grey-600\">\n            Le pr\u00e9sident cubain Miguel D\u00edaz-Canel lors du sommet des BRICS \u00e0 Rio de Janeiro, au Br\u00e9sil, le 6\u00a0juillet 2025.\u00a0<span class=\"text-grey-600 ms-4\">PABLO PORCIUNCULA \/ AFP<\/span>        <\/p>\n<\/figcaption><\/figure>\n<p>            <!-- partials\/article\/actions\/toolbar --><\/p>\n<div class=\"article__share d-flex align-items-center py-24 border-bottom  mb-32\" style=\"--border-color:#D9D9D9;\">\n<div class=\"d-flex flex-wrap gap-16\" auto_robot_readability=\"5.4432989690722\">\n<p>          <!-- partials\/article\/actions\/gift.volt --><\/p>\n<p>          <!-- partials\/article\/actions\/comment.volt --><\/p>\n<p>  <button data-article-key=\"20260314.OBS113190\" aria-label=\"Lire\u00a0plus\u00a0tard\" data-section=\"Monde\" data-piano=\"Page_Article,Sous_date_publi,A_lire_plus_tard,1er_clic,action\" class=\"popover-trigger btn--tertiary btn--icon-only btn btn--small btn--secondary read-later\"><br \/>\n    <i class=\"icon  icon-read-after\" aria-hidden=\"true\"\/><br \/>\n          <span class=\"latino-300r mt-2 \"><br \/>\n        Lire\u00a0plus\u00a0tard      <\/span><br \/>\n      <\/button><\/p>\n<p><a aria-label=\"Nous suivre sur Google News\" href=\"https:\/\/news.google.com\/publications\/CAAqBwgKMJe4nQkw3dFs?hl=fr&amp;gl=FR&amp;ceid=FR%3Afr\" target=\"_blank\" data-piano=\"Page_Article,Sous_date_publi,Nous_suivre_sur_google_news,1er_clic,action\" class=\"btn btn--small btn--tertiary btn--icon-only\"><br \/>\n        <svg class=\"icon icon--google  \" style=\"--fill:#56668A\">\n              <use href=\"\/bucket\/resources\/web\/img\/e86dad2a9be111d0faac.svg#google\"\/><\/p>\n<p>  <\/svg><br \/>\n      <span class=\"latino-300r mt-2 \">Google Actualit\u00e9s<\/span><br \/>\n  <\/a><\/p>\n<p>          <!-- partials\/article\/actions\/hook_action--share.volt --><br \/>\n<button id=\"share\" aria-label=\"Partager\" class=\"popover-trigger btn btn--small btn--tertiary btn--icon-only\" data-piano=\"Page_Article,Sous_date_publi,Partager,1er_clic,action\"><br \/>\n        <svg class=\"icon icon--share-alt  \" style=\"--fill:var(--base-foreground-color,#171717)\">\n              <use href=\"\/bucket\/resources\/web\/img\/e86dad2a9be111d0faac.svg#share-alt\"\/><\/p>\n<p>  <\/svg><br \/>\n  <span class=\"latino-300r mt-2\">Partager<\/span><br \/>\n<\/button><\/p>\n<div id=\"popover-share\" data-url=\"https:\/\/www.nouvelobs.com\/monde\/20260314.OBS113190\/cuba-confirme-des-pourparlers-avec-les-etats-unis-les-autorites-liberent-des-prisonniers-politiques.html\" data-id=\"20260314.OBS113190\" data-popover-for=\"share\" class=\"popover p-32\" role=\"tooltip\" style=\"width: 375px\" auto_robot_readability=\"7\">\n<p>\n          <button onclick=\"setToFacebook();\" class=\"btn btn--large btn--secondary\" aria-label=\"Facebook\" piano-context-origin=\"Page_Article,Sous_date_publi,Partager,Facebook,action\"><br \/>\n              <svg class=\"icon icon--facebook  \" style=\"--fill:var(--base-foreground-color,#171717)\">\n              <use href=\"\/bucket\/resources\/web\/img\/e86dad2a9be111d0faac.svg#facebook\"\/><\/p>\n<p>  <\/svg><br \/>\n        <span class=\"latino-300r\">Facebook<\/span><br \/>\n      <\/button><br \/>\n      <button onclick=\"setToBsky();\" class=\"btn btn--large btn--secondary\" aria-label=\"Bluesky\" piano-context-origin=\"Page_Article,Sous_date_publi,Partager,Bluesky,action\"><br \/>\n              <svg class=\"icon icon--bluesky  \" style=\"--fill:var(--base-foreground-color,#171717)\">\n              <use href=\"\/bucket\/resources\/web\/img\/e86dad2a9be111d0faac.svg#bluesky\"\/><\/p>\n<p>  <\/svg><br \/>\n        <span class=\"latino-300r\">Bluesky<\/span><br \/>\n      <\/button><br \/>\n      <button id=\"mail-button\" onclick=\"setToMail(true)\" class=\"btn btn--large btn--secondary\" aria-label=\"Mail\" piano-context-origin=\"Page_Article,Sous_date_publi,Partager,Email,action\"><br \/>\n              <svg class=\"icon icon--mail  \" style=\"--fill:var(--base-foreground-color,#171717)\">\n              <use href=\"\/bucket\/resources\/web\/img\/e86dad2a9be111d0faac.svg#mail\"\/><\/p>\n<p>  <\/svg><br \/>\n        <span class=\"latino-300r\">E-mail<\/span><br \/>\n      <\/button><br \/>\n      <button onclick=\"setToClipboard();\" class=\"copy-button btn btn--large btn--secondary\" aria-label=\"copier le lien\" piano-context-origin=\"Page_Article,Sous_date_publi,Partager,Copier_lien,action\"><br \/>\n              <svg class=\"icon icon--link  \" style=\"--fill:var(--base-foreground-color,#171717)\">\n              <use href=\"\/bucket\/resources\/web\/img\/e86dad2a9be111d0faac.svg#link\"\/><\/p>\n<p>  <\/svg><br \/>\n        <span class=\"latino-300r\">Copier le lien<\/span><br \/>\n      <\/button>\n      <\/p>\n<p>\n    <button id=\"share-mail-submit\" type=\"submit\" form=\"mail-form\" onclick=\"__forecast.collectShareMail()\" class=\"latino-300r btn btn--large btn--black btn--fit\"><br \/>\n      Envoyer<br \/>\n    <\/button>\n  <\/p>\n<\/div>\n<p>          <!-- app\/web\/views\/partials\/article\/actions\/subscribe.volt --><\/p>\n<p>            <span data-urlencode=\"L2Fib25uZW1lbnQtbXVuaWNpcGFsZXMtMjAyNg==\" data-piano=\"Page_Article,Sous_date_publi,S_abonner_Municipales2026,1er_clic,action\" data-batch=\"clic_s_abonner\" class=\"btn btn--small btn--conversion-secondary\" style=\"--btn-color:#FFF;--btn-color-hover:#FFF;--btn-bg:#522DF7;--btn-bg-hover:#522DF7;--btn-bg-focus:#522DF7;--btn-border-color:#522DF7;\"><br \/>\n      S\u2019abonner    <\/span><\/p><\/div>\n<\/div>\n<p>            <!-- partials\/article\/contextual_blocks.volt --><\/p>\n<p>    <!-- partials\/article\/node.volt --><br \/>\n<!-- partials\/article\/node_text.volt --><\/p>\n<p class=\"node__paragraphe antonia-750r text-grey-800 pb-24 pb-md-32\">\nCuba a confirm\u00e9 vendredi 13\u00a0mars \u00eatre en pourparlers avec les Etats-Unis et a commenc\u00e9 \u00e0 lib\u00e9rer des prisonniers politiques dans le cadre d\u2019un accord avec le Vatican, un m\u00e9diateur historique entre <a href=\"https:\/\/www.nouvelobs.com\/histoire\/20260210.OBS112250\/cuba-pourquoi-l-ile-est-elle-l-ennemi-historique-des-etats-unis.html\">ces deux ennemis id\u00e9ologiques<\/a>.<\/p>\n<p>                  <!-- partials\/article\/node.volt --><br \/>\n<!-- partials\/article\/node_media.volt --><\/p>\n<p>      <!-- partials\/article\/node.volt --><br \/>\n<!-- partials\/article\/node_text.volt --><\/p>\n<p class=\"node__paragraphe antonia-750r text-grey-800 pb-24 pb-md-32\">\nL\u2019Eglise catholique joue depuis des d\u00e9cennies un r\u00f4le de m\u00e9diateur dans la lib\u00e9ration de prisonniers politiques sur l\u2019\u00eele. Elle a \u00e9galement eu un r\u00f4le d\u00e9terminant dans le d\u00e9gel diplomatique entre Washington et La\u00a0Havane en\u00a02015 pendant le second mandat de Barack Obama (2013-2017).<\/p>\n<p>      <!-- partials\/article\/node.volt --><br \/>\n<!-- partials\/article\/node_text.volt --><\/p>\n<h2 class=\"node__heading latino-800m latino-lg-1400e text-grey-800 pb-8 pb-md-16\">\n\u2022 Un \u00ab\u00a0processus tr\u00e8s sensible\u00a0\u00bb visant \u00e0 \u00ab\u00a0s\u2019\u00e9loigner de la confrontation\u00a0\u00bb<\/h2>\n<p>      <!-- partials\/article\/node.volt --><br \/>\n<!-- partials\/article\/node_text.volt --><\/p>\n<p class=\"node__paragraphe antonia-750r text-grey-800 pb-24 pb-md-32\">\n<em>\u00ab\u00a0Des responsables cubains ont r\u00e9cemment eu des discussions avec des repr\u00e9sentants du gouvernement des Etats-Unis\u00a0\u00bb<\/em>, a d\u00e9clar\u00e9 le pr\u00e9sident Miguel D\u00edaz-Canel dans une intervention retransmise \u00e0 la t\u00e9l\u00e9vision.<\/p>\n<p>      <!-- partials\/article\/node.volt --><br \/>\n<!-- partials\/article\/node_text.volt --><\/p>\n<p class=\"node__paragraphe antonia-750r text-grey-800 pb-24 pb-md-32\">\nCes pourparlers <em>\u00ab\u00a0ont pour objectif de chercher des solutions, par la voie du dialogue, aux diff\u00e9rends bilat\u00e9raux qui existent entre nos deux nations\u00a0\u00bb<\/em>, a ajout\u00e9 le chef de l\u2019Etat devant les plus hautes autorit\u00e9s cubaines, dont des membres du Bureau politique du Parti communiste cubain (PCC). Miguel D\u00edaz-Canel a soulign\u00e9 qu\u2019il s\u2019agissait d\u2019un <em>\u00ab\u00a0processus tr\u00e8s sensible\u00a0\u00bb<\/em> ayant pour but de <em>\u00ab\u00a0nous \u00e9loigner de la confrontation\u00a0\u00bb<\/em> et qu\u2019il devait se faire <em>\u00ab\u00a0sur la base de l\u2019\u00e9galit\u00e9 et du respect des syst\u00e8mes politiques des deux Etats\u00a0\u00bb<\/em>.<\/p>\n<p>            <!-- partials\/article\/node.volt --><br \/>\n<!-- partials\/article\/node_media.volt --><\/p>\n<p>      <!-- partials\/article\/node.volt --><br \/>\n<!-- partials\/article\/node_text.volt --><\/p>\n<p class=\"node__paragraphe antonia-750r text-grey-800 pb-24 pb-md-32\">\nEtait pr\u00e9sent pendant l\u2019allocution du pr\u00e9sident cubain Ra\u00fal Guillermo Rodr\u00edguez Castro, le petit-fils de l\u2019ex-dirigeant Ra\u00fal Castro (2006-2018). Sans fonctions officielles au sein du gouvernement, il a \u00e9t\u00e9 il y a peu mentionn\u00e9 par des m\u00e9dias am\u00e9ricains comme \u00e9tant l\u2019interlocuteur du <a href=\"https:\/\/www.nouvelobs.com\/monde\/20260116.OBS111544\/venezuela-groenland-marco-rubio-le-chef-d-orchestre-de-l-offensive-americaine-sur-l-hemisphere-occidental.html\">chef de la diplomatie am\u00e9ricaine, Marco Rubio<\/a>, dans le cadre de discussions secr\u00e8tes.<\/p>\n<p>      <!-- partials\/article\/node.volt --><br \/>\n<!-- partials\/article\/node_text.volt --><\/p>\n<h2 class=\"node__heading latino-800m latino-lg-1400e text-grey-800 pb-8 pb-md-16\">\n\u2022 Cuba est une \u00ab\u00a0nation en faillite\u00a0\u00bb, dit Washington<\/h2>\n<p>      <!-- partials\/article\/node.volt --><br \/>\n<!-- partials\/article\/node_text.volt --><\/p>\n<p class=\"node__paragraphe antonia-750r text-grey-800 pb-24 pb-md-32\">\nDonald Trump, qui multiplie <a href=\"https:\/\/www.nouvelobs.com\/chroniques\/20260310.OBS113074\/en-pleine-guerre-contre-l-iran-trump-menace-deja-cuba.html\">les d\u00e9clarations offensives contre Cuba<\/a>, assurait depuis mi-janvier que des n\u00e9gociations \u00e9taient en cours avec de hauts responsables de l\u2019\u00eele mais La\u00a0Havane avait jusque-l\u00e0 d\u00e9menti de tels contacts.<\/p>\n<p>      <!-- partials\/article\/node.volt --><br \/>\n<!-- partials\/article\/node_text.volt --><\/p>\n<p class=\"node__paragraphe antonia-750r text-grey-800 pb-24 pb-md-32\">\nDans des d\u00e9clarations \u00e0 l\u2019AFP vendredi, un responsable de la Maison Blanche a r\u00e9it\u00e9r\u00e9 les dires du pr\u00e9sident Trump estimant que Cuba est une <em>\u00ab\u00a0nation en faillite\u00a0\u00bb<\/em> et qu\u2019un accord avec son gouvernement <em>\u00ab\u00a0serait tr\u00e8s facile \u00e0 conclure\u00a0\u00bb<\/em>.<\/p>\n<p>      <!-- partials\/article\/node.volt --><br \/>\n<!-- partials\/article\/node_text.volt --><\/p>\n<h2 class=\"node__heading latino-800m latino-lg-1400e text-grey-800 pb-8 pb-md-16\">\n\u2022 Mexico envoie de l\u2019aide humanitaire<\/h2>\n<p>      <!-- partials\/article\/node.volt --><br \/>\n<!-- partials\/article\/node_text.volt --><\/p>\n<p class=\"node__paragraphe antonia-750r text-grey-800 pb-24 pb-md-32\">\nLa pr\u00e9sidente de gauche du Mexique, <a href=\"https:\/\/www.nouvelobs.com\/monde\/20240604.OBS89257\/10-choses-a-savoir-sur-claudia-sheinbaum-premiere-femme-elue-a-la-presidence-du-mexique.html\">Claudia Sheinbaum<\/a>, a salu\u00e9 ces pourparlers, soulignant l\u2019<em>\u00ab\u00a0injustice commise depuis de nombreuses ann\u00e9es \u00e0 l\u2019encontre du peuple cubain\u00a0\u00bb<\/em> \u00e0 cause de l\u2019embargo am\u00e9ricain en vigueur depuis 1962.<\/p>\n<p>      <!-- partials\/article\/node.volt --><br \/>\n<!-- partials\/article\/node_text.volt --><\/p>\n<p class=\"node__paragraphe antonia-750r text-grey-800 pb-24 pb-md-32\">\nL\u2019arriv\u00e9e de deux nouveaux bateaux de la marine nationale mexicaine, vendredi \u00e0 La\u00a0Havane, porte d\u00e9sormais \u00e0 3\u00a0000 tonnes l\u2019aide humanitaire envoy\u00e9e par Mexico \u00e0 Cuba en moins d\u2019un mois.<\/p>\n<p>      <!-- partials\/article\/node.volt --><br \/>\n<!-- partials\/article\/node_text.volt --><\/p>\n<h2 class=\"node__heading latino-800m latino-lg-1400e text-grey-800 pb-8 pb-md-16\">\n\u2022 51\u00a0prisonniers politiques lib\u00e9r\u00e9s<\/h2>\n<p>      <!-- partials\/article\/node.volt --><br \/>\n<!-- partials\/article\/node_text.volt --><\/p>\n<p class=\"node__paragraphe antonia-750r text-grey-800 pb-24 pb-md-32\">\nMiguel D\u00edaz-Canel a \u00e9galement d\u00e9clar\u00e9 que <em>\u00ab\u00a0des facteurs internationaux\u00a0\u00bb<\/em> avaient <em>\u00ab\u00a0facilit\u00e9 ces \u00e9changes\u00a0\u00bb<\/em> avec Washington, sans donner plus de d\u00e9tails. Mais, d\u00e8s jeudi soir, La\u00a0Havane avait annonc\u00e9 la lib\u00e9ration \u00e0 venir de 51 prisonniers sous l\u2019\u00e9gide du Vatican, un canal de dialogue r\u00e9gulier entre Cuba et les Etats-Unis.<\/p>\n<p>      <!-- partials\/article\/node.volt --><br \/>\n<!-- partials\/article\/node_text.volt --><\/p>\n<p class=\"node__paragraphe antonia-750r text-grey-800 pb-24 pb-md-32\">\nVendredi, l\u2019AFP a assist\u00e9 au retour dans leur quartier d\u2019Adael Jes\u00fas Leyva D\u00edaz, 29\u00a0ans, et de Ronald Garc\u00eda S\u00e1nchez, 33\u00a0ans, condamn\u00e9s respectivement \u00e0 13 et 14 ann\u00e9es de prison pour leur participation aux manifestations antigouvernementales historiques du 11\u00a0juillet 2021. Adael Jes\u00fas Leyva D\u00edaz, qui est arriv\u00e9 en tricycle \u00e9lectrique en raison des rationnements de carburant sur l\u2019\u00eele, a \u00e9t\u00e9 accueilli par sa famille dans la banlieue de la capitale. Il a pris son jeune fils dans ses bras tandis que sa m\u00e8re, le prenant dans les bras, lui a dit\u00a0: <em>\u00ab\u00a0On a fini de souffrir\u00a0\u00bb<\/em>.<\/p>\n<p>      <!-- partials\/article\/node.volt --><br \/>\n<!-- partials\/article\/node_text.volt --><\/p>\n<p class=\"node__paragraphe antonia-750r text-grey-800 pb-24 pb-md-32\">\nL\u2019ONG Cubalex, bas\u00e9e \u00e0 Miami, a indiqu\u00e9 avoir pu v\u00e9rifier la lib\u00e9ration d\u2019au moins quatre autres personnes incarc\u00e9r\u00e9es apr\u00e8s ces manifestations. Selon l\u2019organisation de d\u00e9fense des droits humains Justicia11J, dont le si\u00e8ge est situ\u00e9 en dehors de Cuba, jusqu\u2019\u00e0 ces premi\u00e8res remises en libert\u00e9, 760 personnes \u00e9taient incarc\u00e9r\u00e9es pour des raisons politiques, dont 358 pour avoir manifest\u00e9 en juillet\u00a02021.<\/p>\n<p>      <!-- partials\/article\/node.volt --><br \/>\n<!-- partials\/article\/node_text.volt --><\/p>\n<h2 class=\"node__heading latino-800m latino-lg-1400e text-grey-800 pb-8 pb-md-16\">\n\u2022 Coupures d\u2019\u00e9lectricit\u00e9 et p\u00e9nuries de produits de base<\/h2>\n<p>      <!-- partials\/article\/node.volt --><br \/>\n<!-- partials\/article\/node_text.volt --><\/p>\n<p class=\"node__paragraphe antonia-750r text-grey-800 pb-24 pb-md-32\">\nWashington impose depuis janvier un blocus \u00e9nerg\u00e9tique de facto \u00e0 Cuba, invoquant la <em>\u00ab\u00a0menace exceptionnelle\u00a0\u00bb<\/em> que ferait peser sur la s\u00e9curit\u00e9 nationale am\u00e9ricaine cette \u00eele situ\u00e9e \u00e0 seulement 150\u00a0km des c\u00f4tes de la Floride. D\u00e9j\u00e0 secou\u00e9 par une profonde crise \u00e9conomique, ce pays insulaire de 9,6\u00a0millions d\u2019habitants est d\u00e9sormais confront\u00e9 \u00e0 des p\u00e9nuries massives de carburant et \u00e0 des coupures d\u2019\u00e9lectricit\u00e9 prolong\u00e9es.<\/p>\n<p>      <!-- partials\/article\/node.volt --><br \/>\n<!-- partials\/article\/node_text.volt --><\/p>\n<p class=\"node__paragraphe antonia-750r text-grey-800 pb-24 pb-md-32\">\nPlusieurs manifestants ont attaqu\u00e9, dans la nuit de vendredi \u00e0 ce samedi 14\u00a0mars, un si\u00e8ge local du Parti communiste de Cuba dans la province de Ciego de \u00c1vila, \u00e0 quelque 460\u00a0kilom\u00e8tres de La\u00a0Havane, pour protester contre les coupures de courant et les p\u00e9nuries de produits de base.<\/p>\n<div class=\"article__author pb-32\" auto_robot_readability=\"32\">\n    <!-- app\/web\/views\/partials\/article\/authors.volt --><\/p>\n<p class=\"authors latino-600m text-grey-800\">\n<p>  <span>Par\u00a0<\/span><br \/>\nService Actu\u00a0(avec AFP)<\/p>\n<\/p><\/div>\n<\/p><\/div>\n<p><a href=\"https:\/\/www.nouvelobs.com\/monde\/20260314.OBS113190\/cuba-confirme-des-pourparlers-avec-les-etats-unis-les-autorites-liberent-des-prisonniers-politiques.html\">source<\/a><\/p>\n","protected":false},"excerpt":{"rendered":"<p>Le pr\u00e9sident cubain Miguel D\u00edaz-Canel lors du sommet des BRICS \u00e0 Rio de Janeiro, au Br\u00e9sil, le 6\u00a0juillet 2025.\u00a0PABLO PORCIUNCULA \/ AFP Lire\u00a0plus\u00a0tard Google Actualit\u00e9s Partager Facebook Bluesky E-mail Copier le lien Envoyer S\u2019abonner Cuba a confirm\u00e9 vendredi 13\u00a0mars \u00eatre en pourparlers avec les Etats-Unis et a commenc\u00e9 \u00e0 lib\u00e9rer des prisonniers politiques dans le [&hellip;]<\/p>\n","protected":false},"author":1,"featured_media":124650,"comment_status":"open","ping_status":"open","sticky":false,"template":"","format":"standard","meta":{"_monsterinsights_skip_tracking":false,"_monsterinsights_sitenote_active":false,"_monsterinsights_sitenote_note":"","_monsterinsights_sitenote_category":0,"footnotes":""},"categories":[75],"tags":[],"coauthors":[77],"class_list":["post-124649","post","type-post","status-publish","format-standard","has-post-thumbnail","hentry","category-monde"],"aioseo_notices":[],"_links":{"self":[{"href":"https:\/\/pressactu.com\/index.php?rest_route=\/wp\/v2\/posts\/124649","targetHints":{"allow":["GET"]}}],"collection":[{"href":"https:\/\/pressactu.com\/index.php?rest_route=\/wp\/v2\/posts"}],"about":[{"href":"https:\/\/pressactu.com\/index.php?rest_route=\/wp\/v2\/types\/post"}],"author":[{"embeddable":true,"href":"https:\/\/pressactu.com\/index.php?rest_route=\/wp\/v2\/users\/1"}],"replies":[{"embeddable":true,"href":"https:\/\/pressactu.com\/index.php?rest_route=%2Fwp%2Fv2%2Fcomments&post=124649"}],"version-history":[{"count":0,"href":"https:\/\/pressactu.com\/index.php?rest_route=\/wp\/v2\/posts\/124649\/revisions"}],"wp:featuredmedia":[{"embeddable":true,"href":"https:\/\/pressactu.com\/index.php?rest_route=\/wp\/v2\/media\/124650"}],"wp:attachment":[{"href":"https:\/\/pressactu.com\/index.php?rest_route=%2Fwp%2Fv2%2Fmedia&parent=124649"}],"wp:term":[{"taxonomy":"category","embeddable":true,"href":"https:\/\/pressactu.com\/index.php?rest_route=%2Fwp%2Fv2%2Fcategories&post=124649"},{"taxonomy":"post_tag","embeddable":true,"href":"https:\/\/pressactu.com\/index.php?rest_route=%2Fwp%2Fv2%2Ftags&post=124649"},{"taxonomy":"author","embeddable":true,"href":"https:\/\/pressactu.com\/index.php?rest_route=%2Fwp%2Fv2%2Fcoauthors&post=124649"}],"curies":[{"name":"wp","href":"https:\/\/api.w.org\/{rel}","templated":true}]}}