{"id":124647,"date":"2026-03-14T16:01:29","date_gmt":"2026-03-14T16:01:29","guid":{"rendered":"https:\/\/pressactu.com\/?p=124647"},"modified":"2026-03-14T16:01:29","modified_gmt":"2026-03-14T16:01:29","slug":"direct-guerre-en-ukraine-moscou-a-lance-pres-de-500-drones-dans-une-attaque-massive-quatre-morts-et-plusieurs-blesses-dans-la-region-de-kiev","status":"publish","type":"post","link":"https:\/\/pressactu.com\/?p=124647","title":{"rendered":"DIRECT. Guerre en Ukraine\u00a0: Moscou a lanc\u00e9 pr\u00e8s de 500 drones dans une &quot;attaque massive&quot;, quatre morts et plusieurs bless\u00e9s dans la r\u00e9gion de Kiev"},"content":{"rendered":"<div id=\"live_post_EVMMQG9VA7AYHPN\"><span class=\"live-post__date\">15h57.<\/span><\/p>\n<div class=\"live-post__content\">\n<h2 class=\"live-post__title\">Le Premier ministre belge souhaite &#8220;faire un deal&#8221; avec la Russie<\/h2>\n<p class=\"live-post__amorce\">&#8220;Comme on n\u2019est pas capable de menacer [Vladimir] Poutine en envoyant des armes \u00e0 l\u2019Ukraine et qu\u2019on ne peut pas l\u2019\u00e9touffer \u00e9conomiquement sans l\u2019appui des Etats-Unis, il ne reste qu\u2019une m\u00e9thode : faire un deal&#8221;, a affirm\u00e9 le Premier ministre belge, BArt De Wever, lors d&#8217;un entretien avec  <a href=\"https:\/\/www.lecho.be\/dossiers\/gouvernement-federal\/bart-de-wever-n-va-un-deal-avec-la-russie-semble-la-seule-solution-envisageable\/10652525.html\" target=\"_blank\" rel=\"noopener noreferrer nofollow\" class=\"\"><em>L&#8217;Echo<\/em><\/a> . Selon lui, le seul moyen de faire plier la Russie serait d&#8217;avoir &#8220;le soutien \u00e0 100% des Etats-Unis. &#8220;Mais ils ne sont pas du tout pour l\u2019Ukraine. Je pense parfois qu\u2019ils sont plus proches de Poutine que de Zelensky&#8221;, fustige-t-il.<\/p>\n<p class=\"live-post__amorce\">&#8220;Sans mandat pour aller n\u00e9gocier \u00e0 Moscou, on n\u2019est pas \u00e0 la table des n\u00e9gociations, o\u00f9 les Am\u00e9ricains, eux, vont pousser l\u2019Ukraine \u00e0 accepter un deal. Et je peux d\u00e9j\u00e0 dire que ce sera un mauvais accord pour nous&#8221;, estime le Premier ministre belge. <\/p>\n<\/div>\n<\/div>\n<div id=\"live_post_EVMMQC1ZR6X1Q3J\"><span class=\"live-post__date\">13h59.<\/span><\/p>\n<div class=\"live-post__content\">\n<h2 class=\"live-post__title\">Un p\u00e9trolier grec frapp\u00e9 en mer Noire\u00a0<\/h2>\n<p class=\"live-post__amorce\">Un p\u00e9trolier grec a \u00e9t\u00e9 vis\u00e9 samedi \u00e0 l\u2019approche du port russe de Novorossi\u00efsk, en mer Noire, selon son propri\u00e9taire. Les autorit\u00e9s grecques assurent que l\u2019attaque n\u2019a fait aucune victime.<\/p>\n<\/div>\n<\/div>\n<div id=\"live_post_EVMMQBXAVAB1JB3\"><span class=\"live-post__date\">13h56.<\/span><\/p>\n<div class=\"live-post__content\">\n<h2 class=\"live-post__title\">Quelles relations entretiennent Donald Trump et Volodymyr Zelensky ?<\/h2>\n<p class=\"live-post__amorce\">Invit\u00e9 vendredi 13 mars sur France Inter, le pr\u00e9sident ukrainien a assur\u00e9 que Donald Trump n\u2019\u00e9tait pas un &#8220;ami&#8221;, contrairement \u00e0 Emmanuel Macron.<\/p>\n<p class=\"std-elt__inline\">\n        <strong>\u00c0 lire aussi :<\/strong><br \/>\n        <a href=\"\/2026\/03\/14\/guerre-en-ukraine-je-ne-suis-pas-son-fils-prefere-volodymyr-zelensky-plaisante-sur-sa-relation-avec-donald-trump-13272014.php\">Guerre en Ukraine\u00a0: &#8220;Je ne suis pas son fils pr\u00e9f\u00e9r\u00e9&#8221;\u2026 Volodymyr Zelensky plaisante sur sa relation avec Donald Trump<\/a>\n    <\/p>\n<\/div>\n<\/div>\n<div id=\"live_post_EVMMQ5B6HCXDPGX\"><span class=\"live-post__date\">10h51.<\/span><\/p>\n<div class=\"live-post__content\">\n<h2 class=\"live-post__title\">Volodymyr Zelensky affirme que la Russie voulait frapper &#8220;ses infrastructures \u00e9nerg\u00e9tiques&#8221;<\/h2>\n<p class=\"live-post__amorce\">&#8220;La cible principale des Russes \u00e9tait les infrastructures \u00e9nerg\u00e9tiques de la r\u00e9gion de Kiev, mais malheureusement, des immeubles d\u2019habitation, des \u00e9coles et des commerces civils ont \u00e9galement \u00e9t\u00e9 touch\u00e9s de plein fouet et endommag\u00e9s&#8221;, a-t-il affirm\u00e9 sur Telegram.<\/p>\n<\/div>\n<\/div>\n<div id=\"live_post_EVMMQ582HEPE7LY\"><span class=\"live-post__date\">10h48.<\/span><\/p>\n<div class=\"live-post__content\">\n<h2 class=\"live-post__title\">La Russie a lanc\u00e9 498 drones sur l&#8217;Ukraine dans la nuit de vendredi \u00e0 samedi\u00a0<\/h2>\n<p class=\"live-post__amorce\">Dans la nuit de vendredi \u00e0 samedi, la Russie a lanc\u00e9 une attaque de drone contre l&#8217;Ukraine, a rapport\u00e9 l&#8217;arm\u00e9e de l&#8217;air ukrainienne. Une &#8220;attaque massive&#8221; bien plus \u00e9lev\u00e9 que d\u2019habitude . La veille, on d\u00e9nombrait 127 attaques de drones russes. &#8220;L\u2019ennemi a lanc\u00e9 une attaque combin\u00e9e contre des infrastructures critiques ukrainiennes, utilisant des drones de combat, des missiles terrestres et navals&#8221;, r\u00e9sume l\u2019arm\u00e9e de l\u2019air.<\/p>\n<p class=\"live-post__amorce\">Les forces russes ont attaqu\u00e9 l\u2019Ukraine principalement \u00e0 l\u2019aide de 430 drones de type Shahed, Gerbera, Italmas et autres. L\u2019arm\u00e9e de l\u2019air a \u00e9galement fait \u00e9tat de 13 missiles balistiques Iskander-M, deux missiles Zircon, 24 missiles de croisi\u00e8re Kh-101, 25 missiles de croisi\u00e8re Kalibr et quatre missiles a\u00e9riens guid\u00e9s Kh-59\/69.<\/p>\n<\/div>\n<\/div>\n<div id=\"live_post_EVMMPYTDE37420R\"><span class=\"live-post__date\">07h49.<\/span><\/p>\n<div class=\"live-post__content\">\n<h2 class=\"live-post__title\">Quatre morts dans une attaque russe &#8220;massive&#8221; dans la r\u00e9gion de Kiev\u00a0<\/h2>\n<p class=\"live-post__amorce\">Au moins quatre personnes ont \u00e9t\u00e9 tu\u00e9es et dix ont \u00e9t\u00e9 bless\u00e9es dans une attaque russe contre la r\u00e9gion de Kiev, a annonc\u00e9, samedi, la police ukrainienne. &#8220;Les forces russes continuent de mener des frappes dans la r\u00e9gion de Kiev. Jusqu\u2019\u00e0 pr\u00e9sent, on d\u00e9nombre quatre morts et dix bless\u00e9s. Des immeubles d\u2019habitation, des entrep\u00f4ts et des v\u00e9hicules ont \u00e9galement \u00e9t\u00e9 endommag\u00e9s&#8221;, a \u00e9crit la police sur Telegram.<\/p>\n<p class=\"live-post__amorce\">Le chef de l\u2019administration militaire de la r\u00e9gion de Kiev, Mykola Kalachnyk, a, lui, fait part d\u2019une &#8220;attaque massive&#8221; contre la capitale visant notamment une r\u00e9sidence \u00e9tudiante, des sites industriels, des entrep\u00f4ts et des immeubles d\u2019habitation.<\/p>\n<\/div>\n<\/div>\n<div id=\"live_post_EVMMPYQU8LPA3IL\"><span class=\"live-post__date\">07h47.<\/span><\/p>\n<p><h2 class=\"live-post__title\">Bonjour et bienvenue dans ce live\u00a0<\/h2>\n<\/p>\n<\/div>\n<p><a href=\"https:\/\/www.ladepeche.fr\/2026\/03\/14\/direct-guerre-en-ukraine-quatre-morts-et-plusieurs-blesses-dans-une-attaque-russe-massive-sur-la-region-de-kiev-13271910.php\">source<\/a><\/p>\n","protected":false},"excerpt":{"rendered":"<p>15h57. Le Premier ministre belge souhaite &#8220;faire un deal&#8221; avec la Russie &#8220;Comme on n\u2019est pas capable de menacer [Vladimir] Poutine en envoyant des armes \u00e0 l\u2019Ukraine et qu\u2019on ne peut pas l\u2019\u00e9touffer \u00e9conomiquement sans l\u2019appui des Etats-Unis, il ne reste qu\u2019une m\u00e9thode : faire un deal&#8221;, a affirm\u00e9 le Premier ministre belge, BArt De [&hellip;]<\/p>\n","protected":false},"author":1,"featured_media":124648,"comment_status":"open","ping_status":"open","sticky":false,"template":"","format":"standard","meta":{"_monsterinsights_skip_tracking":false,"_monsterinsights_sitenote_active":false,"_monsterinsights_sitenote_note":"","_monsterinsights_sitenote_category":0,"footnotes":""},"categories":[1],"tags":[],"coauthors":[77],"class_list":["post-124647","post","type-post","status-publish","format-standard","has-post-thumbnail","hentry","category-a-la-une"],"aioseo_notices":[],"_links":{"self":[{"href":"https:\/\/pressactu.com\/index.php?rest_route=\/wp\/v2\/posts\/124647","targetHints":{"allow":["GET"]}}],"collection":[{"href":"https:\/\/pressactu.com\/index.php?rest_route=\/wp\/v2\/posts"}],"about":[{"href":"https:\/\/pressactu.com\/index.php?rest_route=\/wp\/v2\/types\/post"}],"author":[{"embeddable":true,"href":"https:\/\/pressactu.com\/index.php?rest_route=\/wp\/v2\/users\/1"}],"replies":[{"embeddable":true,"href":"https:\/\/pressactu.com\/index.php?rest_route=%2Fwp%2Fv2%2Fcomments&post=124647"}],"version-history":[{"count":0,"href":"https:\/\/pressactu.com\/index.php?rest_route=\/wp\/v2\/posts\/124647\/revisions"}],"wp:featuredmedia":[{"embeddable":true,"href":"https:\/\/pressactu.com\/index.php?rest_route=\/wp\/v2\/media\/124648"}],"wp:attachment":[{"href":"https:\/\/pressactu.com\/index.php?rest_route=%2Fwp%2Fv2%2Fmedia&parent=124647"}],"wp:term":[{"taxonomy":"category","embeddable":true,"href":"https:\/\/pressactu.com\/index.php?rest_route=%2Fwp%2Fv2%2Fcategories&post=124647"},{"taxonomy":"post_tag","embeddable":true,"href":"https:\/\/pressactu.com\/index.php?rest_route=%2Fwp%2Fv2%2Ftags&post=124647"},{"taxonomy":"author","embeddable":true,"href":"https:\/\/pressactu.com\/index.php?rest_route=%2Fwp%2Fv2%2Fcoauthors&post=124647"}],"curies":[{"name":"wp","href":"https:\/\/api.w.org\/{rel}","templated":true}]}}