{"id":124645,"date":"2026-03-14T15:48:59","date_gmt":"2026-03-14T15:48:59","guid":{"rendered":"https:\/\/pressactu.com\/?p=124645"},"modified":"2026-03-14T15:48:59","modified_gmt":"2026-03-14T15:48:59","slug":"le-roi-de-lhumour-un-coureur-de-paris-nice-arrive-avec-un-masque-de-plongee-a-cause-de-la-pluie","status":"publish","type":"post","link":"https:\/\/pressactu.com\/?p=124645","title":{"rendered":"&quot;Le roi de l\u2019humour&quot;\u00a0: un coureur de Paris-Nice arrive avec\u2026 un masque de plong\u00e9e \u00e0 cause de la pluie"},"content":{"rendered":"<p>\n                                                                    <span class=\"article-full__chapo-label hide-on-small-only\">l&#8217;essentiel<\/span><br \/>\n                                                                Jensen Plowright s\u2019est pr\u00e9sent\u00e9 avec un masque de plong\u00e9e ce samedi matin lors du podium de pr\u00e9sentations des coureurs. Actuellement 14e au classement g\u00e9n\u00e9ral, l\u2019Australien semble \u00eatre pr\u00eat \u00e0 passer une journ\u00e9e sous la pluie.\n                            <\/p>\n<div rel=\"js-article-content\">\n                                                                                                                                                            <!-- Pub DFP Position [outstream] --><\/p>\n<p>Un humour qui a largement fait sourire. Alors que les coureurs du peloton de Paris-Nice vont affronter des conditions m\u00e9t\u00e9orologiques \u00e9pouvantables ce samedi 14\u00a0f\u00e9vrier dans le cadre de la 7e \u00e9tape, l\u2019un d\u2019eux a d\u00e9cid\u00e9 d\u2019amuser la galerie lors du podium de pr\u00e9sentation des \u00e9quipes sur la Promenade des Anglais sous des trombes d\u2019eau avant de retourner \u00e0 son bus.<\/p>\n<p><!-- Pub DFP Position [article] --><\/p>\n<p>Jensen Plowright est mont\u00e9 sur son v\u00e9lo et a enfil\u00e9\u2026 un masque de plong\u00e9e, d\u00e9laissant les traditionnelles lunettes solaires peu utiles en ce samedi. De quoi faire sourire ses co\u00e9quipiers et les suiveurs de la course alors que la pluie s\u2019abat sans cesse depuis ce matin sur la r\u00e9gion de Nice (Alpes-Maritimes). L\u2019Australien, 14e du g\u00e9n\u00e9ral, semble s\u2019accommoder de la situation avec autod\u00e9rision, ce qui lui a valu le titre de &#8220;roi de l\u2019humour&#8221; par le compte X &#8220;Chez Tonton&#8221;.<\/p>\n<h2 class=\"txt-int\">L\u2019\u00e9tape tr\u00e8s raccourcie<\/h2>\n<p>Les conditions ont contraint les organisateurs d\u2019ASO \u00e0 changer le trac\u00e9 de l\u2019\u00e9tape. Au lieu de prendre le d\u00e9part \u00e0 Nice \u00e0 v\u00e9lo, \u00e0 12h00, les coureurs vont se rendre en bus jusqu\u2019au nouveau lieu de d\u00e9part situ\u00e9 \u00e0 47\u00a0km de l\u2019arriv\u00e9e \u00e0 Isola village. Le peloton s\u2019\u00e9lancera \u00e0 13h45, avec l\u2019espoir de rallier l\u2019arriv\u00e9e malgr\u00e9 la neige tomb\u00e9e ce matin sur Isola (875\u00a0m). &#8220;On a bon espoir que \u00e7a fonde d\u2019ici l\u00e0&#8221;, a expliqu\u00e9 \u00e0 l\u2019AFP Thierry Gouvenou, directeur technique de l\u2019\u00e9preuve, qui voulait surtout \u00e9viter que les coureurs n\u2019empruntent les descentes des c\u00f4tes pr\u00e9vues en d\u00e9but de parcours.<\/p>\n<p>L\u2019arriv\u00e9e samedi de la 7e et avant-derni\u00e8re \u00e9tape de Paris-Nice avait d\u00e9j\u00e0 \u00e9t\u00e9 d\u00e9plac\u00e9e, d\u00e8s vendredi soir, \u00e0 Isola au lieu de la station de ski d\u2019Auron (1\u00a0600\u00a0m) \u00e0 cause des chutes de neige pr\u00e9vues en altitude. <a href=\"https:\/\/www.ladepeche.fr\/2026\/03\/09\/pas-digne-dune-course-world-tour-jonas-vingegaard-critique-avec-virulence-le-parcours-de-paris-nice-13262131.php\" target=\"_blank\">Jonas Vingegaard<\/a> domine outrageusement le classement g\u00e9n\u00e9ral avec une avance confortable de 3min22\u00a0sur son dauphin, Dani Mart\u00ednez.<\/p>\n<\/p><\/div>\n<p><a href=\"https:\/\/www.ladepeche.fr\/2026\/03\/14\/le-roi-de-lhumour-un-coureur-de-paris-nice-arrive-avec-un-masque-de-plongee-a-cause-de-la-pluie-13272072.php\">source<\/a><\/p>\n","protected":false},"excerpt":{"rendered":"<p>l&#8217;essentiel Jensen Plowright s\u2019est pr\u00e9sent\u00e9 avec un masque de plong\u00e9e ce samedi matin lors du podium de pr\u00e9sentations des coureurs. Actuellement 14e au classement g\u00e9n\u00e9ral, l\u2019Australien semble \u00eatre pr\u00eat \u00e0 passer une journ\u00e9e sous la pluie. Un humour qui a largement fait sourire. Alors que les coureurs du peloton de Paris-Nice vont affronter des conditions [&hellip;]<\/p>\n","protected":false},"author":1,"featured_media":124646,"comment_status":"open","ping_status":"open","sticky":false,"template":"","format":"standard","meta":{"_monsterinsights_skip_tracking":false,"_monsterinsights_sitenote_active":false,"_monsterinsights_sitenote_note":"","_monsterinsights_sitenote_category":0,"footnotes":""},"categories":[71],"tags":[],"coauthors":[77],"class_list":["post-124645","post","type-post","status-publish","format-standard","has-post-thumbnail","hentry","category-sport"],"aioseo_notices":[],"_links":{"self":[{"href":"https:\/\/pressactu.com\/index.php?rest_route=\/wp\/v2\/posts\/124645","targetHints":{"allow":["GET"]}}],"collection":[{"href":"https:\/\/pressactu.com\/index.php?rest_route=\/wp\/v2\/posts"}],"about":[{"href":"https:\/\/pressactu.com\/index.php?rest_route=\/wp\/v2\/types\/post"}],"author":[{"embeddable":true,"href":"https:\/\/pressactu.com\/index.php?rest_route=\/wp\/v2\/users\/1"}],"replies":[{"embeddable":true,"href":"https:\/\/pressactu.com\/index.php?rest_route=%2Fwp%2Fv2%2Fcomments&post=124645"}],"version-history":[{"count":0,"href":"https:\/\/pressactu.com\/index.php?rest_route=\/wp\/v2\/posts\/124645\/revisions"}],"wp:featuredmedia":[{"embeddable":true,"href":"https:\/\/pressactu.com\/index.php?rest_route=\/wp\/v2\/media\/124646"}],"wp:attachment":[{"href":"https:\/\/pressactu.com\/index.php?rest_route=%2Fwp%2Fv2%2Fmedia&parent=124645"}],"wp:term":[{"taxonomy":"category","embeddable":true,"href":"https:\/\/pressactu.com\/index.php?rest_route=%2Fwp%2Fv2%2Fcategories&post=124645"},{"taxonomy":"post_tag","embeddable":true,"href":"https:\/\/pressactu.com\/index.php?rest_route=%2Fwp%2Fv2%2Ftags&post=124645"},{"taxonomy":"author","embeddable":true,"href":"https:\/\/pressactu.com\/index.php?rest_route=%2Fwp%2Fv2%2Fcoauthors&post=124645"}],"curies":[{"name":"wp","href":"https:\/\/api.w.org\/{rel}","templated":true}]}}