{"id":124643,"date":"2026-03-14T15:34:30","date_gmt":"2026-03-14T15:34:30","guid":{"rendered":"https:\/\/pressactu.com\/?p=124643"},"modified":"2026-03-14T15:34:30","modified_gmt":"2026-03-14T15:34:30","slug":"sport-et-entreprise-une-conference-sur-le-leadership-inspire-du-handball-a-lisle-jourdain-avec-parera","status":"publish","type":"post","link":"https:\/\/pressactu.com\/?p=124643","title":{"rendered":"Sport et entreprise\u00a0: une conf\u00e9rence sur le leadership inspir\u00e9 du handball \u00e0 L\u2019Isle-Jourdain avec Parera"},"content":{"rendered":"<p>\n                                                                    <span class=\"article-full__chapo-label hide-on-small-only\">l&#8217;essentiel<\/span><br \/>\n                                                                Le mercredi 18\u00a0mars, \u00e0 L\u2019Isle-Jourdain, le groupe Parera organise une conf\u00e9rence ouverte au public autour du th\u00e8me &#8220;Sport\u00a0&amp; entreprise&#8221;. Dirigeants et acteurs du Fenix Handball partageront leur vision du leadership et de la performance collective.\n                            <\/p>\n<div rel=\"js-article-content\">\n                                                                                                                                                            <!-- Pub DFP Position [outstream] --><\/p>\n<p>Le mercredi 18\u00a0mars, de 14\u00a0h\u00a030 \u00e0 15\u00a0h\u00a030, la halle des sports de L\u2019Isle-Jourdain accueillera une conf\u00e9rence intitul\u00e9e &#8220;Sport\u00a0&amp; entreprise\u00a0: quand la performance inspire le leadership&#8221;. Organis\u00e9e par le groupe Parera et son pr\u00e9sident Jacques Cettolo, partenaire du Fenix Handball, la rencontre sera anim\u00e9e par Jacques Breda et ouverte au grand public.<\/p>\n<p><!-- Pub DFP Position [article] --><\/p>\n<p class=\"std-elt__inline\">\n        <strong>\u00c0 lire aussi :<\/strong><br \/>\n        <a href=\"\/2023\/02\/20\/parera-pepite-gersoise-recoit-les-honneurs-du-ministre-gabriel-attal-11012644.php\">Parera, &#8220;p\u00e9pite gersoise&#8221;, re\u00e7oit les honneurs du ministre Gabriel Attal<\/a>\n    <\/p>\n<p>Durant cette conf\u00e9rence, plusieurs dirigeants et acteurs du sport de haut niveau \u00e9changeront sur les parall\u00e8les entre le management d\u2019entreprise et la performance sportive.<\/p>\n<p>Jacques Cettolo, pr\u00e9sident du groupe Parera, Denis Briscadieu, pr\u00e9sident du groupe voisin Cyclelab, et Philippe Dallard, pr\u00e9sident du Fenix Handball et chef d\u2019entreprise, interviendront notamment sur les similitudes entre le sport de haut niveau et le monde de l\u2019entreprise.<\/p>\n<h2 class=\"txt-int\">Les m\u00e9thodes du coach<\/h2>\n<p>La question de la gestion d\u2019\u00e9quipes aux profils vari\u00e9s sera \u00e9galement abord\u00e9e. Danijel Andjelkovic, entra\u00eeneur du Fenix Handball, partagera son exp\u00e9rience du management de joueurs aux parcours diff\u00e9rents, entre jeunes talents, cadres confirm\u00e9s et athl\u00e8tes \u00e9trangers.<\/p>\n<p>Enfin, plusieurs joueurs professionnels du club toulousain livreront leur t\u00e9moignage sur la gestion de l\u2019\u00e9chec et la pression li\u00e9e aux objectifs, deux enjeux communs au sport de haut niveau et \u00e0 l\u2019univers entrepreneurial.<\/p>\n<p>La rencontre se prolongera par un moment plus sportif avec un entra\u00eenement r\u00e9unissant les joueurs de l\u2019\u00e9quipe professionnelle du Fenix Handball et les jeunes du club de handball de L\u2019Isle-Jourdain.<\/p>\n<p>\u00c0 travers cet \u00e9v\u00e9nement, le groupe Parera souhaite proposer un regard crois\u00e9 sur les strat\u00e9gies de performance et de leadership, tout en mettant en lumi\u00e8re son partenariat avec le Fenix Handball, l\u2019un des clubs fran\u00e7ais les plus visibles sur la sc\u00e8ne nationale et europ\u00e9enne.<\/p>\n<footer class=\"txt-note\"><span>Pour s\u2019inscrire\u00a0: https:\/\/agenda.parera.fr<\/span><\/footer>\n<\/p><\/div>\n<p><a href=\"https:\/\/www.ladepeche.fr\/2026\/03\/14\/sport-et-entreprise-une-conference-sur-le-leadership-inspire-du-handball-a-lisle-jourdain-avec-parera-13271144.php\">source<\/a><\/p>\n","protected":false},"excerpt":{"rendered":"<p>l&#8217;essentiel Le mercredi 18\u00a0mars, \u00e0 L\u2019Isle-Jourdain, le groupe Parera organise une conf\u00e9rence ouverte au public autour du th\u00e8me &#8220;Sport\u00a0&amp; entreprise&#8221;. Dirigeants et acteurs du Fenix Handball partageront leur vision du leadership et de la performance collective. Le mercredi 18\u00a0mars, de 14\u00a0h\u00a030 \u00e0 15\u00a0h\u00a030, la halle des sports de L\u2019Isle-Jourdain accueillera une conf\u00e9rence intitul\u00e9e &#8220;Sport\u00a0&amp; entreprise\u00a0: [&hellip;]<\/p>\n","protected":false},"author":1,"featured_media":124644,"comment_status":"open","ping_status":"open","sticky":false,"template":"","format":"standard","meta":{"_monsterinsights_skip_tracking":false,"_monsterinsights_sitenote_active":false,"_monsterinsights_sitenote_note":"","_monsterinsights_sitenote_category":0,"footnotes":""},"categories":[74],"tags":[],"coauthors":[77],"class_list":["post-124643","post","type-post","status-publish","format-standard","has-post-thumbnail","hentry","category-economie"],"aioseo_notices":[],"_links":{"self":[{"href":"https:\/\/pressactu.com\/index.php?rest_route=\/wp\/v2\/posts\/124643","targetHints":{"allow":["GET"]}}],"collection":[{"href":"https:\/\/pressactu.com\/index.php?rest_route=\/wp\/v2\/posts"}],"about":[{"href":"https:\/\/pressactu.com\/index.php?rest_route=\/wp\/v2\/types\/post"}],"author":[{"embeddable":true,"href":"https:\/\/pressactu.com\/index.php?rest_route=\/wp\/v2\/users\/1"}],"replies":[{"embeddable":true,"href":"https:\/\/pressactu.com\/index.php?rest_route=%2Fwp%2Fv2%2Fcomments&post=124643"}],"version-history":[{"count":0,"href":"https:\/\/pressactu.com\/index.php?rest_route=\/wp\/v2\/posts\/124643\/revisions"}],"wp:featuredmedia":[{"embeddable":true,"href":"https:\/\/pressactu.com\/index.php?rest_route=\/wp\/v2\/media\/124644"}],"wp:attachment":[{"href":"https:\/\/pressactu.com\/index.php?rest_route=%2Fwp%2Fv2%2Fmedia&parent=124643"}],"wp:term":[{"taxonomy":"category","embeddable":true,"href":"https:\/\/pressactu.com\/index.php?rest_route=%2Fwp%2Fv2%2Fcategories&post=124643"},{"taxonomy":"post_tag","embeddable":true,"href":"https:\/\/pressactu.com\/index.php?rest_route=%2Fwp%2Fv2%2Ftags&post=124643"},{"taxonomy":"author","embeddable":true,"href":"https:\/\/pressactu.com\/index.php?rest_route=%2Fwp%2Fv2%2Fcoauthors&post=124643"}],"curies":[{"name":"wp","href":"https:\/\/api.w.org\/{rel}","templated":true}]}}