{"id":124639,"date":"2026-03-14T14:03:28","date_gmt":"2026-03-14T14:03:28","guid":{"rendered":"https:\/\/pressactu.com\/?p=124639"},"modified":"2026-03-14T14:03:28","modified_gmt":"2026-03-14T14:03:28","slug":"video-paris-nice-un-coureur-francais-ramasse-un-bidon-pour-le-donner-a-une-enfant-il-est-sanctionne-par-luci","status":"publish","type":"post","link":"https:\/\/pressactu.com\/?p=124639","title":{"rendered":"VIDEO. Paris-Nice\u00a0: un coureur Fran\u00e7ais ramasse un bidon pour le donner \u00e0 une enfant, il est sanctionn\u00e9 par l\u2019UCI"},"content":{"rendered":"<p>\n                                                                    <span class=\"article-full__chapo-label hide-on-small-only\">l&#8217;essentiel<\/span><br \/>\n                                                                Les commissaires de course de Paris-Nice ont d\u00e9cid\u00e9 d\u2019avertir le Tarnais Benjamin Thomas pour une position inadapt\u00e9e sur son v\u00e9lo. Le coureur de Cofidis s\u2019\u00e9tait abaiss\u00e9 sur son v\u00e9lo pour offrir un bidon \u00e0 une tr\u00e8s jeune supportrice.\n                            <\/p>\n<div rel=\"js-article-content\">\n                                                                                                                                                            <!-- Pub DFP Position [outstream] --><\/p>\n<p>Un geste magnifique, salu\u00e9 par le compte officiel de l\u2019organisation et pourtant r\u00e9primand\u00e9\u2026 \u00c0 l\u2019issue de la 6e \u00e9tape de<a href=\"https:\/\/www.ladepeche.fr\/2026\/03\/14\/le-roi-de-lhumour-un-coureur-de-paris-nice-arrive-avec-un-masque-de-plongee-a-cause-de-la-pluie-13272072.php\" target=\"_blank\"> Paris-Nice<\/a>, vendredi 13\u00a0mars, Benjamin Thomas a franchi la ligne accusant un d\u00e9bours de pr\u00e8s de 15 minutes sur les leaders. Pour le Tarnais, l\u2019essentiel \u00e9tait ailleurs et il a termin\u00e9 la course plut\u00f4t tranquillement, se classant 120e sur 122.<\/p>\n<p><!-- Pub DFP Position [article] --><\/p>\n<p class=\"std-elt__inline\">\n        <strong>\u00c0 lire aussi :<\/strong><br \/>\n        <a href=\"\/2026\/03\/14\/le-roi-de-lhumour-un-coureur-de-paris-nice-arrive-avec-un-masque-de-plongee-a-cause-de-la-pluie-13272072.php\">&#8220;Le roi de l\u2019humour&#8221;\u00a0: un coureur de Paris-Nice arrive avec\u2026 un masque de plong\u00e9e \u00e0 cause de la pluie<\/a>\n    <\/p>\n<p>Il a m\u00eame pris le temps de ramasser une gourde \u00e9gar\u00e9e dans la derni\u00e8re ligne droite de l\u2019arriv\u00e9e\u00a0pour l\u2019offrir \u00e0 une petite fille situ\u00e9e sur le bord de la route, sous les applaudissements des spectateurs. &#8220;Merci pour ce geste&#8221;, a m\u00eame \u00e9crit le compte de la Course au soleil, <a href=\"https:\/\/x.com\/ParisNice\/status\/2032505971294011658?s=20\" target=\"_blank\">sur X<\/a>. Cette initiative n\u2019a toutefois pas \u00e9t\u00e9 du go\u00fbt de tout le monde.<\/p>\n<p>En effet, le compte sp\u00e9cialis\u00e9 cyclisme &#8220;La Flamme rouge&#8221; indiquait quelques minutes apr\u00e8s l\u2019\u00e9tape que <a href=\"https:\/\/www.ladepeche.fr\/2025\/07\/05\/tour-de-france-2025-maintenant-benjamin-thomas-se-promene-a-pois-apres-un-sprint-fou-et-une-chute-le-gros-coup-du-vaureen-sur-la-premiere-etape-12808652.php\" target=\"_blank\">Benjamin Thomas<\/a> avait \u00e9t\u00e9 sanctionn\u00e9. Le soci\u00e9taire de la Cofidis a \u00e9cop\u00e9 d\u2019un avertissement, les commissaires de course jugeant sa posture sur la machine non r\u00e9glementaire. D\u2019apr\u00e8s certains observateurs, le Fran\u00e7ais aurait m\u00eame \u00e9cop\u00e9 d\u2019une amende de la valeur de 500 CHF (franc suisse) de la part de l\u2019UCI.<\/p>\n<div class=\"extemb-container\">\n<blockquote data-class=\"twitter-tweet\">\n<p lang=\"en\" dir=\"ltr\"><a href=\"https:\/\/twitter.com\/hashtag\/ParisNice?src=hash&amp;ref_src=twsrc%5Etfw\">#ParisNice<\/a> \u2013 Stage 6 jury report<\/p>\n<p>&#8211; Benjamin Thomas (COF) receives a warning for using a non-compliant position on the bike<\/p>\n<p>Feeding tomorrow will be according to UCI rules.<\/p>\n<p>\u2014 La Flamme Rouge (@laflammerouge16) <a href=\"https:\/\/twitter.com\/laflammerouge16\/status\/2032553087873745035?ref_src=twsrc%5Etfw\">March 13, 2026<\/a><\/p><\/blockquote><\/div>\n<h2 class=\"txt-int\">Un r\u00e8glement qui se durcit<\/h2>\n<p>Dans le cyclisme professionnel, la position du coureur sur son v\u00e9lo est strictement encadr\u00e9e par le r\u00e8glement de l\u2019Union Cycliste Internationale (UCI). L\u2019objectif principal est la s\u00e9curit\u00e9. Les coureurs doivent garder les mains sur le guidon, les pieds sur les p\u00e9dales et le bassin sur la selle. Certaines positions spectaculaires, comme s\u2019asseoir sur le tube sup\u00e9rieur dans une descente ou poser les avant-bras sur le guidon, sont interdites car elles r\u00e9duisent la capacit\u00e9 de freiner ou de contr\u00f4ler le v\u00e9lo.<\/p>\n<p class=\"std-elt__inline\">\n        <strong>\u00c0 lire aussi :<\/strong><br \/>\n        <a href=\"\/2026\/03\/09\/il-a-un-peu-perdu-la-memoire-marc-madiot-se-paye-un-ancien-consultant-au-depart-de-paris-nice-13263162.php\">&#8220;Il a un peu perdu la m\u00e9moire\u2026&#8221; Marc Madiot se paye un ancien consultant au d\u00e9part de Paris-Nice<\/a>\n    <\/p>\n<p>Ces r\u00e8gles visent aussi \u00e0 garantir l\u2019\u00e9quit\u00e9 sportive et se durcissent au fil des saisons. Certaines positions permettent en effet de r\u00e9duire fortement la r\u00e9sistance de l\u2019air et d\u2019obtenir un avantage a\u00e9rodynamique important. En cas d\u2019infraction, les commissaires peuvent infliger des amendes, retirer des points au classement ou, dans les cas les plus graves, disqualifier le coureur. Fort heureusement, la sanction n\u2019est pas all\u00e9e plus loin, laissant place au souvenir de cette belle image partag\u00e9e avec la jeune spectatrice.<\/p>\n<\/p><\/div>\n<p><script async src=\"\/\/platform.twitter.com\/widgets.js\" charset=\"utf-8\"><\/script><br \/><a href=\"https:\/\/www.ladepeche.fr\/2026\/03\/14\/video-paris-nice-un-coureur-francais-ramasse-un-bidon-pour-le-donner-a-une-enfant-il-est-sanctionne-par-luci-13272094.php\">source<\/a><\/p>\n","protected":false},"excerpt":{"rendered":"<p>l&#8217;essentiel Les commissaires de course de Paris-Nice ont d\u00e9cid\u00e9 d\u2019avertir le Tarnais Benjamin Thomas pour une position inadapt\u00e9e sur son v\u00e9lo. Le coureur de Cofidis s\u2019\u00e9tait abaiss\u00e9 sur son v\u00e9lo pour offrir un bidon \u00e0 une tr\u00e8s jeune supportrice. Un geste magnifique, salu\u00e9 par le compte officiel de l\u2019organisation et pourtant r\u00e9primand\u00e9\u2026 \u00c0 l\u2019issue de [&hellip;]<\/p>\n","protected":false},"author":1,"featured_media":124640,"comment_status":"open","ping_status":"open","sticky":false,"template":"","format":"standard","meta":{"_monsterinsights_skip_tracking":false,"_monsterinsights_sitenote_active":false,"_monsterinsights_sitenote_note":"","_monsterinsights_sitenote_category":0,"footnotes":""},"categories":[71],"tags":[],"coauthors":[77],"class_list":["post-124639","post","type-post","status-publish","format-standard","has-post-thumbnail","hentry","category-sport"],"aioseo_notices":[],"_links":{"self":[{"href":"https:\/\/pressactu.com\/index.php?rest_route=\/wp\/v2\/posts\/124639","targetHints":{"allow":["GET"]}}],"collection":[{"href":"https:\/\/pressactu.com\/index.php?rest_route=\/wp\/v2\/posts"}],"about":[{"href":"https:\/\/pressactu.com\/index.php?rest_route=\/wp\/v2\/types\/post"}],"author":[{"embeddable":true,"href":"https:\/\/pressactu.com\/index.php?rest_route=\/wp\/v2\/users\/1"}],"replies":[{"embeddable":true,"href":"https:\/\/pressactu.com\/index.php?rest_route=%2Fwp%2Fv2%2Fcomments&post=124639"}],"version-history":[{"count":0,"href":"https:\/\/pressactu.com\/index.php?rest_route=\/wp\/v2\/posts\/124639\/revisions"}],"wp:featuredmedia":[{"embeddable":true,"href":"https:\/\/pressactu.com\/index.php?rest_route=\/wp\/v2\/media\/124640"}],"wp:attachment":[{"href":"https:\/\/pressactu.com\/index.php?rest_route=%2Fwp%2Fv2%2Fmedia&parent=124639"}],"wp:term":[{"taxonomy":"category","embeddable":true,"href":"https:\/\/pressactu.com\/index.php?rest_route=%2Fwp%2Fv2%2Fcategories&post=124639"},{"taxonomy":"post_tag","embeddable":true,"href":"https:\/\/pressactu.com\/index.php?rest_route=%2Fwp%2Fv2%2Ftags&post=124639"},{"taxonomy":"author","embeddable":true,"href":"https:\/\/pressactu.com\/index.php?rest_route=%2Fwp%2Fv2%2Fcoauthors&post=124639"}],"curies":[{"name":"wp","href":"https:\/\/api.w.org\/{rel}","templated":true}]}}