{"id":124637,"date":"2026-03-14T13:53:56","date_gmt":"2026-03-14T13:53:56","guid":{"rendered":"https:\/\/pressactu.com\/?p=124637"},"modified":"2026-03-14T13:53:56","modified_gmt":"2026-03-14T13:53:56","slug":"terre-de-vignerons-nouveau-cap-pour-le-brulhois","status":"publish","type":"post","link":"https:\/\/pressactu.com\/?p=124637","title":{"rendered":"Terre de Vignerons, nouveau cap pour le Brulhois"},"content":{"rendered":"<p>\n                                                                    <span class=\"article-full__chapo-label hide-on-small-only\">l&#8217;essentiel<\/span><br \/>\n                                                                Les Vignerons du Brulhois rejoignent le groupe coop\u00e9ratif Terre de Vignerons pour s\u00e9curiser l\u2019avenir de la cave et de ses adh\u00e9rents, dans un contexte viticole tendu, au moment o\u00f9 le vignoble est distingu\u00e9 par un Prix d\u2019Excellence.\n                            <\/p>\n<div rel=\"js-article-content\" data-state=\"fixed-height\" data-selection=\"disabled\">\n                                                                                                                                                            <!-- Pub DFP Position [outstream] --><\/p>\n<p>\u00c0 cheval entre Lot-et-Garonne, Gers et Tarn-et-Garonne, les vignes ne changent pas forc\u00e9ment de coteaux. Mais parfois, c\u2019est toute une strat\u00e9gie qui bascule. Les Vignerons du Brulhois viennent d\u2019ouvrir un nouveau chapitre de leur histoire en rejoignant Terre de Vignerons, deuxi\u00e8me groupe coop\u00e9ratif fran\u00e7ais de vins tranquilles. Une d\u00e9cision strat\u00e9gique, mais aussi un pari collectif pour une appellation discr\u00e8te qui refuse de dispara\u00eetre dans le bruit de fond de la crise viticole.<\/p>\n<p><!-- Pub DFP Position [article] --><\/p>\n<p>\u00c0 Donzac, l\u00e0 o\u00f9 les vendanges continuent d\u2019arriver comme chaque automne, l\u2019annonce a \u00e9t\u00e9 valid\u00e9e \u00e0 l\u2019unanimit\u00e9 par les coop\u00e9rateurs. Derri\u00e8re ce vote, une \u00e9vidence\u00a0: face \u00e0 la contraction des march\u00e9s, aux stocks qui gonflent et \u00e0 la concurrence mondiale, l\u2019isolement n\u2019est plus une option. En int\u00e9grant Terre de Vignerons, la cave du Brulhois s\u2019offre un r\u00e9seau logistique, des outils de conditionnement et une force commerciale capables d\u2019ouvrir de nouveaux d\u00e9bouch\u00e9s en France comme \u00e0 l\u2019export.<\/p>\n<p>Mais l\u2019op\u00e9ration ne ressemble pas \u00e0 une absorption. Ici, on insiste sur un mot\u00a0: identit\u00e9. Les apports de vendanges et la vinification resteront assur\u00e9s sur le site de Donzac. Autrement dit, les raisins continueront d\u2019\u00eatre travaill\u00e9s l\u00e0 o\u00f9 ils poussent, sur ces coteaux \u00e0 la fronti\u00e8re sur les trois d\u00e9partements. Le collectif change d\u2019\u00e9chelle, mais le vin garde son accent.<\/p>\n<h2 class=\"txt-int\">Faire face \u00e0 la baisse de la consommation de vin<\/h2>\n<p>Pour la direction de la coop\u00e9rative, ce rapprochement doit permettre de pr\u00e9server l\u2019ancrage territorial tout en renfor\u00e7ant la valorisation des vins du Brulhois. &#8220;Rejoindre Terre de Vignerons est un choix strat\u00e9gique et responsable. Nous pr\u00e9servons notre identit\u00e9, notre savoir-faire et notre ancrage territorial, tout en int\u00e9grant une structure capable d\u2019amplifier la valorisation de nos vins et de s\u00e9curiser l\u2019avenir de nos adh\u00e9rents&#8221;, r\u00e9sume Delphine Leuillet, directrice des Vignerons du Brulhois.<\/p>\n<p>Car la d\u00e9cision intervient \u00e0 un moment charni\u00e8re pour la fili\u00e8re viticole fran\u00e7aise. Baisse de la consommation, pression r\u00e9glementaire, concurrence des autres boissons, inflation\u00a0: le mod\u00e8le \u00e9conomique des caves coop\u00e9ratives est mis \u00e0 l\u2019\u00e9preuve. Dans ce contexte, beaucoup cherchent \u00e0 se regrouper pour gagner en solidit\u00e9.<\/p>\n<h2 class=\"txt-int\">Un prix d\u2019excellence au Concours G\u00e9n\u00e9ral Agricole<\/h2>\n<p>Et pourtant, au m\u00eame moment, le Brulhois vient de d\u00e9crocher l\u2019une des distinctions les plus rares du monde viticole\u00a0: le Prix d\u2019Excellence du Concours G\u00e9n\u00e9ral Agricole. Une r\u00e9compense qui ne salue pas une cuv\u00e9e particuli\u00e8re mais la r\u00e9gularit\u00e9 et la constance d\u2019un producteur sur plusieurs ann\u00e9es. Autrement dit, un prix pour la trajectoire.<\/p>\n<p>La distinction, attribu\u00e9e dans le cadre du dernier Salon international de l\u2019agriculture \u00e0 Paris, consacre notamment deux ros\u00e9s AOP Brulhois (&#8220;Itin\u00e9raire B&#8221; et &#8220;Carrelot des amants&#8221;). Mais au-del\u00e0 des bouteilles, c\u2019est tout un savoir-faire collectif qui est reconnu.<\/p>\n<p>Dans les lin\u00e9aires interminables des supermarch\u00e9s (parfois plus de quarante m\u00e8tres de rayons consacr\u00e9s au vin) une m\u00e9daille peut faire la diff\u00e9rence. Elle rassure le consommateur, attire l\u2019\u0153il et offre un rep\u00e8re dans une offre devenue vertigineuse.<\/p>\n<p class=\"std-elt__inline\">\n        <strong>\u00c0 lire aussi :<\/strong><br \/>\n        <a href=\"\/2026\/01\/18\/cave-du-brulhois-un-prix-dexcellence-decroche-a-paris-13165731.php\">Cave du Brulhois\u00a0: un prix d\u2019excellence d\u00e9croch\u00e9 \u00e0 Paris<\/a>\n    <\/p>\n<p>Pour les Vignerons du Brulhois, l\u2019enjeu est d\u00e9sormais clair\u00a0: transformer cette reconnaissance en dynamique. Terre de Vignerons apporte la puissance collective. Le Brulhois, lui, am\u00e8ne son terroir et sa singularit\u00e9.<\/p>\n<p>Dans le vignoble, on conna\u00eet la r\u00e8gle\u00a0: une bonne vendange se pr\u00e9pare longtemps \u00e0 l\u2019avance. Cette alliance coop\u00e9rative pourrait bien \u00eatre l\u2019une de ces d\u00e9cisions prises aujourd\u2019hui pour r\u00e9colter demain. Et dans le Brulhois, personne n\u2019a l\u2019intention de laisser ses vignes entrer en jach\u00e8re.<\/p>\n<\/p><\/div>\n<p><a href=\"https:\/\/www.ladepeche.fr\/2026\/03\/14\/terre-de-vignerons-nouveau-cap-pour-le-brulhois-13271095.php\">source<\/a><\/p>\n","protected":false},"excerpt":{"rendered":"<p>l&#8217;essentiel Les Vignerons du Brulhois rejoignent le groupe coop\u00e9ratif Terre de Vignerons pour s\u00e9curiser l\u2019avenir de la cave et de ses adh\u00e9rents, dans un contexte viticole tendu, au moment o\u00f9 le vignoble est distingu\u00e9 par un Prix d\u2019Excellence. \u00c0 cheval entre Lot-et-Garonne, Gers et Tarn-et-Garonne, les vignes ne changent pas forc\u00e9ment de coteaux. Mais parfois, [&hellip;]<\/p>\n","protected":false},"author":1,"featured_media":124638,"comment_status":"open","ping_status":"open","sticky":false,"template":"","format":"standard","meta":{"_monsterinsights_skip_tracking":false,"_monsterinsights_sitenote_active":false,"_monsterinsights_sitenote_note":"","_monsterinsights_sitenote_category":0,"footnotes":""},"categories":[74],"tags":[],"coauthors":[77],"class_list":["post-124637","post","type-post","status-publish","format-standard","has-post-thumbnail","hentry","category-economie"],"aioseo_notices":[],"_links":{"self":[{"href":"https:\/\/pressactu.com\/index.php?rest_route=\/wp\/v2\/posts\/124637","targetHints":{"allow":["GET"]}}],"collection":[{"href":"https:\/\/pressactu.com\/index.php?rest_route=\/wp\/v2\/posts"}],"about":[{"href":"https:\/\/pressactu.com\/index.php?rest_route=\/wp\/v2\/types\/post"}],"author":[{"embeddable":true,"href":"https:\/\/pressactu.com\/index.php?rest_route=\/wp\/v2\/users\/1"}],"replies":[{"embeddable":true,"href":"https:\/\/pressactu.com\/index.php?rest_route=%2Fwp%2Fv2%2Fcomments&post=124637"}],"version-history":[{"count":0,"href":"https:\/\/pressactu.com\/index.php?rest_route=\/wp\/v2\/posts\/124637\/revisions"}],"wp:featuredmedia":[{"embeddable":true,"href":"https:\/\/pressactu.com\/index.php?rest_route=\/wp\/v2\/media\/124638"}],"wp:attachment":[{"href":"https:\/\/pressactu.com\/index.php?rest_route=%2Fwp%2Fv2%2Fmedia&parent=124637"}],"wp:term":[{"taxonomy":"category","embeddable":true,"href":"https:\/\/pressactu.com\/index.php?rest_route=%2Fwp%2Fv2%2Fcategories&post=124637"},{"taxonomy":"post_tag","embeddable":true,"href":"https:\/\/pressactu.com\/index.php?rest_route=%2Fwp%2Fv2%2Ftags&post=124637"},{"taxonomy":"author","embeddable":true,"href":"https:\/\/pressactu.com\/index.php?rest_route=%2Fwp%2Fv2%2Fcoauthors&post=124637"}],"curies":[{"name":"wp","href":"https:\/\/api.w.org\/{rel}","templated":true}]}}