{"id":124635,"date":"2026-03-14T12:33:03","date_gmt":"2026-03-14T12:33:03","guid":{"rendered":"https:\/\/pressactu.com\/?p=124635"},"modified":"2026-03-14T12:33:03","modified_gmt":"2026-03-14T12:33:03","slug":"carte-mort-dun-militaire-francais-au-moyen-orient-ou-se-trouvent-nos-soldats-deployes-dans-la-region","status":"publish","type":"post","link":"https:\/\/pressactu.com\/?p=124635","title":{"rendered":"CARTE. Mort d&#039;un militaire fran\u00e7ais au Moyen-Orient\u00a0: o\u00f9 se trouvent nos soldats d\u00e9ploy\u00e9s dans la r\u00e9gion\u00a0?"},"content":{"rendered":"<p>\n                                                                    <span class=\"article-full__chapo-label hide-on-small-only\">l&#8217;essentiel<\/span><br \/>\n                                                                Face \u00e0 l\u2019extension du conflit entre l\u2019Iran, Isra\u00ebl et les \u00c9tats-Unis, la France a consid\u00e9rablement muscl\u00e9 sa pr\u00e9sence au Moyen-Orient. Entre bases strat\u00e9giques historiques et d\u00e9ploiement d\u2019urgence en mer, le dispositif est positionn\u00e9 dans une posture &#8220;strictement d\u00e9fensive&#8221;. Illustration.\n                            <\/p>\n<div rel=\"js-article-content\">\n                                                                                                                                                            <!-- Pub DFP Position [outstream] --><\/p>\n<p>Un ancrage solide sur des bases strat\u00e9giques permanentes.\u00a0Pour prot\u00e9ger ses int\u00e9r\u00eats et ses alli\u00e9s au Moyen-Orient, la France s\u2019appuie sur un r\u00e9seau de bases militaires historiques compl\u00e9t\u00e9 par des op\u00e9rations cibl\u00e9es et, depuis mars\u00a02026, par l\u2019envoi du groupe a\u00e9ronaval. Au lendemain de la mort d&#8217;un soldat fran\u00e7ais tu\u00e9 dans une attaque de drone dans le Kurdistan irakien, La D\u00e9p\u00eache d\u00e9taille les lieux strat\u00e9giques o\u00f9 sont positionn\u00e9es les forces fran\u00e7aises dans la zone.<\/p>\n<p><!-- Pub DFP Position [article] --><\/p>\n<p class=\"std-elt__inline\">\n        <strong>\u00c0 lire aussi :<\/strong><br \/>\n        <a href=\"\/2026\/03\/13\/direct-guerre-au-moyen-orient-un-soldat-francais-tue-au-kurdistan-irakien-premier-deces-francais-dans-le-conflit-13268616.php\">REPLAY. Guerre au Moyen-Orient\u00a0: Emmanuel Macron promet &#8220;sang froid&#8221; et &#8220;calme&#8221; et rappelle que la France a une &#8220;position d\u00e9fensive&#8221;, apr\u00e8s la mort du soldat fran\u00e7ais<\/a>\n    <\/p>\n<p>Les piliers de cette pr\u00e9sence terrestre se situent d\u2019abord aux \u00c9mirats arabes unis et \u00e0 Djibouti. Aux \u00c9mirats, environ 900 <a href=\"https:\/\/www.ladepeche.fr\/actu\/defense-armee\/\" target=\"_blank\">militaires<\/a> sont stationn\u00e9s en permanence entre Abu Dhabi et Zayed Military City. Ce dispositif est particuli\u00e8rement complet avec six Rafale, une soixantaine de chars Leclerc, des canons Caesar et une base navale capable d\u2019accueillir le porte-avions. De son c\u00f4t\u00e9, la base de Djibouti fait figure de sentinelle de la mer Rouge avec 1\u00a0500 militaires, des avions Mirage et un r\u00e9giment d\u2019infanterie.<\/p>\n<h2 class=\"txt-int\">Missions de terrain et lutte contre le terrorisme<\/h2>\n<p>Sur le terrain, la pr\u00e9sence fran\u00e7aise se mat\u00e9rialise aussi par des op\u00e9rations \u00e0 dur\u00e9e limit\u00e9e comme Chammal et Daman. L\u2019op\u00e9ration Chammal mobilise 600 soldats r\u00e9partis entre l\u2019Irak et la Jordanie. Leur mission principale consiste d\u00e9sormais \u00e0 former les arm\u00e9es locales pour lutter contre le terrorisme, un cadre dans lequel servait l\u2019adjudant-chef Arnaud Frion avant le drame d\u2019Erbil.<\/p>\n<p>Au Liban, l\u2019op\u00e9ration Daman voit 700 Casques bleus fran\u00e7ais surveiller la fronti\u00e8re avec Isra\u00ebl dans le cadre de la Finul, une mission extr\u00eamement sensible dont le mandat court jusqu\u2019\u00e0 la fin de l\u2019ann\u00e9e 2026.<\/p>\n<div class=\"flourish-embed flourish-chart\" data-src=\"visualisation\/28044919\"><noscript><img decoding=\"async\" src=\"http:\/\/pressactu.com\/wp-content\/uploads\/2026\/03\/1773491583_64_thumbnail\" width=\"100%\" alt=\"visualization\"\/><\/noscript><\/div>\n<h2 class=\"txt-int\">Le d\u00e9ploiement massif du groupe a\u00e9ronaval<\/h2>\n<p>L\u2019annonce la plus marquante de ce mois de mars reste toutefois le d\u00e9ploiement massif de l\u2019armada navale. Le porte-avions Charles-de-Gaulle a \u00e9t\u00e9 envoy\u00e9 en M\u00e9diterran\u00e9e orientale pour renforcer le dispositif global. Ce navire amiral n\u2019agit pas seul puisqu\u2019il est escort\u00e9 par huit fr\u00e9gates sp\u00e9cialis\u00e9es dans la d\u00e9fense antia\u00e9rienne et la lutte anti-sous-marine, ainsi que par deux porte-h\u00e9licopt\u00e8res amphibies.<\/p>\n<p>Ces b\u00e2timents patrouillent dans une vaste zone allant de la mer Rouge au d\u00e9troit d\u2019Ormuz, tandis qu\u2019une vingtaine de Rafale Marine et des avions-radars Hawkeye assurent la surveillance de l\u2019espace a\u00e9rien.<\/p>\n<h2 class=\"txt-int\">Coop\u00e9ration internationale<\/h2>\n<p>Enfin, ce d\u00e9ploiement global s\u2019accompagne d\u2019un volet diplomatique et technique renforc\u00e9 aupr\u00e8s des alli\u00e9s de la France. En vertu d\u2019accords de d\u00e9fense, Paris assure la protection du Qatar, du Kowe\u00eft et apporte un soutien sp\u00e9cifique \u00e0 Chypre en mati\u00e8re de d\u00e9fense antia\u00e9rienne.<\/p>\n<p>Dans le cadre de l\u2019op\u00e9ration europ\u00e9enne Aspides, la marine fran\u00e7aise a \u00e9galement doubl\u00e9 ses moyens pour s\u00e9curiser la navigation commerciale contre les attaques dans les eaux internationales.<\/p>\n<\/p><\/div>\n<p><a href=\"https:\/\/www.ladepeche.fr\/2026\/03\/13\/carte-mort-dun-militaire-francais-au-moyen-orient-ou-se-trouvent-nos-soldats-deployes-dans-la-region-13270323.php\">source<\/a><\/p>\n","protected":false},"excerpt":{"rendered":"<p>l&#8217;essentiel Face \u00e0 l\u2019extension du conflit entre l\u2019Iran, Isra\u00ebl et les \u00c9tats-Unis, la France a consid\u00e9rablement muscl\u00e9 sa pr\u00e9sence au Moyen-Orient. Entre bases strat\u00e9giques historiques et d\u00e9ploiement d\u2019urgence en mer, le dispositif est positionn\u00e9 dans une posture &#8220;strictement d\u00e9fensive&#8221;. Illustration. Un ancrage solide sur des bases strat\u00e9giques permanentes.\u00a0Pour prot\u00e9ger ses int\u00e9r\u00eats et ses alli\u00e9s au [&hellip;]<\/p>\n","protected":false},"author":1,"featured_media":124636,"comment_status":"open","ping_status":"open","sticky":false,"template":"","format":"standard","meta":{"_monsterinsights_skip_tracking":false,"_monsterinsights_sitenote_active":false,"_monsterinsights_sitenote_note":"","_monsterinsights_sitenote_category":0,"footnotes":""},"categories":[1],"tags":[],"coauthors":[77],"class_list":["post-124635","post","type-post","status-publish","format-standard","has-post-thumbnail","hentry","category-a-la-une"],"aioseo_notices":[],"_links":{"self":[{"href":"https:\/\/pressactu.com\/index.php?rest_route=\/wp\/v2\/posts\/124635","targetHints":{"allow":["GET"]}}],"collection":[{"href":"https:\/\/pressactu.com\/index.php?rest_route=\/wp\/v2\/posts"}],"about":[{"href":"https:\/\/pressactu.com\/index.php?rest_route=\/wp\/v2\/types\/post"}],"author":[{"embeddable":true,"href":"https:\/\/pressactu.com\/index.php?rest_route=\/wp\/v2\/users\/1"}],"replies":[{"embeddable":true,"href":"https:\/\/pressactu.com\/index.php?rest_route=%2Fwp%2Fv2%2Fcomments&post=124635"}],"version-history":[{"count":0,"href":"https:\/\/pressactu.com\/index.php?rest_route=\/wp\/v2\/posts\/124635\/revisions"}],"wp:featuredmedia":[{"embeddable":true,"href":"https:\/\/pressactu.com\/index.php?rest_route=\/wp\/v2\/media\/124636"}],"wp:attachment":[{"href":"https:\/\/pressactu.com\/index.php?rest_route=%2Fwp%2Fv2%2Fmedia&parent=124635"}],"wp:term":[{"taxonomy":"category","embeddable":true,"href":"https:\/\/pressactu.com\/index.php?rest_route=%2Fwp%2Fv2%2Fcategories&post=124635"},{"taxonomy":"post_tag","embeddable":true,"href":"https:\/\/pressactu.com\/index.php?rest_route=%2Fwp%2Fv2%2Ftags&post=124635"},{"taxonomy":"author","embeddable":true,"href":"https:\/\/pressactu.com\/index.php?rest_route=%2Fwp%2Fv2%2Fcoauthors&post=124635"}],"curies":[{"name":"wp","href":"https:\/\/api.w.org\/{rel}","templated":true}]}}