{"id":124632,"date":"2026-03-14T12:21:30","date_gmt":"2026-03-14T12:21:30","guid":{"rendered":"https:\/\/pressactu.com\/?p=124632"},"modified":"2026-03-14T12:21:30","modified_gmt":"2026-03-14T12:21:30","slug":"tfc-ce-nest-pas-un-probleme-de-motivation-cest-un-probleme-de-finition-pourquoi-le-tfc-ne-gagne-plus-en-ligue-1","status":"publish","type":"post","link":"https:\/\/pressactu.com\/?p=124632","title":{"rendered":"TFC\u00a0: &quot;Ce n\u2019est pas un probl\u00e8me de motivation, c\u2019est un probl\u00e8me de finition&quot;\u2026 Pourquoi le TFC ne gagne plus en Ligue 1"},"content":{"rendered":"<p>\n                                                                    <span class=\"article-full__chapo-label hide-on-small-only\">l&#8217;essentiel<\/span><br \/>\n                                                                Qu\u2019est ce qui coince au TFC\u00a0? Les Violets n\u2019ont plus gagn\u00e9 depuis six matchs en Ligue 1 avant de se d\u00e9placer \u00e0 Metz. Un probl\u00e8me offensif, pointe l\u2019entra\u00eeneur Carles Martinez Novell.\n                            <\/p>\n<div rel=\"js-article-content\" data-state=\"fixed-height\" data-selection=\"disabled\">\n                                                                                                                                                            <!-- Pub DFP Position [outstream] --><\/p>\n<p>Qualifi\u00e9 en demi-finale de la Coupe de France en s\u2019imposant au stade V\u00e9lodrome face \u00e0 l\u2019OM, mais plus capable de gagner en Ligue 1 depuis six rencontres\u00a0: voil\u00e0 l\u2019un des paradoxes de la saison du TFC, qui se d\u00e9place ce dimanche 15\u00a0mars sur la pelouse de Metz, lanterne rouge, pour tenter de se relancer. Interrog\u00e9 ce vendredi sur les raisons de ce blocage, et d\u2019un possible manque d\u2019envie de ses joueurs, Carles Martinez Novell, l\u2019entra\u00eeneur des Violets, a \u00e9t\u00e9 cat\u00e9gorique\u00a0: &#8220;Ce n\u2019est\u00a0pas un probl\u00e8me de motivation, c\u2019est un probl\u00e8me de finition. Donc, il faut donner de la confiance aux joueurs, et qu\u2019eux\u00a0prennent leur responsabilit\u00e9 pour\u00a0marquer ces buts qui vont nous rendre les choses plus faciles.&#8221;<\/p>\n<p><!-- Pub DFP Position [article] --><\/p>\n<p class=\"std-elt__inline\">\n        <strong>\u00c0 lire aussi :<\/strong><br \/>\n        <a href=\"\/2026\/03\/13\/tfc-1000-places-vendues-en-10-minutes-les-supporters-des-violets-ont-pris-dassaut-la-billetterie-pour-la-demi-finale-de-coupe-de-france-a-lens-13270635.php\">TFC\u00a0: 1000 places vendues en 10 minutes, les supporters des Violets ont pris d\u2019assaut la billetterie pour la demi-finale de Coupe de France \u00e0 Lens<\/a>\n    <\/p>\n<p>Battu 1-0 par Marseille le week-end dernier au Stadium, Toulouse n\u2019a plus marqu\u00e9 dans le jeu depuis le 4\u00a0f\u00e9vrier. Les quatre derni\u00e8res r\u00e9alisations ont \u00e9t\u00e9 r\u00e9ussies sur corner, l\u2019une des principales armes des Toulousains ces derniers temps. Mais ce dimanche \u00e0 Metz, Charlie Cresswell, principal danger a\u00e9rien des Toulousains, sera \u00e0 nouveau absent, comme probablement lors des deux matchs suivants.<\/p>\n<p class=\"std-elt__inline\">\n        <strong>\u00c0 lire aussi :<\/strong><br \/>\n        <a href=\"\/2026\/03\/13\/jadore-le-contexte-dans-lequel-je-suis-arrive-a-toulouse-jacen-russell-rowe-lattaquant-canadien-du-tfc-raconte-ses-premieres-semaines-13270724.php\">&#8220;J\u2019adore le contexte dans lequel je suis arriv\u00e9 \u00e0 Toulouse&#8221;\u00a0: Jacen Russell-Rowe, l\u2019attaquant canadien du TFC, raconte ses premi\u00e8res semaines<\/a>\n    <\/p>\n<p>Dans son animation offensive, le TFC semble manquer de poids, et de profondeur d\u2019effectif. Frank Magri, bless\u00e9, n\u2019a plus jou\u00e9 depuis la victoire face \u00e0 Nice le 17\u00a0janvier. Son rempla\u00e7ant naturel, Emersonn, montre souvent des difficult\u00e9s \u00e0 encha\u00eener physiquement les matchs. H\u00e9ro\u00efque au V\u00e9lodrome mercredi dernier, le Br\u00e9silien, \u00e9puis\u00e9, avait \u00e9t\u00e9 contraint de c\u00e9der sa place \u00e0 la mi-temps lors du match suivant.<\/p>\n<p class=\"std-elt__inline\">\n        <strong>\u00c0 lire aussi :<\/strong><br \/>\n        <a href=\"\/2026\/03\/13\/toulouse-football-club-trois-absents-casseres-incertain-martinez-novell-fait-le-point-sur-leffectif-toulousain-avant-le-deplacement-a-metz-13270334.php\">TFC\u00a0: trois absents, Casseres incertain\u2026 Carles Martinez Novell fait le point sur l\u2019effectif toulousain avant le d\u00e9placement \u00e0 Metz<\/a>\n    <\/p>\n<p>Arriv\u00e9 dans les derniers instants du mercato hivernal, le Canadien Jacen Russell-Rowe manque pour sa part encore autant de rep\u00e8res dans l\u2019\u00e9quipe et en Ligue 1 que de rythme. &#8220;L\u2019adaptation, quand tu arrives en janvier, dans un championnat tr\u00e8s diff\u00e9rent de la MLS (le championnat nord-am\u00e9ricain o\u00f9 \u00e9voluait Russell-Rowe), est compliqu\u00e9e. Il me l\u2019a dit\u00a0: beaucoup de choses sont diff\u00e9rentes pour lui ici&#8221;, a confirm\u00e9 Carles Martinez Novell, qui a \u00e9galement mis en avant l\u2019intensit\u00e9 de la Ligue 1\u00a0: &#8220;\u00c7a ne s\u2019arr\u00eate jamais, il y a peu de repos, le rythme est tr\u00e8s intense&#8221;.<\/p>\n<p class=\"std-elt__inline\">\n        <strong>\u00c0 lire aussi :<\/strong><br \/>\n        <a href=\"\/2026\/03\/12\/tfc-conseil-dadministration-direction-generale-dans-les-bureaux-comment-le-club-prepare-lavenir-13268763.php\">TFC\u00a0: conseil d\u2019administration, direction g\u00e9n\u00e9rale\u2026 Dans les bureaux, comment le club pr\u00e9pare l\u2019avenir<\/a>\n    <\/p>\n<p>Un contraste \u00e9galement soulign\u00e9 ce vendredi par le principal int\u00e9ress\u00e9, Jacen Russell-Rowe\u00a0: &#8220;On m\u2019avait dit que c\u2019\u00e9tait un championnat tr\u00e8s physique. Et c\u2019est vrai\u2026 Il y a de tr\u00e8s bons joueurs, techniquement, mais c\u2019est aussi un championnat tr\u00e8s athl\u00e9tique, plus que la MLS.&#8221;<\/p>\n<p class=\"std-elt__inline\">\n        <strong>\u00c0 lire aussi :<\/strong><br \/>\n        <a href=\"\/2026\/03\/11\/une-recuperation-honteuse-nemesis-utilise-limage-dune-joueuse-du-tfc-le-club-monte-au-creneau-et-denonce-une-polemique-indigne-13266664.php\">&#8220;Une r\u00e9cup\u00e9ration honteuse&#8221;\u00a0: Nemesis utilise l\u2019image d\u2019une joueuse du TFC, le club monte au cr\u00e9neau et d\u00e9nonce une &#8220;pol\u00e9mique indigne&#8221;<\/a>\n    <\/p>\n<p>Dimanche, Martinez Novel pourra en revanche compter sur un Santiago Hidalgo frais physiquement\u00a0: l\u2019Argentin n\u2019a d\u00e9marr\u00e9 ni \u00e0 Marseille en Coupe ni quelques jours plus tard au Stadium face \u00e0 l\u2019OM, et pourrait \u00eatre l\u2019une des cl\u00e9s pour relancer la saison du TFC, en panne offensivement depuis trop longtemps.<\/p>\n<\/p><\/div>\n<p><a href=\"https:\/\/www.ladepeche.fr\/2026\/03\/13\/tfc-ce-nest-pas-un-probleme-de-motivation-cest-un-probleme-de-finition-pourquoi-le-tfc-ne-gagne-plus-en-ligue-1-13271017.php\">source<\/a><\/p>\n","protected":false},"excerpt":{"rendered":"<p>l&#8217;essentiel Qu\u2019est ce qui coince au TFC\u00a0? Les Violets n\u2019ont plus gagn\u00e9 depuis six matchs en Ligue 1 avant de se d\u00e9placer \u00e0 Metz. Un probl\u00e8me offensif, pointe l\u2019entra\u00eeneur Carles Martinez Novell. Qualifi\u00e9 en demi-finale de la Coupe de France en s\u2019imposant au stade V\u00e9lodrome face \u00e0 l\u2019OM, mais plus capable de gagner en Ligue [&hellip;]<\/p>\n","protected":false},"author":1,"featured_media":124633,"comment_status":"open","ping_status":"open","sticky":false,"template":"","format":"standard","meta":{"_monsterinsights_skip_tracking":false,"_monsterinsights_sitenote_active":false,"_monsterinsights_sitenote_note":"","_monsterinsights_sitenote_category":0,"footnotes":""},"categories":[71],"tags":[],"coauthors":[77],"class_list":["post-124632","post","type-post","status-publish","format-standard","has-post-thumbnail","hentry","category-sport"],"aioseo_notices":[],"_links":{"self":[{"href":"https:\/\/pressactu.com\/index.php?rest_route=\/wp\/v2\/posts\/124632","targetHints":{"allow":["GET"]}}],"collection":[{"href":"https:\/\/pressactu.com\/index.php?rest_route=\/wp\/v2\/posts"}],"about":[{"href":"https:\/\/pressactu.com\/index.php?rest_route=\/wp\/v2\/types\/post"}],"author":[{"embeddable":true,"href":"https:\/\/pressactu.com\/index.php?rest_route=\/wp\/v2\/users\/1"}],"replies":[{"embeddable":true,"href":"https:\/\/pressactu.com\/index.php?rest_route=%2Fwp%2Fv2%2Fcomments&post=124632"}],"version-history":[{"count":0,"href":"https:\/\/pressactu.com\/index.php?rest_route=\/wp\/v2\/posts\/124632\/revisions"}],"wp:featuredmedia":[{"embeddable":true,"href":"https:\/\/pressactu.com\/index.php?rest_route=\/wp\/v2\/media\/124633"}],"wp:attachment":[{"href":"https:\/\/pressactu.com\/index.php?rest_route=%2Fwp%2Fv2%2Fmedia&parent=124632"}],"wp:term":[{"taxonomy":"category","embeddable":true,"href":"https:\/\/pressactu.com\/index.php?rest_route=%2Fwp%2Fv2%2Fcategories&post=124632"},{"taxonomy":"post_tag","embeddable":true,"href":"https:\/\/pressactu.com\/index.php?rest_route=%2Fwp%2Fv2%2Ftags&post=124632"},{"taxonomy":"author","embeddable":true,"href":"https:\/\/pressactu.com\/index.php?rest_route=%2Fwp%2Fv2%2Fcoauthors&post=124632"}],"curies":[{"name":"wp","href":"https:\/\/api.w.org\/{rel}","templated":true}]}}