{"id":124630,"date":"2026-03-14T12:12:55","date_gmt":"2026-03-14T12:12:55","guid":{"rendered":"https:\/\/pressactu.com\/?p=124630"},"modified":"2026-03-14T12:12:55","modified_gmt":"2026-03-14T12:12:55","slug":"pneus-fumier-rats-et-nuisances-le-departement-des-hautes-pyrenees-met-la-pression-sur-les-syndicats-agricoles-pour-levacuation-des-dechets","status":"publish","type":"post","link":"https:\/\/pressactu.com\/?p=124630","title":{"rendered":"Pneus, fumier, rats et nuisances\u00a0: le D\u00e9partement des Hautes-Pyr\u00e9n\u00e9es met la pression sur les syndicats agricoles pour l\u2019\u00e9vacuation des d\u00e9chets"},"content":{"rendered":"<p>\n                                                                    <span class=\"article-full__chapo-label hide-on-small-only\">l&#8217;essentiel<\/span><br \/>\n                                                                La crise des d\u00e9chets agricoles s\u2019enlise dans les Hautes-Pyr\u00e9n\u00e9es. Pr\u00e8s de 5\u00a0000\u202fm\u00b3 de pneus, foin et fumier attendent toujours d\u2019\u00eatre \u00e9vacu\u00e9s, pour un co\u00fbt d\u00e9passant 1,5\u00a0million d\u2019euros. Le bras de fer politique s\u2019intensifie.\n                            <\/p>\n<div rel=\"js-article-content\">\n                                                                                                                                                            <!-- Pub DFP Position [outstream] --><\/p>\n<p>&#8220;On a trop tol\u00e9r\u00e9, trop attendu.&#8221; Plus de deux mois apr\u00e8s la lev\u00e9e des blocages agricoles qui ont paralys\u00e9 certains axes routiers du d\u00e9partement en d\u00e9cembre dernier, des tonnes de d\u00e9chets encore pr\u00e9sentes sur les ronds-points de S\u00e9m\u00e9ac, Vic-en-Bigorre, Lannemezan, H\u00e8ches et Maubourguet\u00a0suscitent l\u2019agacement. Ce 13\u00a0mars, le pr\u00e9sident du conseil d\u00e9partemental, Michel P\u00e9lieu, a tenu \u00e0\u00a0d\u00e9noncer une situation devenue &#8220;inacceptable&#8221;.<\/p>\n<p><!-- Pub DFP Position [article] --><\/p>\n<p class=\"std-elt__inline\">\n        <strong>\u00c0 lire aussi :<\/strong><br \/>\n        <a href=\"\/2026\/01\/07\/colere-des-agriculteurs-le-dernier-de-point-de-blocage-leve-dans-les-hautes-pyrenees-mais-qui-va-nettoyer-les-tonnes-de-dechets-13148003.php\">Col\u00e8re des agriculteurs\u00a0: le dernier de point de blocage lev\u00e9 dans les Hautes-Pyr\u00e9n\u00e9es, mais qui va nettoyer les tonnes de d\u00e9chets\u00a0?<\/a>\n    <\/p>\n<p>\u00c0 l\u2019origine de cette col\u00e8re, l\u2019\u00e9vacuation extr\u00eamement co\u00fbteuse de pr\u00e8s de 5\u00a0000\u00a0m\u00b3 de d\u00e9chets (fumier, paille, foin et\u00a0montagnes de pneus). Et pour Michel P\u00e9lieu, pas question que le conseil d\u00e9partemental assume seul la facture estim\u00e9e \u00e0 plus de 1,5\u00a0million d\u2019euros.<\/p>\n<p>&#8220;Nous arrivons \u00e0 une sorte de saturation dans cette affaire&#8221;, a insist\u00e9 Michel P\u00e9lieu. &#8220;Nous avons r\u00e9uni les organisations syndicales agricoles \u00e0 deux reprises, les 9 et 23\u00a0janvier. Je leur ai propos\u00e9 un compromis\u00a0: le D\u00e9partement se chargerait du chargement des d\u00e9chets, les agriculteurs du transport vers les unit\u00e9s de traitement, et l\u2019\u00c9tat se prononcerait sur la prise en charge du traitement. Mais nous n\u2019avons re\u00e7u aucune r\u00e9ponse.&#8221;<\/p>\n<h2 class=\"txt-int\">De multiples\u00a0nuisances<\/h2>\n<p>La crise remonte \u00e0 la mi-d\u00e9cembre, lorsque plusieurs organisations agricoles ont lanc\u00e9 une mobilisation d\u2019ampleur dans le d\u00e9partement. Durant plusieurs jours, autoroutes et axes strat\u00e9giques, dont l\u2019A64, ont \u00e9t\u00e9 bloqu\u00e9s\u00a0pour d\u00e9noncer les mesures sanitaires li\u00e9es \u00e0 la dermatose nodulaire et les accords commerciaux du Mercosur.<\/p>\n<p class=\"std-elt__inline\">\n        <strong>\u00c0 lire aussi :<\/strong><br \/>\n        <a href=\"\/2026\/03\/07\/deux-mois-apres-les-mobilisations-agricoles-le-rond-point-de-semeac-nest-toujours-pas-nettoye-la-ville-appelle-a-laide-13259883.php\">Deux mois apr\u00e8s les mobilisations agricoles, un rond-point n\u2019est toujours pas nettoy\u00e9\u00a0pr\u00e8s de Tarbes\u00a0: la ville de S\u00e9m\u00e9ac appelle \u00e0 l\u2019aide<\/a>\n    <\/p>\n<p>Si les routes ont \u00e9t\u00e9 rouvertes quelques semaines plus tard, les d\u00e9chets d\u00e9vers\u00e9s sur place n\u2019ont jamais \u00e9t\u00e9 \u00e9vacu\u00e9s dans certains secteurs. De quoi susciter l\u2019incompr\u00e9hension de la population locale qui subit des nuisances de plus en plus pr\u00e9gnantes (odeurs, rats, mauvaise visibilit\u00e9 sur les routes).<\/p>\n<p>Le pr\u00e9sident du D\u00e9partement esp\u00e8re encore une solution \u00e0 l\u2019amiable. &#8220;Le pr\u00e9fet doit recevoir les repr\u00e9sentants du monde agricole le 18\u00a0mars. Il faut imp\u00e9rativement qu\u2019une d\u00e9cision soit prise ce jour-l\u00e0 afin que ces d\u00e9chets soient \u00e9vacu\u00e9s d\u2019ici la fin du mois&#8221;, pr\u00e9vient-il. &#8220;Si aucune solution n\u2019\u00e9merge, la justice aura \u00e0 trancher. Dans le Gers ou en Loz\u00e8re, il y a d\u00e9j\u00e0 eu des condamnations. Je pr\u00e9f\u00e9rerais \u00e9viter d\u2019en arriver l\u00e0.&#8221;<\/p>\n<h2 class=\"txt-int\">Trouver un compromis<\/h2>\n<p>\u00c0 S\u00e9m\u00e9ac, porte d\u2019entr\u00e9e de l\u2019agglom\u00e9ration tarbaise, la situation inqui\u00e8te particuli\u00e8rement le maire Philippe Baubay. &#8220;Ce n\u2019est pas l\u2019image que nous voulons donner aux vacanciers. Mais au-del\u00e0 de l\u2019aspect visuel, il y a des enjeux environnementaux\u00a0: infiltrations possibles vers la nappe phr\u00e9atique, odeurs, pr\u00e9sence de rats\u2026&#8221;, confirme l\u2019\u00e9lu.<\/p>\n<p class=\"std-elt__inline\">\n        <strong>\u00c0 lire aussi :<\/strong><br \/>\n        <a href=\"\/2025\/12\/30\/colere-agricole-retour-a-la-normale-sur-les-routes-mais-qui-va-payer-la-remise-en-etat-estimee-a-plusieurs-centaines-de-milliers-deuros-13137323.php\">Col\u00e8re agricole\u00a0: retour \u00e0 la normale sur les routes, mais qui va payer la remise en \u00e9tat, estim\u00e9e \u00e0 plusieurs centaines de milliers d\u2019euros\u00a0?<\/a>\n    <\/p>\n<p>Sur le rond-point de la commune, pr\u00e8s de 200\u00a0tonnes de d\u00e9chets ont \u00e9t\u00e9 recens\u00e9es. Le co\u00fbt de leur enl\u00e8vement est estim\u00e9 \u00e0 107\u00a0000\u00a0euros, une charge que la municipalit\u00e9 ne peut supporter seule selon l\u2019\u00e9dile.<\/p>\n<p>Tous les \u00e9lus pr\u00e9sents ont rappel\u00e9 avoir soutenu les revendications du monde agricole au d\u00e9but du mouvement. Mais la m\u00e9thode utilis\u00e9e et l\u2019absence de nettoyage suscitent aujourd\u2019hui l\u2019exasp\u00e9ration. &#8220;Notre r\u00f4le d\u2019\u00e9lus n\u2019est pas d\u2019aller sur les ronds-points, mais de faire avancer les choses autour de la table avec l\u2019\u00c9tat&#8221;, souligne Fr\u00e9d\u00e9ric R\u00e9.<\/p>\n<h2 class=\"txt-int\">Le bras de fer<\/h2>\n<p>Michel P\u00e9lieu se veut clair\u00a0: &#8220;J\u2019ai exprim\u00e9 ma solidarit\u00e9 avec les agriculteurs. Mais je ne peux plus accepter que des tonnes de d\u00e9chets restent ainsi sur les routes d\u00e9partementales. Nous sommes un territoire touristique et pr\u00e8s de 40\u00a0% de nos recettes en d\u00e9pendent. Nous ne pouvons pas donner cette image du territoire.&#8221;<\/p>\n<p>\u00c0 d\u00e9faut d\u2019un accord rapide, le bras de fer pourrait se poursuivre sur un autre terrain. Interrog\u00e9 sur la possibilit\u00e9 de couper le robinet des aides allou\u00e9es au monde agricole par le D\u00e9partement, Michel P\u00e9lieu assure &#8220;que ce serait dommageable pour ceux qui n\u2019ont pas particip\u00e9 \u00e0 d\u00e9verser des tonnes de d\u00e9chets sur les routes du d\u00e9partement. Mais oui, si rien n\u2019est fait, nous pourrons l\u2019envisager.&#8221;<\/p>\n<\/p><\/div>\n<p><a href=\"https:\/\/www.ladepeche.fr\/2026\/03\/13\/pneus-fumier-rats-et-nuisances-le-departement-des-hautes-pyrenees-met-la-pression-sur-les-syndicats-agricoles-pour-levacuation-des-dechets-13270977.php\">source<\/a><\/p>\n","protected":false},"excerpt":{"rendered":"<p>l&#8217;essentiel La crise des d\u00e9chets agricoles s\u2019enlise dans les Hautes-Pyr\u00e9n\u00e9es. Pr\u00e8s de 5\u00a0000\u202fm\u00b3 de pneus, foin et fumier attendent toujours d\u2019\u00eatre \u00e9vacu\u00e9s, pour un co\u00fbt d\u00e9passant 1,5\u00a0million d\u2019euros. Le bras de fer politique s\u2019intensifie. &#8220;On a trop tol\u00e9r\u00e9, trop attendu.&#8221; Plus de deux mois apr\u00e8s la lev\u00e9e des blocages agricoles qui ont paralys\u00e9 certains axes [&hellip;]<\/p>\n","protected":false},"author":1,"featured_media":124631,"comment_status":"open","ping_status":"open","sticky":false,"template":"","format":"standard","meta":{"_monsterinsights_skip_tracking":false,"_monsterinsights_sitenote_active":false,"_monsterinsights_sitenote_note":"","_monsterinsights_sitenote_category":0,"footnotes":""},"categories":[74],"tags":[],"coauthors":[77],"class_list":["post-124630","post","type-post","status-publish","format-standard","has-post-thumbnail","hentry","category-economie"],"aioseo_notices":[],"_links":{"self":[{"href":"https:\/\/pressactu.com\/index.php?rest_route=\/wp\/v2\/posts\/124630","targetHints":{"allow":["GET"]}}],"collection":[{"href":"https:\/\/pressactu.com\/index.php?rest_route=\/wp\/v2\/posts"}],"about":[{"href":"https:\/\/pressactu.com\/index.php?rest_route=\/wp\/v2\/types\/post"}],"author":[{"embeddable":true,"href":"https:\/\/pressactu.com\/index.php?rest_route=\/wp\/v2\/users\/1"}],"replies":[{"embeddable":true,"href":"https:\/\/pressactu.com\/index.php?rest_route=%2Fwp%2Fv2%2Fcomments&post=124630"}],"version-history":[{"count":0,"href":"https:\/\/pressactu.com\/index.php?rest_route=\/wp\/v2\/posts\/124630\/revisions"}],"wp:featuredmedia":[{"embeddable":true,"href":"https:\/\/pressactu.com\/index.php?rest_route=\/wp\/v2\/media\/124631"}],"wp:attachment":[{"href":"https:\/\/pressactu.com\/index.php?rest_route=%2Fwp%2Fv2%2Fmedia&parent=124630"}],"wp:term":[{"taxonomy":"category","embeddable":true,"href":"https:\/\/pressactu.com\/index.php?rest_route=%2Fwp%2Fv2%2Fcategories&post=124630"},{"taxonomy":"post_tag","embeddable":true,"href":"https:\/\/pressactu.com\/index.php?rest_route=%2Fwp%2Fv2%2Ftags&post=124630"},{"taxonomy":"author","embeddable":true,"href":"https:\/\/pressactu.com\/index.php?rest_route=%2Fwp%2Fv2%2Fcoauthors&post=124630"}],"curies":[{"name":"wp","href":"https:\/\/api.w.org\/{rel}","templated":true}]}}