{"id":124628,"date":"2026-03-14T10:50:41","date_gmt":"2026-03-14T10:50:41","guid":{"rendered":"https:\/\/pressactu.com\/?p=124628"},"modified":"2026-03-14T10:50:41","modified_gmt":"2026-03-14T10:50:41","slug":"au-volant-dune-voiture-de-la-mairie-de-tarbes-volee-un-passeur-et-quatre-sans-papiers-interceptes-par-les-policiers-a-la-frontiere","status":"publish","type":"post","link":"https:\/\/pressactu.com\/?p=124628","title":{"rendered":"Au volant d\u2019une voiture de la mairie de Tarbes vol\u00e9e, un passeur et quatre sans-papiers intercept\u00e9s par les policiers \u00e0 la fronti\u00e8re"},"content":{"rendered":"<p>\n                                                                    <span class=\"article-full__chapo-label hide-on-small-only\">l&#8217;essentiel<\/span><br \/>\n                                                                Un conducteur russe, interpell\u00e9 avec quatre sans-papiers dans un v\u00e9hicule vol\u00e9 de la mairie de Tarbes, \u00e9cope de six mois ferme et d\u2019une interdiction de territoire.\n                            <\/p>\n<div rel=\"js-article-content\" data-state=\"fixed-height\" data-selection=\"disabled\">\n                                                                                                                                                            <!-- Pub DFP Position [outstream] --><\/p>\n<p>Ce 1er\u00a0mars, les policiers de la Police aux fronti\u00e8res qui veillent sur les sites de passage des Pyr\u00e9n\u00e9es-Orientales sont assez surpris de voir arriver d\u2019Espagne une voiture estampill\u00e9e aux couleurs de la mairie de Tarbes.<\/p>\n<p><!-- Pub DFP Position [article] --><\/p>\n<p>Un contr\u00f4le est d\u00e9cid\u00e9, le conducteur est russe, en s\u00e9jour r\u00e9gulier en France. Mais les quatre passagers, d\u2019origine maghr\u00e9bine, sont sans papiers mais ce qui est plus surprenant, c\u2019est que l\u2019auto est recherch\u00e9e, elle a \u00e9t\u00e9 vol\u00e9e au pr\u00e9judice de la mairie de Tarbes. Les cinq hommes sont auditionn\u00e9s, le conducteur est traduit devant un tribunal. &#8220;Je ne savais pas qu\u2019elle \u00e9tait vol\u00e9e, un coll\u00e8gue me l\u2019a confi\u00e9e avec les cl\u00e9s et\u00a0les papiers&#8221; explique le conducteur lors de son proc\u00e8s, <a href=\"https:\/\/www.lindependant.fr\/2026\/03\/10\/un-passeur-et-quatre-clandestins-dans-une-voiture-volee-a-la-mairie-13255459.php\" target=\"_self\">selon le r\u00e9cit de nos confr\u00e8res de L\u2019Ind\u00e9pendant<\/a>. &#8220;Monsieur, il est \u00e9crit en lettres g\u00e9antes &#8220;Mairie de Tarbes&#8221;\u00a0sur le v\u00e9hicule&#8221;, s\u2019emporte la procureure. &#8220;Je ne sais pas lire&#8221; r\u00e9pond-il. &#8220;Ni voir un logo qui prend toute la porti\u00e8re\u00a0? Et comment les passagers sont-ils venus \u00e0 vous\u00a0?&#8221; s\u2019enquiert la pr\u00e9sidente. &#8220;Un ami, le fr\u00e8re d\u2019un ancien cod\u00e9tenu, m\u2019a t\u00e9l\u00e9phon\u00e9 pour que j\u2019aille les chercher \u00e0 Barcelone pour les conduire \u00e0 Perpignan. Il m\u2019a donn\u00e9 150\u00a0\u20ac pour mes frais&#8221;, explique-t-il, avouant ne pas avoir pos\u00e9 de question.<\/p>\n<p>Le parquet requiert trois\u00a0mois ferme et une interdiction du territoire de cinq\u00a0ans. &#8220;Il ne parle pas arabe, il n\u2019a donc pas pu communiquer avec eux, pr\u00e9cise Me Alauzet, et, vraiment, je ne vois aucun \u00e9l\u00e9ment d\u00e9montrant qu\u2019il savait la voiture vol\u00e9e\u00a0!&#8221; Le tribunal le condamnera \u00e0 six\u00a0mois ferme avec maintien en d\u00e9tention, le pr\u00e9venu comptant\u00a0d\u00e9j\u00e0 pr\u00e8s de 30 mentions sur son casier.<\/p>\n<\/p><\/div>\n<p><a href=\"https:\/\/www.ladepeche.fr\/2026\/03\/13\/au-volant-dune-voiture-de-la-mairie-de-tarbes-volee-un-passeur-et-quatre-sans-papiers-interceptes-par-les-policiers-a-la-frontiere-13268456.php\">source<\/a><\/p>\n","protected":false},"excerpt":{"rendered":"<p>l&#8217;essentiel Un conducteur russe, interpell\u00e9 avec quatre sans-papiers dans un v\u00e9hicule vol\u00e9 de la mairie de Tarbes, \u00e9cope de six mois ferme et d\u2019une interdiction de territoire. Ce 1er\u00a0mars, les policiers de la Police aux fronti\u00e8res qui veillent sur les sites de passage des Pyr\u00e9n\u00e9es-Orientales sont assez surpris de voir arriver d\u2019Espagne une voiture estampill\u00e9e [&hellip;]<\/p>\n","protected":false},"author":1,"featured_media":124629,"comment_status":"open","ping_status":"open","sticky":false,"template":"","format":"standard","meta":{"_monsterinsights_skip_tracking":false,"_monsterinsights_sitenote_active":false,"_monsterinsights_sitenote_note":"","_monsterinsights_sitenote_category":0,"footnotes":""},"categories":[1],"tags":[],"coauthors":[77],"class_list":["post-124628","post","type-post","status-publish","format-standard","has-post-thumbnail","hentry","category-a-la-une"],"aioseo_notices":[],"_links":{"self":[{"href":"https:\/\/pressactu.com\/index.php?rest_route=\/wp\/v2\/posts\/124628","targetHints":{"allow":["GET"]}}],"collection":[{"href":"https:\/\/pressactu.com\/index.php?rest_route=\/wp\/v2\/posts"}],"about":[{"href":"https:\/\/pressactu.com\/index.php?rest_route=\/wp\/v2\/types\/post"}],"author":[{"embeddable":true,"href":"https:\/\/pressactu.com\/index.php?rest_route=\/wp\/v2\/users\/1"}],"replies":[{"embeddable":true,"href":"https:\/\/pressactu.com\/index.php?rest_route=%2Fwp%2Fv2%2Fcomments&post=124628"}],"version-history":[{"count":0,"href":"https:\/\/pressactu.com\/index.php?rest_route=\/wp\/v2\/posts\/124628\/revisions"}],"wp:featuredmedia":[{"embeddable":true,"href":"https:\/\/pressactu.com\/index.php?rest_route=\/wp\/v2\/media\/124629"}],"wp:attachment":[{"href":"https:\/\/pressactu.com\/index.php?rest_route=%2Fwp%2Fv2%2Fmedia&parent=124628"}],"wp:term":[{"taxonomy":"category","embeddable":true,"href":"https:\/\/pressactu.com\/index.php?rest_route=%2Fwp%2Fv2%2Fcategories&post=124628"},{"taxonomy":"post_tag","embeddable":true,"href":"https:\/\/pressactu.com\/index.php?rest_route=%2Fwp%2Fv2%2Ftags&post=124628"},{"taxonomy":"author","embeddable":true,"href":"https:\/\/pressactu.com\/index.php?rest_route=%2Fwp%2Fv2%2Fcoauthors&post=124628"}],"curies":[{"name":"wp","href":"https:\/\/api.w.org\/{rel}","templated":true}]}}