{"id":124620,"date":"2026-03-14T09:10:20","date_gmt":"2026-03-14T09:10:20","guid":{"rendered":"https:\/\/pressactu.com\/?p=124620"},"modified":"2026-03-14T09:10:20","modified_gmt":"2026-03-14T09:10:20","slug":"le-president-polonais-bloque-le-plan-de-financement-de-44-milliards-de-lunion-europeenne-pour-sa-defense","status":"publish","type":"post","link":"https:\/\/pressactu.com\/?p=124620","title":{"rendered":"Le pr\u00e9sident polonais bloque le plan de financement de 44\u00a0milliards de l\u2019Union europ\u00e9enne pour sa d\u00e9fense"},"content":{"rendered":"<p>\n                                                                    <span class=\"article-full__chapo-label hide-on-small-only\">l&#8217;essentiel<\/span><br \/>\n                                                                Le programme europ\u00e9en Safe cristallise les tensions politiques en Pologne. Le veto du pr\u00e9sident nationaliste bloque 44\u00a0milliards d\u2019euros d\u2019argent de l\u2019UE destin\u00e9s \u00e0 la d\u00e9fense, mais le gouvernement pro-europ\u00e9en esp\u00e8re pouvoir contourner ce blocage.\n                            <\/p>\n<div rel=\"js-article-content\">\n                                                                                                                                                            <!-- Pub DFP Position [outstream] --><\/p>\n<p>Le gouvernement pro-europ\u00e9en de la\u00a0Pologne\u00a0a d\u00e9nonc\u00e9 ce jeudi 12\u00a0mars &#8220;un acte de trahison&#8221;\u00a0apr\u00e8s le veto du pr\u00e9sident nationaliste \u00e0 la participation de Varsovie au programme Safe de l\u2019UE cens\u00e9 lui apporter des dizaines de milliards d\u2019euros sous forme de pr\u00eats afin de renforcer sa d\u00e9fense. Il permettra de\u00a0financer l\u2019effort de d\u00e9fense pour\u00a0ses fronti\u00e8res orientales.<\/p>\n<p><!-- Pub DFP Position [article] --><\/p>\n<h2 class=\"txt-int\" data-module=\"article-paragraph\">44\u00a0milliards d\u2019euros pour la\u00a0Pologne avec Safe<\/h2>\n<p>Voisine de la Russie, du B\u00e9larus et de l\u2019Ukraine, la\u00a0Pologne\u00a0a massivement investi ces derni\u00e8res ann\u00e9es dans la modernisation de ses forces arm\u00e9es et de son industrie de d\u00e9fense, mobilisant des milliards de zlotys (la monnaie polonaise) pour contrer une \u00e9ventuelle menace russe.<\/p>\n<p class=\"std-elt__inline\">\n        <strong>\u00c0 lire aussi :<\/strong><br \/>\n        <a href=\"\/2026\/03\/10\/guerre-en-ukraine-lonu-accuse-la-russie-de-crimes-contre-lhumanite-pour-les-deportations-forcees-de-milliers-denfants-ukrainiens-13265120.php\">Guerre en Ukraine\u00a0: L\u2019ONU accuse la Russie de &#8220;crimes contre l\u2019humanit\u00e9&#8221; pour les d\u00e9portations forc\u00e9es de milliers d\u2019enfants ukrainiens<\/a>\n    <\/p>\n<p>En 2026, ses d\u00e9penses militaires doivent d\u00e9passer 4,8\u00a0% du PIB, faisant de son budget l\u2019un des plus \u00e9lev\u00e9s de l\u2019Otan. Pour acc\u00e9l\u00e9rer encore la modernisation, le gouvernement de Donald Tusk mise sur le vaste programme europ\u00e9en Safe, dot\u00e9 de 150\u00a0milliards d\u2019euros, dont environ 44\u00a0milliards d\u2019euros pour la seule\u00a0Pologne.<\/p>\n<h2 class=\"txt-int\" data-module=\"article-paragraph\">Un cheval de Troie de Bruxelles pour\u00a0les conservateurs polonais<\/h2>\n<p>Safe a d\u00e9j\u00e0 \u00e9t\u00e9 approuv\u00e9 par le Parlement, mais le pr\u00e9sident\u00a0Karol Nawrocki, un historien de formation \u00e9lu en juin\u00a02025 avec l\u2019appui du parti ultraconservateur Droit et Justice (PiS, opposition), a annonc\u00e9 jeudi soir qu\u2019il y mettait son veto.<\/p>\n<p>&#8220;Je ne signerai en effet jamais une loi qui porte atteinte \u00e0 notre souverainet\u00e9, \u00e0 notre ind\u00e9pendance, ainsi qu\u2019\u00e0 notre s\u00e9curit\u00e9 \u00e9conomique et militaire&#8221;, a d\u00e9clar\u00e9 Karol Nawrocki lors d\u2019une allocution t\u00e9l\u00e9vis\u00e9e. <a href=\"https:\/\/www.ladepeche.fr\/2025\/06\/02\/nouveau-president-en-pologne-admirateur-de-trump-anti-immigration-ex-hooligan-qui-est-le-nationaliste-karol-nawrocki-12735157.php\" target=\"_self\">Karol Nawrocki <\/a>et le PiS voient dans le programme Safe un cheval de Troie permettant \u00e0 Bruxelles \u2013 et \u00e0 Berlin, toujours per\u00e7u comme le voisin dominateur par une partie de la droite \u2013 d\u2019exercer une pression sur Varsovie, notamment par un m\u00e9canisme de contr\u00f4le de l\u2019allocation des fonds. Selon lui, Safe risque aussi d\u2019endetter les Polonais &#8220;pour des g\u00e9n\u00e9rations&#8221;.<\/p>\n<p class=\"std-elt__inline\">\n        <strong>\u00c0 lire aussi :<\/strong><br \/>\n        <a href=\"\/2025\/12\/13\/menace-de-guerre-en-europe-lallemagne-va-envoyer-des-soldats-en-pologne-pour-renforcer-la-frontiere-orientale-du-pays-13108763.php\">Menace de guerre en Europe\u00a0: l\u2019Allemagne va envoyer des soldats en Pologne pour renforcer la fronti\u00e8re orientale du pays<\/a>\n    <\/p>\n<h2 class=\"txt-int\" data-module=\"article-paragraph\">&#8220;Un acte de trahison nationale&#8221;<\/h2>\n<p>Apr\u00e8s des semaines de pol\u00e9mique, le gouvernement a violemment r\u00e9agi jeudi soir \u00e0 l\u2019annonce du veto pr\u00e9sidentiel. &#8220;Le pr\u00e9sident a perdu l\u2019occasion de se comporter en patriote. Une honte\u00a0!&#8221;, a \u00e9crit le chef du gouvernement\u00a0Donald Tusk\u00a0sur son compte X. Son porte-parole avait auparavant d\u00e9nonc\u00e9 &#8220;un acte de trahison nationale&#8221;.<\/p>\n<p>Ce vendredi, le gouvernement pro-europ\u00e9en du pays\u00a0s\u2019est engag\u00e9\u00a0\u00e0 tout de m\u00eame mettre en \u0153uvre le programme Safe\u00a0malgr\u00e9 le veto du pr\u00e9sident nationaliste.\u00a0L\u2019ex\u00e9cutif de\u00a0Donald Tusk\u00a0entend recourir \u00e0 un instrument financier existant \u2013 mais moins agile et avantageux que celui rejet\u00e9 le pr\u00e9sident \u2013 afin de s\u00e9curiser l\u2019utilisation int\u00e9grale des quelque 44\u00a0milliards d\u2019euros.<\/p>\n<\/p><\/div>\n<p><a href=\"https:\/\/www.ladepeche.fr\/2026\/03\/13\/le-president-polonais-bloque-le-plan-de-financement-de-44-milliards-de-lunion-europeenne-pour-sa-defense-13271133.php\">source<\/a><\/p>\n","protected":false},"excerpt":{"rendered":"<p>l&#8217;essentiel Le programme europ\u00e9en Safe cristallise les tensions politiques en Pologne. Le veto du pr\u00e9sident nationaliste bloque 44\u00a0milliards d\u2019euros d\u2019argent de l\u2019UE destin\u00e9s \u00e0 la d\u00e9fense, mais le gouvernement pro-europ\u00e9en esp\u00e8re pouvoir contourner ce blocage. Le gouvernement pro-europ\u00e9en de la\u00a0Pologne\u00a0a d\u00e9nonc\u00e9 ce jeudi 12\u00a0mars &#8220;un acte de trahison&#8221;\u00a0apr\u00e8s le veto du pr\u00e9sident nationaliste \u00e0 la [&hellip;]<\/p>\n","protected":false},"author":1,"featured_media":124621,"comment_status":"open","ping_status":"open","sticky":false,"template":"","format":"standard","meta":{"_monsterinsights_skip_tracking":false,"_monsterinsights_sitenote_active":false,"_monsterinsights_sitenote_note":"","_monsterinsights_sitenote_category":0,"footnotes":""},"categories":[1],"tags":[],"coauthors":[77],"class_list":["post-124620","post","type-post","status-publish","format-standard","has-post-thumbnail","hentry","category-a-la-une"],"aioseo_notices":[],"_links":{"self":[{"href":"https:\/\/pressactu.com\/index.php?rest_route=\/wp\/v2\/posts\/124620","targetHints":{"allow":["GET"]}}],"collection":[{"href":"https:\/\/pressactu.com\/index.php?rest_route=\/wp\/v2\/posts"}],"about":[{"href":"https:\/\/pressactu.com\/index.php?rest_route=\/wp\/v2\/types\/post"}],"author":[{"embeddable":true,"href":"https:\/\/pressactu.com\/index.php?rest_route=\/wp\/v2\/users\/1"}],"replies":[{"embeddable":true,"href":"https:\/\/pressactu.com\/index.php?rest_route=%2Fwp%2Fv2%2Fcomments&post=124620"}],"version-history":[{"count":0,"href":"https:\/\/pressactu.com\/index.php?rest_route=\/wp\/v2\/posts\/124620\/revisions"}],"wp:featuredmedia":[{"embeddable":true,"href":"https:\/\/pressactu.com\/index.php?rest_route=\/wp\/v2\/media\/124621"}],"wp:attachment":[{"href":"https:\/\/pressactu.com\/index.php?rest_route=%2Fwp%2Fv2%2Fmedia&parent=124620"}],"wp:term":[{"taxonomy":"category","embeddable":true,"href":"https:\/\/pressactu.com\/index.php?rest_route=%2Fwp%2Fv2%2Fcategories&post=124620"},{"taxonomy":"post_tag","embeddable":true,"href":"https:\/\/pressactu.com\/index.php?rest_route=%2Fwp%2Fv2%2Ftags&post=124620"},{"taxonomy":"author","embeddable":true,"href":"https:\/\/pressactu.com\/index.php?rest_route=%2Fwp%2Fv2%2Fcoauthors&post=124620"}],"curies":[{"name":"wp","href":"https:\/\/api.w.org\/{rel}","templated":true}]}}