{"id":124618,"date":"2026-03-14T08:59:51","date_gmt":"2026-03-14T08:59:51","guid":{"rendered":"https:\/\/pressactu.com\/?p=124618"},"modified":"2026-03-14T08:59:51","modified_gmt":"2026-03-14T08:59:51","slug":"biathlete-francaise-et-militaire-elle-rend-hommage-au-soldat-francais-mort-en-irak-jespere-que-les-francais-se-rendent-compte-du-sacrifice","status":"publish","type":"post","link":"https:\/\/pressactu.com\/?p=124618","title":{"rendered":"Biathl\u00e8te fran\u00e7aise et militaire, elle rend hommage au soldat fran\u00e7ais mort en Irak\u00a0: &quot;J\u2019esp\u00e8re que les Fran\u00e7ais se rendent compte du sacrifice&quot;"},"content":{"rendered":"<p>\n                                                                    <span class=\"article-full__chapo-label hide-on-small-only\">l&#8217;essentiel<\/span><br \/>\n                                                                Apr\u00e8s la victoire de Julia Simon en biathlon lors d\u2019une \u00e9tape de Coupe du Monde, Sophie Chauveau a rendu hommage \u00e0 un soldat fran\u00e7ais tu\u00e9 en Irak, saluant le courage des militaires engag\u00e9s.\n                            <\/p>\n<div rel=\"js-article-content\">\n                                                                                                                                                            <!-- Pub DFP Position [outstream] --><\/p>\n<article data-scroll-anchor=\"true\" data-testid=\"conversation-turn-2\" data-turn=\"assistant\" data-turn-id=\"request-WEB:79ff9682-aba4-49d4-8fc3-9718bd02948c-0\" dir=\"auto\" tabindex=\"-1\">\n<p>\u00c0 l\u2019issue du sprint f\u00e9minin de 7,5\u00a0km disput\u00e9 ce vendredi \u00e0 Otep\u00e4\u00e4 lors de la Coupe du monde de biathlon, la biathl\u00e8te fran\u00e7aise Sophie Chauveau a tenu \u00e0 adresser un hommage fort \u00e0 l\u2019adjudant-chef\u00a0Arnaud Frion, militaire fran\u00e7ais r\u00e9cemment d\u00e9c\u00e9d\u00e9 lors d\u2019une attaque dans la r\u00e9gion d\u2019Erbil en Irak.<\/p>\n<p><!-- Pub DFP Position [article] --><\/p>\n<blockquote data-media-max-width=\"560\" data-class=\"twitter-tweet\">\n<p lang=\"fr\" dir=\"ltr\">La biathl\u00e8te tricolore Sophie Chauveau a tenu \u00e0 rendre hommage au militaire fran\u00e7ais mort en Irak dans le cadre de la guerre au Moyen-Orient <a href=\"https:\/\/t.co\/S3gVV0hv16\">pic.twitter.com\/S3gVV0hv16<\/a><\/p>\n<p>\u2014 la chaine L&#8217;\u00c9quipe (@lachainelequipe) <a href=\"https:\/\/twitter.com\/lachainelequipe\/status\/2032482934783967554?ref_src=twsrc%5Etfw\">March 13, 2026<\/a><\/p><\/blockquote>\n<p>&#8220;Aujourd\u2019hui, on vient d\u2019apprendre, nous en tant que citoyens fran\u00e7ais, et particuli\u00e8rement en tant que membres des \u00e9quipes de France militaire, la perte d\u2019un soldat&#8221;, a d\u00e9clar\u00e9 la biathl\u00e8te tricolore, <a href=\"https:\/\/www.terre.defense.gouv.fr\/en\/node\/1218\" target=\"_self\">qui occupe le grade de Sergent dans l\u2019Arm\u00e9e de Terre.<\/a><\/p>\n<p>Un moment grave dans un contexte sportif habituellement centr\u00e9 sur la performance. Touch\u00e9e par cette disparition, la Fran\u00e7aise a souhait\u00e9 \u00e9largir son message \u00e0 l\u2019ensemble des militaires engag\u00e9s sur les terrains d\u2019op\u00e9ration. &#8220;\u00c7a nous touche tous et j\u2019esp\u00e8re que tous les citoyens fran\u00e7ais se rendent compte du sacrifice des soldats qui sont sur le terrain&#8221;, a poursuivi la Haut-Savoyarde d\u2019adoption.<\/p>\n<p class=\"std-elt__inline\">\n        <strong>\u00c0 lire aussi :<\/strong><br \/>\n        <a href=\"\/2026\/03\/09\/biathlon-ce-ne-sont-pas-les-etrangers-qui-ont-roule-emilien-jacquelin-critique-les-autres-francais-il-est-recadre-par-son-entraineur-13262178.php\">Biathlon\u00a0: &#8220;Ce ne sont pas les \u00e9trangers qui ont roul\u00e9&#8221;\u2026 Emilien Jacquelin critique les autres Fran\u00e7ais, il est recadr\u00e9 par son entra\u00eeneur<\/a>\n    <\/p>\n<p>La biathl\u00e8te a \u00e9galement eu une pens\u00e9e pour les soldats bless\u00e9s lors de cette op\u00e9ration et qui ont \u00e9t\u00e9 rapatri\u00e9s. &#8220;Toutes mes pens\u00e9es vont \u00e0 ce soldat, et aussi aux autres qui sont rapatri\u00e9s parce qu\u2019ils ont \u00e9t\u00e9 bless\u00e9s&#8221;, a-t-elle ajout\u00e9. Sophie Chauveau aussi\u00a0adress\u00e9e ses condol\u00e9ances \u00e0 la famille du militaire disparu. &#8220;Je tenais \u00e0 le remercier et toutes mes condol\u00e9ances \u00e0 sa famille&#8221;, a-t-elle conclu, visiblement \u00e9mue.<\/p>\n<article data-scroll-anchor=\"true\" data-testid=\"conversation-turn-6\" data-turn=\"assistant\" data-turn-id=\"request-WEB:79ff9682-aba4-49d4-8fc3-9718bd02948c-2\" dir=\"auto\" tabindex=\"-1\">\n<p class=\"std-elt__inline\">\n        <strong>\u00c0 lire aussi :<\/strong><br \/>\n        <a href=\"\/2026\/02\/25\/biathlon-raquettes-motoneige-avant-le-match-au-stade-toulousain-les-joueurs-de-lus-montauban-prennent-de-laltitude-13244626.php\">Biathlon, raquettes, motoneige\u00a0: avant le match au Stade Toulousain, les joueurs de l\u2019US Montauban prennent de l\u2019altitude<\/a>\n    <\/p>\n<p>C\u00f4t\u00e9 sportif, les Fran\u00e7aises ont \u00e9galement r\u00e9pondu pr\u00e9sentent. La victoire est revenue \u00e0 Julia Simon, qui s\u2019est impos\u00e9e avec une prestation\u00a0solide, devant l\u2019Italienne Lisa Vittozzi. Gr\u00e2ce \u00e0 un dernier tour tr\u00e8s rapide, Lou Jeanmonnot a arrach\u00e9 la 3e\u00a0place du podium, confirmant la belle dynamique tricolore sur cette \u00e9tape estonienne. Une autre Fran\u00e7aise s\u2019est illustr\u00e9e avec la 5e place Oc\u00e9ane Michelon. Pour sa part, Sophie Chauveau a termin\u00e9 \u00e0 la 37e place.<\/p>\n<\/article>\n<\/article><\/div>\n<p><script async src=\"\/\/platform.twitter.com\/widgets.js\" charset=\"utf-8\"><\/script><br \/><a href=\"https:\/\/www.ladepeche.fr\/2026\/03\/13\/biathlete-francaise-et-militaire-elle-rend-hommage-au-soldat-francais-mort-en-irak-jespere-que-les-francais-se-rendent-compte-du-sacrifice-13270952.php\">source<\/a><\/p>\n","protected":false},"excerpt":{"rendered":"<p>l&#8217;essentiel Apr\u00e8s la victoire de Julia Simon en biathlon lors d\u2019une \u00e9tape de Coupe du Monde, Sophie Chauveau a rendu hommage \u00e0 un soldat fran\u00e7ais tu\u00e9 en Irak, saluant le courage des militaires engag\u00e9s. \u00c0 l\u2019issue du sprint f\u00e9minin de 7,5\u00a0km disput\u00e9 ce vendredi \u00e0 Otep\u00e4\u00e4 lors de la Coupe du monde de biathlon, la [&hellip;]<\/p>\n","protected":false},"author":1,"featured_media":124619,"comment_status":"open","ping_status":"open","sticky":false,"template":"","format":"standard","meta":{"_monsterinsights_skip_tracking":false,"_monsterinsights_sitenote_active":false,"_monsterinsights_sitenote_note":"","_monsterinsights_sitenote_category":0,"footnotes":""},"categories":[71],"tags":[],"coauthors":[77],"class_list":["post-124618","post","type-post","status-publish","format-standard","has-post-thumbnail","hentry","category-sport"],"aioseo_notices":[],"_links":{"self":[{"href":"https:\/\/pressactu.com\/index.php?rest_route=\/wp\/v2\/posts\/124618","targetHints":{"allow":["GET"]}}],"collection":[{"href":"https:\/\/pressactu.com\/index.php?rest_route=\/wp\/v2\/posts"}],"about":[{"href":"https:\/\/pressactu.com\/index.php?rest_route=\/wp\/v2\/types\/post"}],"author":[{"embeddable":true,"href":"https:\/\/pressactu.com\/index.php?rest_route=\/wp\/v2\/users\/1"}],"replies":[{"embeddable":true,"href":"https:\/\/pressactu.com\/index.php?rest_route=%2Fwp%2Fv2%2Fcomments&post=124618"}],"version-history":[{"count":0,"href":"https:\/\/pressactu.com\/index.php?rest_route=\/wp\/v2\/posts\/124618\/revisions"}],"wp:featuredmedia":[{"embeddable":true,"href":"https:\/\/pressactu.com\/index.php?rest_route=\/wp\/v2\/media\/124619"}],"wp:attachment":[{"href":"https:\/\/pressactu.com\/index.php?rest_route=%2Fwp%2Fv2%2Fmedia&parent=124618"}],"wp:term":[{"taxonomy":"category","embeddable":true,"href":"https:\/\/pressactu.com\/index.php?rest_route=%2Fwp%2Fv2%2Fcategories&post=124618"},{"taxonomy":"post_tag","embeddable":true,"href":"https:\/\/pressactu.com\/index.php?rest_route=%2Fwp%2Fv2%2Ftags&post=124618"},{"taxonomy":"author","embeddable":true,"href":"https:\/\/pressactu.com\/index.php?rest_route=%2Fwp%2Fv2%2Fcoauthors&post=124618"}],"curies":[{"name":"wp","href":"https:\/\/api.w.org\/{rel}","templated":true}]}}