{"id":124616,"date":"2026-03-14T08:50:33","date_gmt":"2026-03-14T08:50:33","guid":{"rendered":"https:\/\/pressactu.com\/?p=124616"},"modified":"2026-03-14T08:50:33","modified_gmt":"2026-03-14T08:50:33","slug":"un-equilibre-delicat-le-departement-du-gers-adopte-son-budget-primitif-dans-un-contexte-dinstabilite","status":"publish","type":"post","link":"https:\/\/pressactu.com\/?p=124616","title":{"rendered":"&quot;Un \u00e9quilibre d\u00e9licat&quot;\u00a0: le D\u00e9partement du Gers adopte son budget primitif dans un contexte d\u2019instabilit\u00e9"},"content":{"rendered":"<p>\n                                                                    <span class=\"article-full__chapo-label hide-on-small-only\">l&#8217;essentiel<\/span><br \/>\n                                                                Le budget pour l\u2019ann\u00e9e 2026 a \u00e9t\u00e9 vot\u00e9 ce vendredi 13\u00a0mars par les \u00e9lus d\u00e9partementaux. Il affiche un \u00e9quilibre \u00e0 392,9\u00a0millions d\u2019euros. Entre rigueur impos\u00e9e et maintien de l\u2019investissement, le D\u00e9partement consacre plus de la moiti\u00e9 de ses d\u00e9penses \u00e0 l\u2019action sociale et \u00e0 la solidarit\u00e9.\n                            <\/p>\n<div rel=\"js-article-content\" data-state=\"fixed-height\" data-selection=\"disabled\">\n                                                                                                                                                            <!-- Pub DFP Position [outstream] --><\/p>\n<p>&#8220;Ce budget traduit un \u00e9quilibre d\u00e9licat. Il vise \u00e0 pr\u00e9server nos missions essentielles, en particularit\u00e9 en mati\u00e8re de solidarit\u00e9, tout en maintenant un effort d\u2019investissement n\u00e9cessaire au d\u00e9veloppement du territoire.&#8221; Avant de donner la parole \u00e0 Lydie Toison, la rapporteure du budget, le pr\u00e9sident du conseil d\u00e9partemental, Philippe Dupouy, rappelle, ce vendredi 13\u00a0mars, lors de la s\u00e9ance du conseil d\u00e9partemental, les conditions de pr\u00e9paration\u00a0du budget primitif de la collectivit\u00e9 pour 2026.<\/p>\n<p><!-- Pub DFP Position [article] --><\/p>\n<p>&#8220;Ce budget a \u00e9t\u00e9 \u00e9labor\u00e9 dans un contexte national et international particuli\u00e8rement instable. La loi de finances n\u2019a \u00e9t\u00e9 adopt\u00e9e que le 2\u00a0f\u00e9vrier dernier, apr\u00e8s de longs mois de d\u00e9bats et le recours \u00e0 l\u2019article\u00a049.3.&#8221; L\u2019effort demand\u00e9 aux collectivit\u00e9s a \u00e9t\u00e9 all\u00e9g\u00e9 mais elles &#8220;sont toujours appel\u00e9es \u00e0 participer au redressement des finances publiques nationales. Pour les d\u00e9partements, cette situation se traduit par des budgets fortement contraints.&#8221; Pour autant, le Gers b\u00e9n\u00e9ficiera du Fonds de sauvegarde mis en place par l\u2019\u00c9tat, un dispositif destin\u00e9 \u00e0 soutenir les collectivit\u00e9s les plus expos\u00e9es aux tensions budg\u00e9taires.<\/p>\n<h2 class=\"txt-int\">Un \u00e9quilibre \u00e0 392,9\u00a0millions d\u2019euros<\/h2>\n<p>Le budget pr\u00e9sent\u00e9 par Lydie Toison &#8220;s\u2019inscrit dans la d\u00e9fense du service public&#8221;. Il s\u2019\u00e9quilibre \u00e0 392,9\u00a0millions d\u2019euros en d\u00e9penses et en recettes. Les d\u00e9penses de fonctionnement atteignent, pour 2026, 297,8\u00a0millions d\u2019euros. &#8220;L\u2019action sociale repr\u00e9sente 56\u00a0% de ces d\u00e9penses, illustrant le poids des missions de solidarit\u00e9 dans la politique d\u00e9partementale&#8221;, indique la rapporteure.<\/p>\n<p>Si la ma\u00eetrise des d\u00e9penses de fonctionnement et le maintien d\u2019un niveau minimal d\u2019\u00e9pargne constituent d\u2019un enjeu central, &#8220;l\u2019investissement demeure une priorit\u00e9&#8221;, assure Philippe Dupouy. Les d\u00e9penses atteindront plus de 95\u00a0millions d\u2019euros, pour &#8220;poursuivre les grands projets structurants du territoire, notamment les infrastructures routi\u00e8res.&#8221;<\/p>\n<h2 class=\"txt-int\">L\u2019opposition s\u2019abstient<\/h2>\n<p>Dans l\u2019opposition, Isabelle Tintan\u00e9, pr\u00e9sidente du groupe Le Gers autrement, &#8220;constate des efforts de ma\u00eetrise, une volont\u00e9 de stabilisation et un souci d\u2019\u00e9quilibre. Le budget pr\u00e9sent\u00e9 traduit, dans une certaine mesure, une forme de retour \u00e0 la prudence financi\u00e8re. Ce n\u2019\u00e9tait pas toujours aussi perceptible au cours des ann\u00e9es pr\u00e9c\u00e9dentes.&#8221;<\/p>\n<p>Pourtant, si elle reconna\u00eet que la &#8220;rigueur budg\u00e9taire semble s\u2019imposer, nous ne pouvons que regretter qu\u2019il ait fallu attendre d\u2019y \u00eatre contraint pour l\u2019adopter pleinement.&#8221; Adoptant une position &#8220;responsable&#8221;, trois \u00e9lus du groupe d\u2019opposition d\u00e9cident de ne pas voter contre le budget primitif mais choisissent de ne pas l\u2019approuver et s\u2019abstiennent\u00a0; tous les autres conseillers d\u00e9partementaux votent, eux, pour ce budget primitif.<\/p>\n<div class=\"std-frame\">\n<h2 class=\"encart_titre\">Quelques chiffres<\/h2>\n<div class=\"encart_texte\">\n<p>Le budget s\u2019\u00e9quilibre \u00e0 392,9\u00a0millions d\u2019euros, dont 297,84\u00a0millions pour les d\u00e9penses de fonctionnement et 95\u00a0millions pour les d\u00e9penses d\u2019investissement.<\/p>\n<p>L\u2019action sociale repr\u00e9sente 56\u00a0% des d\u00e9penses de fonctionnement, pour un budget de 163,4\u00a0millions d\u2019euros. Les principales d\u00e9penses concernent la protection de l\u2019enfance (46,10\u00a0M\u20ac), l\u2019accompagnement de la perte d\u2019autonomie des personnes \u00e2g\u00e9es et des personnes en situation de handicap (86,40\u00a0M\u20ac) et la lutte contre la pauvret\u00e9 et l\u2019insertion (30,50\u00a0M\u20ac).<\/p>\n<p>Dans ce budget, 5\u00a0M\u20ac sont d\u00e9di\u00e9s \u00e0 la transition \u00e9cologique, la solidarit\u00e9 pour les territoires et la croissance verte, 55,20\u00a0M\u20ac aux infrastructures de transport et nouvelles mobilit\u00e9s, 9\u00a0M\u20ac pour les coll\u00e8ges et la jeunesse, 3\u00a0M\u20ac \u00e0 la culture et au tourisme, 4,60\u00a0M\u20ac \u00e0 l\u2019agriculture, l\u2019alimentation et l\u2019eau et 1,27\u00a0M\u20ac aux politiques sportives, \u00e0 la jeunesse et l\u2019engagement citoyen.<\/p>\n<\/div>\n<\/div><\/div>\n<p><a href=\"https:\/\/www.ladepeche.fr\/2026\/03\/13\/un-equilibre-delicat-le-departement-du-gers-adopte-son-budget-primitif-dans-un-contexte-dinstabilite-13266455.php\">source<\/a><\/p>\n","protected":false},"excerpt":{"rendered":"<p>l&#8217;essentiel Le budget pour l\u2019ann\u00e9e 2026 a \u00e9t\u00e9 vot\u00e9 ce vendredi 13\u00a0mars par les \u00e9lus d\u00e9partementaux. Il affiche un \u00e9quilibre \u00e0 392,9\u00a0millions d\u2019euros. Entre rigueur impos\u00e9e et maintien de l\u2019investissement, le D\u00e9partement consacre plus de la moiti\u00e9 de ses d\u00e9penses \u00e0 l\u2019action sociale et \u00e0 la solidarit\u00e9. &#8220;Ce budget traduit un \u00e9quilibre d\u00e9licat. Il vise [&hellip;]<\/p>\n","protected":false},"author":1,"featured_media":124617,"comment_status":"open","ping_status":"open","sticky":false,"template":"","format":"standard","meta":{"_monsterinsights_skip_tracking":false,"_monsterinsights_sitenote_active":false,"_monsterinsights_sitenote_note":"","_monsterinsights_sitenote_category":0,"footnotes":""},"categories":[74],"tags":[],"coauthors":[77],"class_list":["post-124616","post","type-post","status-publish","format-standard","has-post-thumbnail","hentry","category-economie"],"aioseo_notices":[],"_links":{"self":[{"href":"https:\/\/pressactu.com\/index.php?rest_route=\/wp\/v2\/posts\/124616","targetHints":{"allow":["GET"]}}],"collection":[{"href":"https:\/\/pressactu.com\/index.php?rest_route=\/wp\/v2\/posts"}],"about":[{"href":"https:\/\/pressactu.com\/index.php?rest_route=\/wp\/v2\/types\/post"}],"author":[{"embeddable":true,"href":"https:\/\/pressactu.com\/index.php?rest_route=\/wp\/v2\/users\/1"}],"replies":[{"embeddable":true,"href":"https:\/\/pressactu.com\/index.php?rest_route=%2Fwp%2Fv2%2Fcomments&post=124616"}],"version-history":[{"count":0,"href":"https:\/\/pressactu.com\/index.php?rest_route=\/wp\/v2\/posts\/124616\/revisions"}],"wp:featuredmedia":[{"embeddable":true,"href":"https:\/\/pressactu.com\/index.php?rest_route=\/wp\/v2\/media\/124617"}],"wp:attachment":[{"href":"https:\/\/pressactu.com\/index.php?rest_route=%2Fwp%2Fv2%2Fmedia&parent=124616"}],"wp:term":[{"taxonomy":"category","embeddable":true,"href":"https:\/\/pressactu.com\/index.php?rest_route=%2Fwp%2Fv2%2Fcategories&post=124616"},{"taxonomy":"post_tag","embeddable":true,"href":"https:\/\/pressactu.com\/index.php?rest_route=%2Fwp%2Fv2%2Ftags&post=124616"},{"taxonomy":"author","embeddable":true,"href":"https:\/\/pressactu.com\/index.php?rest_route=%2Fwp%2Fv2%2Fcoauthors&post=124616"}],"curies":[{"name":"wp","href":"https:\/\/api.w.org\/{rel}","templated":true}]}}