{"id":124612,"date":"2026-03-14T07:30:09","date_gmt":"2026-03-14T07:30:09","guid":{"rendered":"https:\/\/pressactu.com\/?p=124612"},"modified":"2026-03-14T07:30:09","modified_gmt":"2026-03-14T07:30:09","slug":"mort-de-quentin-deranque-yael-braun-pivet-se-dit-choquee-mais-assume-la-minute-de-silence-apres-la-revelation-de-propos-racistes-du-militant","status":"publish","type":"post","link":"https:\/\/pressactu.com\/?p=124612","title":{"rendered":"Mort de Quentin Deranque\u00a0: Ya\u00ebl Braun-Pivet se dit &quot;choqu\u00e9e&quot; mais assume la minute de silence, apr\u00e8s la r\u00e9v\u00e9lation de propos racistes du militant"},"content":{"rendered":"<p>\n                                                                    <span class=\"article-full__chapo-label hide-on-small-only\">l&#8217;essentiel<\/span><br \/>\n                                                                Ya\u00ebl Braun-Pivet s\u2019est dit &#8220;choqu\u00e9e&#8221; par les publications sur X du militant d\u2019extr\u00eame droite Quentin Deranque qui ont refait surface apr\u00e8s la publication d\u2019un article de M\u00e9diapart. La minute de silence en son hommage \u00e0 l\u2019Assembl\u00e9e suscite d\u00e9sormais le malaise.\n                            <\/p>\n<div rel=\"js-article-content\">\n                                                                                                                                                            <!-- Pub DFP Position [outstream] --><\/p>\n<p>Apr\u00e8s la r\u00e9v\u00e9lation par <a href=\"https:\/\/www.mediapart.fr\/journal\/france\/120326\/quentin-deranque-catholique-traditionaliste-la-ville-et-neonazi-en-ligne\" target=\"_blank\"><em>Mediapart<\/em><\/a> des <a href=\"https:\/\/www.ladepeche.fr\/2026\/03\/13\/mort-de-quentin-deranque-a-lyon-moi-je-soutiens-adolf-mais-chacun-son-truc-sur-x-le-militant-identitaire-multipliait-les-publications-fascistes-et-13270098.php\" target=\"_self\">messages racistes ou antis\u00e9mites \u00e9crits par Quentin Deranque<\/a>, Ya\u00ebl Braun-Pivet s\u2019est dites\u00a0&#8220;bien \u00e9videmment choqu\u00e9e&#8221;, a fait savoir ce vendredi 13\u00a0mars l\u2019entourage de la pr\u00e9sidente de l\u2019Assembl\u00e9e nationale.<\/p>\n<p><!-- Pub DFP Position [article] --><\/p>\n<h2 class=\"txt-int\" data-module=\"article-paragraph\">&#8220;Moi je soutiens Adolf mais chacun son truc&#8221;<\/h2>\n<p>Selon <em>Mediapart<\/em>, Quentin Deranque a publi\u00e9 de nombreux messages sur la plateforme X via trois comptes anonymes, au moins ces deux derni\u00e8res ann\u00e9es, faisant tant\u00f4t l\u2019apologie du nazisme, s\u2019en prenant aux &#8220;millions d\u2019Arabes et de Noirs pr\u00e9sents sur le sol fran\u00e7ais&#8221;, ou encore qualifiant l\u2019ancienne ministre Simone Veil de &#8220;salope meurtri\u00e8re&#8221; pour avoir fait voter la l\u00e9galisation de l\u2019avortement.<\/p>\n<p>&#8220;Moi je soutiens Adolf mais chacun son truc&#8221;, \u00e9crit-il aussi par exemple en juillet\u00a02024, selon le site d\u2019information. L\u2019AFP n\u2019a pas \u00e9t\u00e9 en mesure de v\u00e9rifier ind\u00e9pendamment les propos attribu\u00e9s \u00e0 Quentin Deranque.<\/p>\n<p class=\"std-elt__inline\">\n        <strong>\u00c0 lire aussi :<\/strong><br \/>\n        <a href=\"\/2026\/03\/13\/mort-de-quentin-deranque-a-lyon-moi-je-soutiens-adolf-mais-chacun-son-truc-sur-x-le-militant-identitaire-multipliait-les-publications-fascistes-et-13270098.php\">Mort de Quentin Deranque \u00e0 Lyon\u00a0: &#8220;Moi je soutiens Adolf, mais chacun son truc&#8221;\u2026 sur X, le militant identitaire multipliait les publications fascistes et nazies<\/a>\n    <\/p>\n<h2 class=\"txt-int\" data-module=\"article-paragraph\">&#8220;Quentin Deranque a \u00e9t\u00e9 une victime mais il ne sera jamais un h\u00e9ros&#8221;<\/h2>\n<p>Face \u00e0 ces propos, Ya\u00ebl\u00a0Braun-Pivet est &#8220;bien \u00e9videmment choqu\u00e9e&#8221;. Mais &#8220;rendre hommage \u00e0 un jeune homme tu\u00e9 de mani\u00e8re violente ne veut pas dire que l\u2019Assembl\u00e9e&#8221; les &#8220;approuve&#8221;, fait valoir l\u2019entourage de la pr\u00e9sidente.<\/p>\n<p>Sur X, le\u00a0secr\u00e9taire du PS Olivier Faure, rappelle que &#8220;le d\u00e9bat politique ne devrait jamais conduire \u00e0 la mort de quiconque&#8221;, mais\u00a0fustige\u00a0\u00e9galement\u00a0la\u00a0droite et l\u2019extr\u00eame droite qui ont &#8220;cherch\u00e9 \u00e0 transformer en h\u00e9ros un jeune n\u00e9onazi&#8221;\u00a0: &#8220;Quentin Deranque a \u00e9t\u00e9 une victime mais il ne sera jamais un h\u00e9ros&#8221;, a-t-il ajout\u00e9.<\/p>\n<p class=\"std-elt__inline\">\n        <strong>\u00c0 lire aussi :<\/strong><br \/>\n        <a href=\"\/2026\/03\/05\/mort-de-quentin-deranque-sil-ne-veut-pas-de-probleme-avec-la-police-il-faut-quil-parte-une-nouvelle-video-de-la-victime-devoilee-juste-apres-la-rixe-13257049.php\">Mort de Quentin Deranque\u00a0: &#8220;S\u2019il ne veut pas de probl\u00e8me avec la police, il faut qu\u2019il parte&#8221;, une nouvelle vid\u00e9o de la victime d\u00e9voil\u00e9e juste apr\u00e8s la rixe<\/a>\n    <\/p>\n<p>Du c\u00f4t\u00e9 du Rassemblement national, le vice-pr\u00e9sident du parti d\u00e9clare \u00e0\u00a0<a href=\"https:\/\/www.liberation.fr\/politique\/les-revelations-sur-lideologie-neonazie-de-quentin-deranque-mettent-lassemblee-nationale-dans-lembarras-20260313_AYXMPL47ZVGGTOJUFH3GX6NR5I\/\" target=\"_blank\"><em>Lib\u00e9ration<\/em><\/a>\u00a0que &#8220;si ce type d\u2019engagement \u00e9tait confirm\u00e9 et\u00a0ou si ce type de propos l\u2019\u00e9taient tout autant, ils m\u2019am\u00e8neraient \u00e0 reconsid\u00e9rer mon propos \u00e9videmment&#8221;. Le d\u00e9put\u00e9 avait prononc\u00e9 un discours o\u00f9 il affirmait que le militant avait &#8220;laiss\u00e9 sa vie pour d\u00e9fendre des id\u00e9es [\u2026] pour en r\u00e9alit\u00e9 d\u00e9fendre nos id\u00e9es, ou d\u00e9fendre plut\u00f4t l\u2019id\u00e9e qu\u2019il se faisait de notre pays&#8221;.<\/p>\n<h2 class=\"txt-int\" data-module=\"article-paragraph\">Une minute de silence \u00e0 l\u2019Assembl\u00e9e<\/h2>\n<p>Une minute de silence avait effectivement \u00e9t\u00e9 observ\u00e9e le 17\u00a0f\u00e9vrier dans l\u2019h\u00e9micycle du Palais Bourbon, cinq jours apr\u00e8s l\u2019agression mortelle de Quentin Deranque. &#8220;Une d\u00e9cision collective, prise \u00e0 l\u2019unanimit\u00e9 par la conf\u00e9rence des pr\u00e9sidents&#8221; de l\u2019Assembl\u00e9e, qui r\u00e9unit notamment les pr\u00e9sidents de groupes et de commission, \u00e0 la suite d\u2019une proposition du patron des d\u00e9put\u00e9s UDR, Eric Ciotti, et &#8220;dans un contexte de grand \u00e9moi&#8221;, a rappel\u00e9 l\u2019entourage de Ya\u00ebl Braun-Pivet.<\/p>\n<p><a href=\"https:\/\/www.ladepeche.fr\/2026\/03\/06\/mort-de-quentin-deranque-deux-nouvelles-personnes-agees-de-22-et-26-ans-mises-en-examen-et-places-en-detention-provisoire-13259052.php\" target=\"_self\">Neuf personnes ont depuis \u00e9t\u00e9 mises en examen et \u00e9crou\u00e9es <\/a>dans le cadre de cette affaire et sont, selon une source proche du dossier, &#8220;connues pour \u00eatre soit membres, soit proches&#8221; de la Jeune Garde Antifasciste, un mouvement d\u2019ultragauche fond\u00e9 en 2018 par le d\u00e9put\u00e9 LFI, Rapha\u00ebl Arnault, et dissous en juin.<\/p>\n<\/p><\/div>\n<p><a href=\"https:\/\/www.ladepeche.fr\/2026\/03\/13\/mort-de-quentin-deranque-yael-braun-pivet-se-dit-choquee-mais-assume-la-minute-de-silence-apres-la-revelation-de-propos-racistes-du-militant-13271216.php\">source<\/a><\/p>\n","protected":false},"excerpt":{"rendered":"<p>l&#8217;essentiel Ya\u00ebl Braun-Pivet s\u2019est dit &#8220;choqu\u00e9e&#8221; par les publications sur X du militant d\u2019extr\u00eame droite Quentin Deranque qui ont refait surface apr\u00e8s la publication d\u2019un article de M\u00e9diapart. La minute de silence en son hommage \u00e0 l\u2019Assembl\u00e9e suscite d\u00e9sormais le malaise. Apr\u00e8s la r\u00e9v\u00e9lation par Mediapart des messages racistes ou antis\u00e9mites \u00e9crits par Quentin Deranque, [&hellip;]<\/p>\n","protected":false},"author":1,"featured_media":124613,"comment_status":"open","ping_status":"open","sticky":false,"template":"","format":"standard","meta":{"_monsterinsights_skip_tracking":false,"_monsterinsights_sitenote_active":false,"_monsterinsights_sitenote_note":"","_monsterinsights_sitenote_category":0,"footnotes":""},"categories":[1],"tags":[],"coauthors":[77],"class_list":["post-124612","post","type-post","status-publish","format-standard","has-post-thumbnail","hentry","category-a-la-une"],"aioseo_notices":[],"_links":{"self":[{"href":"https:\/\/pressactu.com\/index.php?rest_route=\/wp\/v2\/posts\/124612","targetHints":{"allow":["GET"]}}],"collection":[{"href":"https:\/\/pressactu.com\/index.php?rest_route=\/wp\/v2\/posts"}],"about":[{"href":"https:\/\/pressactu.com\/index.php?rest_route=\/wp\/v2\/types\/post"}],"author":[{"embeddable":true,"href":"https:\/\/pressactu.com\/index.php?rest_route=\/wp\/v2\/users\/1"}],"replies":[{"embeddable":true,"href":"https:\/\/pressactu.com\/index.php?rest_route=%2Fwp%2Fv2%2Fcomments&post=124612"}],"version-history":[{"count":0,"href":"https:\/\/pressactu.com\/index.php?rest_route=\/wp\/v2\/posts\/124612\/revisions"}],"wp:featuredmedia":[{"embeddable":true,"href":"https:\/\/pressactu.com\/index.php?rest_route=\/wp\/v2\/media\/124613"}],"wp:attachment":[{"href":"https:\/\/pressactu.com\/index.php?rest_route=%2Fwp%2Fv2%2Fmedia&parent=124612"}],"wp:term":[{"taxonomy":"category","embeddable":true,"href":"https:\/\/pressactu.com\/index.php?rest_route=%2Fwp%2Fv2%2Fcategories&post=124612"},{"taxonomy":"post_tag","embeddable":true,"href":"https:\/\/pressactu.com\/index.php?rest_route=%2Fwp%2Fv2%2Ftags&post=124612"},{"taxonomy":"author","embeddable":true,"href":"https:\/\/pressactu.com\/index.php?rest_route=%2Fwp%2Fv2%2Fcoauthors&post=124612"}],"curies":[{"name":"wp","href":"https:\/\/api.w.org\/{rel}","templated":true}]}}