{"id":124610,"date":"2026-03-14T07:18:39","date_gmt":"2026-03-14T07:18:39","guid":{"rendered":"https:\/\/pressactu.com\/?p=124610"},"modified":"2026-03-14T07:18:39","modified_gmt":"2026-03-14T07:18:39","slug":"la-ligue-de-football-abandonne-le-symbole-lgbtqia-cest-un-fiasco-de-a-a-z-la-colere-de-ouissem-belgacem-ancien-joueur-de-toulouse","status":"publish","type":"post","link":"https:\/\/pressactu.com\/?p=124610","title":{"rendered":"La Ligue de football abandonne le symbole LGBTQIA +\u00a0: &quot;C\u2019est un fiasco de A \u00e0 Z\u00a0!&quot; La col\u00e8re de Ouissem Belgacem, ancien joueur de Toulouse"},"content":{"rendered":"<p>\n                                                                    <span class=\"article-full__chapo-label hide-on-small-only\">l&#8217;essentiel<\/span><br \/>\n                                                                LFP a d\u00e9cid\u00e9 de retirer les couleurs arc-en-ciel des maillots lors de la journ\u00e9e d\u00e9di\u00e9e \u00e0 la lutte contre l\u2019homophobie en Ligue 1. Une d\u00e9cision qui provoque un toll\u00e9.\u00a0Associations de lutte LGBTQIA +, responsables politiques et militants d\u00e9noncent un recul lourd de sens. Dans un entretien \u00e0 La D\u00e9p\u00eache du Midi, Ouissem Belgacem estime que cette suppression, sans action forte en remplacement, constitue &#8220;le pire message qu\u2019on pouvait envoyer aux athl\u00e8tes homosexuels aujourd\u2019hui&#8221;.\n                            <\/p>\n<div rel=\"js-article-content\" data-state=\"fixed-height\" data-selection=\"disabled\">\n                                                                                                                                                            <!-- Pub DFP Position [outstream] --><\/p>\n<p>La d\u00e9cision a agi comme un d\u00e9tonateur. En supprimant les couleurs arc-en-ciel de la journ\u00e9e de lutte contre l\u2019homophobie, la LFP pensait sans doute tourner la page d\u2019une campagne devenue inflammable. Elle a surtout raviv\u00e9 un vieux proc\u00e8s. Depuis 2021, l\u2019op\u00e9ration n\u2019a cess\u00e9 d\u2019\u00eatre contest\u00e9e, vid\u00e9e peu \u00e0 peu de sa port\u00e9e, jusqu\u2019\u00e0 cette annonce per\u00e7ue par beaucoup comme un renoncement pur et simple.<\/p>\n<p><!-- Pub DFP Position [article] --><\/p>\n<p class=\"std-elt__inline\">\n        <strong>\u00c0 lire aussi :<\/strong><br \/>\n        <a href=\"\/2026\/03\/12\/la-ligue-abonne-le-symbole-lgbtqia-plusieurs-joueurs-de-ligue-1-avaient-refuse-de-porter-ce-symbole-de-la-lutte-contre-lhomophobie-13268706.php\">La Ligue de football abandonne le symbole LGBTQIA +\u00a0: plusieurs joueurs de Ligue 1 avaient refus\u00e9 de porter ce symbole de la lutte contre l\u2019homophobie<\/a>\n    <\/p>\n<p>C\u2019est le c\u0153ur de l\u2019analyse d\u2019Ouissem Belgacem, ancien joueur du TFC et militant de la cause LGBTQIA +\u00a0dans le sport. Le Franco-Tunisien ne m\u00e2che pas ses mots\u00a0: &#8220;C\u2019est un fiasco de A \u00e0 Z depuis 2021 jusqu\u2019\u00e0 cette annonce.&#8221; Pour lui, le probl\u00e8me n\u2019est pas seulement la disparition d\u2019un signe visuel, mais ce qu\u2019elle raconte. &#8220;Retirer la seule et unique initiative, qui n\u2019\u00e9tait d\u00e9j\u00e0 pas une initiative efficace, sans proposer autre chose derri\u00e8re, c\u2019est absolument catastrophique&#8221;<strong>,<\/strong> dit-il. Avant d\u2019enfoncer le clou\u00a0: &#8220;Retirer un symbole, c\u2019est envoyer un message.&#8221;<\/p>\n<p class=\"std-elt__inline\">\n        <strong>\u00c0 lire aussi :<\/strong><br \/>\n        <a href=\"\/2023\/01\/18\/ligue-1-trois-associations-lgbt-portent-plainte-contre-des-supporters-du-mhsc-apres-leurs-banderoles-homophobes-10934613.php\">Ligue 1 : trois associations LGBT+ portent plainte contre des supporters du MHSC apr\u00e8s leurs banderoles homophobes<\/a>\n    <\/p>\n<p>Belgacem insiste surtout sur la port\u00e9e humaine de cette d\u00e9cision. &#8220;C\u2019est le pire message qu\u2019on pouvait envoyer aux athl\u00e8tes homosexuels aujourd\u2019hui&#8221;, explique-t-il, dans un contexte qu\u2019il juge d\u00e9j\u00e0 alarmant. Il cite notamment le r\u00e9cent PSG-OM et un tifo ouvertement homophobe, symbole \u00e0 ses yeux d\u2019un football fran\u00e7ais qui ne progresse pas, voire r\u00e9gresse. &#8220;Je pense qu\u2019on ne progresse absolument pas, on recule m\u00eame. Supprimer la seule initiative, c\u2019est un message terrible. Je suis choqu\u00e9&#8221;, confie-t-il.<\/p>\n<p class=\"std-elt__inline\">\n        <strong>\u00c0 lire aussi :<\/strong><br \/>\n        <a href=\"\/2026\/02\/10\/le-sport-merite-mieux-quand-une-ministre-denonce-les-banderoles-homophobes-des-supporters-du-psg-13217479.php\">&#8220;Le sport m\u00e9rite mieux&#8221;\u00a0: quand une ministre d\u00e9nonce les banderoles homophobes des supporters du PSG<\/a>\n    <\/p>\n<h2 class=\"txt-int\">Le risque du &#8220;fourre-tout&#8221;<\/h2>\n<p>Belgacem met aussi en garde contre l\u2019id\u00e9e de tout regrouper sous une banni\u00e8re g\u00e9n\u00e9rale. &#8220;Je ne pense pas que r\u00e9unir les diff\u00e9rentes luttes sous un m\u00eame embl\u00e8me soit une bonne id\u00e9e. Ce ne sont pas les m\u00eames luttes, elles ne se combattent pas de la m\u00eame mani\u00e8re. R\u00e9unir les luttes, \u00e7a fait un peu fourre-tout&#8221; a lanc\u00e9 l\u2019ancien footballeur.<\/p>\n<p class=\"std-elt__inline\">\n        <strong>\u00c0 lire aussi :<\/strong><br \/>\n        <a href=\"\/2025\/12\/07\/portrait-ouissem-belgacem-un-combattant-pour-la-tolerance-dans-le-football-13088359.php\">PORTRAIT. Ouissem Belgacem, un combattant pour la tol\u00e9rance dans le football<\/a>\n    <\/p>\n<p>En voulant parler de tout, dit-il en substance, la Ligue prend le risque de ne plus parler vraiment de l\u2019homophobie. Et c\u2019est pr\u00e9cis\u00e9ment ce que redoutent aujourd\u2019hui les associations et les personnes concern\u00e9es.<\/p>\n<div class=\"std-frame\">\n<h2 class=\"encart_titre\">Les autres r\u00e9actions<\/h2>\n<div class=\"encart_texte\">\n<p>Marine Tondelier a d\u00e9nonc\u00e9 sur les r\u00e9seaux sociaux <strong>&#8220;<\/strong>une honte inqualifiable&#8221;, avant d\u2019ajouter\u00a0: &#8220;En 2026, ils ne sont m\u00eame pas capables d\u2019afficher les couleurs de l\u2019arc-en-ciel sur des maillots\u00a0? On ne stagne m\u00eame plus, on r\u00e9gresse. En r\u00e9alit\u00e9, le football fran\u00e7ais ne veut pas lutter contre l\u2019homophobie.&#8221; Une sortie brutale, mais qui r\u00e9sume bien l\u2019impression laiss\u00e9e par cette annonce\u00a0: celle d\u2019un football professionnel qui recule au moment m\u00eame o\u00f9 il devrait affirmer sa position.<\/p>\n<p>Plusieurs associations LGBT ont \u00e9galement exprim\u00e9 leur consternation. Dans leur r\u00e9action au travers d\u2019un communiqu\u00e9 commun, elles d\u00e9noncent un renoncement politique et symbolique, et rappellent que &#8220;la lutte contre les discriminations n\u2019est pas une case \u00e0 cocher &#8220;. Pour elles, la Ligue ne peut pas se contenter d\u2019effacer un signe, puis promettre un dispositif plus global sans expliquer ce qui viendra concr\u00e8tement le remplacer.<\/p>\n<\/div>\n<\/div><\/div>\n<p><a href=\"https:\/\/www.ladepeche.fr\/2026\/03\/13\/la-ligue-de-football-abonne-le-symbole-lgbtqia-cest-un-fiasco-de-a-a-z-la-colere-de-ouissem-belgacem-ancien-joueur-de-toulouse-13270889.php\">source<\/a><\/p>\n","protected":false},"excerpt":{"rendered":"<p>l&#8217;essentiel LFP a d\u00e9cid\u00e9 de retirer les couleurs arc-en-ciel des maillots lors de la journ\u00e9e d\u00e9di\u00e9e \u00e0 la lutte contre l\u2019homophobie en Ligue 1. Une d\u00e9cision qui provoque un toll\u00e9.\u00a0Associations de lutte LGBTQIA +, responsables politiques et militants d\u00e9noncent un recul lourd de sens. Dans un entretien \u00e0 La D\u00e9p\u00eache du Midi, Ouissem Belgacem estime [&hellip;]<\/p>\n","protected":false},"author":1,"featured_media":124611,"comment_status":"open","ping_status":"open","sticky":false,"template":"","format":"standard","meta":{"_monsterinsights_skip_tracking":false,"_monsterinsights_sitenote_active":false,"_monsterinsights_sitenote_note":"","_monsterinsights_sitenote_category":0,"footnotes":""},"categories":[71],"tags":[],"coauthors":[77],"class_list":["post-124610","post","type-post","status-publish","format-standard","has-post-thumbnail","hentry","category-sport"],"aioseo_notices":[],"_links":{"self":[{"href":"https:\/\/pressactu.com\/index.php?rest_route=\/wp\/v2\/posts\/124610","targetHints":{"allow":["GET"]}}],"collection":[{"href":"https:\/\/pressactu.com\/index.php?rest_route=\/wp\/v2\/posts"}],"about":[{"href":"https:\/\/pressactu.com\/index.php?rest_route=\/wp\/v2\/types\/post"}],"author":[{"embeddable":true,"href":"https:\/\/pressactu.com\/index.php?rest_route=\/wp\/v2\/users\/1"}],"replies":[{"embeddable":true,"href":"https:\/\/pressactu.com\/index.php?rest_route=%2Fwp%2Fv2%2Fcomments&post=124610"}],"version-history":[{"count":0,"href":"https:\/\/pressactu.com\/index.php?rest_route=\/wp\/v2\/posts\/124610\/revisions"}],"wp:featuredmedia":[{"embeddable":true,"href":"https:\/\/pressactu.com\/index.php?rest_route=\/wp\/v2\/media\/124611"}],"wp:attachment":[{"href":"https:\/\/pressactu.com\/index.php?rest_route=%2Fwp%2Fv2%2Fmedia&parent=124610"}],"wp:term":[{"taxonomy":"category","embeddable":true,"href":"https:\/\/pressactu.com\/index.php?rest_route=%2Fwp%2Fv2%2Fcategories&post=124610"},{"taxonomy":"post_tag","embeddable":true,"href":"https:\/\/pressactu.com\/index.php?rest_route=%2Fwp%2Fv2%2Ftags&post=124610"},{"taxonomy":"author","embeddable":true,"href":"https:\/\/pressactu.com\/index.php?rest_route=%2Fwp%2Fv2%2Fcoauthors&post=124610"}],"curies":[{"name":"wp","href":"https:\/\/api.w.org\/{rel}","templated":true}]}}