{"id":124608,"date":"2026-03-14T07:10:06","date_gmt":"2026-03-14T07:10:06","guid":{"rendered":"https:\/\/pressactu.com\/?p=124608"},"modified":"2026-03-14T07:10:06","modified_gmt":"2026-03-14T07:10:06","slug":"le-lieu-quitte-le-centre-ville-dagen-et-sinstalle-en-zone-pour-se-relancer","status":"publish","type":"post","link":"https:\/\/pressactu.com\/?p=124608","title":{"rendered":"Le Lieu quitte le centre-ville d\u2019Agen et s\u2019installe en zone pour se relancer"},"content":{"rendered":"<p>\n                                                                    <span class=\"article-full__chapo-label hide-on-small-only\">l&#8217;essentiel<\/span><br \/>\n                                                                Apr\u00e8s plusieurs ann\u00e9es en c\u0153ur de ville, la boutique de pr\u00eat-\u00e0-porter Le Lieu ouvre un nouveau chapitre. Son fondateur, Gr\u00e9goire Touyaga, s\u2019appr\u00eate \u00e0 ouvrir son concept store dans la ZAC Agen Sud.\n                            <\/p>\n<div rel=\"js-article-content\" data-state=\"fixed-height\" data-selection=\"disabled\">\n                                                                                                                                                            <!-- Pub DFP Position [outstream] --><\/p>\n<p>Le d\u00e9m\u00e9nagement a \u00e9t\u00e9 motiv\u00e9 par la baisse de fr\u00e9quentation du centre-ville, mais aussi par l\u2019opportunit\u00e9 d\u2019un espace plus vaste et plus accessible pour la client\u00e8le.<\/p>\n<p><!-- Pub DFP Position [article] --><\/p>\n<h2 class=\"txt-int\">Un nouveau concept store de 250 m\u00b2 en zone commerciale<\/h2>\n<p>Le Lieu s\u2019appr\u00eate \u00e0 ouvrir au 77 avenue de l\u2019Atlantique, dans la ZAC Agen Sud, \u00e0 c\u00f4t\u00e9 de l\u2019Orange Bleue. L\u2019ouverture est esp\u00e9r\u00e9e autour du 18\u00a0mars. Le commerce ne dispara\u00eet pas totalement du centre-ville pour autant. La boutique historique de la rue Garonne sera maintenue jusqu\u2019au mois d\u2019ao\u00fbt pour des raisons administratives. \u00ab\u00a0J\u2019avais un bail pr\u00e9caire et je ne savais pas qu\u2019au bout de trois ans le local se transformait en bail 3-6-9. Du coup, j\u2019ai un pr\u00e9avis jusqu\u2019au mois d\u2019ao\u00fbt\u00a0\u00bb, explique le commer\u00e7ant qui se laisse ainsi du temps pour se retirer ou non d\u00e9finitivement du c\u0153ur d\u2019Agen. Pendant cette p\u00e9riode, l\u2019espace du centre-ville sera repens\u00e9\u00a0: &#8220;une partie restera consacr\u00e9e aux collections f\u00e9minines habituelles, tandis qu\u2019une autre accueillera de la seconde main&#8221;, indique le g\u00e9rant.<\/p>\n<p>La grande nouveaut\u00e9 se trouve donc dans la zone commerciale, o\u00f9 Le Lieu prend place dans un ancien local occup\u00e9 en partie par Culture V\u00e9lo qui existe toujours \u00e0 c\u00f4t\u00e9 de lui. \u00ab\u00a0On a tout refait\u00a0: le sol, le plafond, les murs, l\u2019agencement\u00a0\u00bb, d\u00e9taille Gr\u00e9goire Touyaga. L\u2019espace passe d\u00e9sormais \u00e0 250 m\u00b2, contre 90 m\u00b2 pour la boutique femme rue Garonne et 35 m\u00b2 pour la boutique homme auparavant boulevard de la R\u00e9publique qu\u2019il a lib\u00e9r\u00e9. \u00ab\u00a0On double la surface.\u00a0\u00bb<\/p>\n<p>Le nouveau magasin r\u00e9unira les univers femme et homme, tout en conservant l\u2019esprit du concept store. \u00ab\u00a0Le but, c\u2019\u00e9tait de retrouver une boutique de centre-ville, une boutique qui a du charme, mais en zone.\u00a0\u00bb V\u00eatements, maroquinerie, bijoux ou encore lunettes de soleil composeront l\u2019offre, avec une mode f\u00e9minine \u00ab\u00a0hippy chic, boh\u00e8me\u00a0\u00bb et des pi\u00e8ces pour les grandes occasions de l\u2019\u00e9t\u00e9. C\u00f4t\u00e9 homme, la ligne reste\u00a0fid\u00e8le \u00e0 un style \u00ab\u00a0sportswear, sport chic\u00a0\u00bb.<\/p>\n<h2 class=\"txt-int\">\u00ab\u00a0Le but, c\u2019est de sauver l\u2019entreprise\u00a0\u00bb<\/h2>\n<p>Si ce d\u00e9m\u00e9nagement s\u2019est impos\u00e9, c\u2019est avant tout pour des raisons \u00e9conomiques. \u00ab\u00a0Le centre-ville est devenu un peu d\u00e9sert. Il y a un gros manque de passage et de fr\u00e9quentation, avec une perte de chiffre d\u2019affaires importante depuis deux ans de l\u2019ordre de 50\u00a0%. C\u2019est simple, les mardis et mercredis, on ne voyait quasi-personne et les autres jours certes davantage, mais plus du tout comme avant\u00a0\u00bb, regrette le commer\u00e7ant.<\/p>\n<p>Le stationnement est \u00e9galement devenu un frein pour sa client\u00e8le. \u00ab\u00a0Une cliente me disait qu\u2019elle ne venait plus parce qu\u2019elle en avait marre de se prendre des PV et de ne pas trouver de place.\u00a0\u00bb L\u2019opportunit\u00e9 de ce nouveau local a donc pes\u00e9 dans la d\u00e9cision. \u00ab\u00a0Il va me co\u00fbter aussi cher que les loyers des deux locaux r\u00e9unis en ville, mais il est bien plus vaste.\u00a0\u00bb<\/p>\n<p>Surtout, le site offre des conditions d\u2019accueil diff\u00e9rentes\u00a0: quinze places de parking priv\u00e9es et une r\u00e9serve de 120 m\u00b2. \u00ab Au niveau du confort pour mes clientes, elles auront juste \u00e0 se garer devant.\u00a0\u00bb<\/p>\n<p>Attach\u00e9 au centre-ville, Gr\u00e9goire Touyaga assure que ce choix n\u2019a pas \u00e9t\u00e9 simple. \u00ab\u00a0Moi, je suis un amoureux du centre-ville. Mais \u00e0 un moment donn\u00e9, le but, c\u2019est de sauver l\u2019entreprise. Des fois, on a des d\u00e9cisions \u00e0 prendre \u00e0 contrec\u0153ur.\u00a0\u00bb Son objectif est clair\u00a0: relancer l\u2019activit\u00e9 et retrouver plus de souplesse dans sa\u00a0tr\u00e9sorerie. \u00ab\u00a0L\u2019id\u00e9e, c\u2019est de sauver l\u2019entreprise, puis de pouvoir recr\u00e9er une boutique en centre-ville plus tard qui sait, tout en gardant celle-ci.\u00a0\u00bb. Si les inconditionnelles de ses marques vont le suivre dans ce nouveau lieu, il est impatient de d\u00e9couvrir la client\u00e8le qui fr\u00e9quente les zones commerciales d\u2019Agen sud et de Bo\u00e9.<\/p>\n<\/p><\/div>\n<p><a href=\"https:\/\/www.ladepeche.fr\/2026\/03\/13\/le-lieu-quitte-le-centre-ville-et-sinstalle-en-zone-pour-se-relancer-13271085.php\">source<\/a><\/p>\n","protected":false},"excerpt":{"rendered":"<p>l&#8217;essentiel Apr\u00e8s plusieurs ann\u00e9es en c\u0153ur de ville, la boutique de pr\u00eat-\u00e0-porter Le Lieu ouvre un nouveau chapitre. Son fondateur, Gr\u00e9goire Touyaga, s\u2019appr\u00eate \u00e0 ouvrir son concept store dans la ZAC Agen Sud. Le d\u00e9m\u00e9nagement a \u00e9t\u00e9 motiv\u00e9 par la baisse de fr\u00e9quentation du centre-ville, mais aussi par l\u2019opportunit\u00e9 d\u2019un espace plus vaste et plus [&hellip;]<\/p>\n","protected":false},"author":1,"featured_media":124609,"comment_status":"open","ping_status":"open","sticky":false,"template":"","format":"standard","meta":{"_monsterinsights_skip_tracking":false,"_monsterinsights_sitenote_active":false,"_monsterinsights_sitenote_note":"","_monsterinsights_sitenote_category":0,"footnotes":""},"categories":[74],"tags":[],"coauthors":[77],"class_list":["post-124608","post","type-post","status-publish","format-standard","has-post-thumbnail","hentry","category-economie"],"aioseo_notices":[],"_links":{"self":[{"href":"https:\/\/pressactu.com\/index.php?rest_route=\/wp\/v2\/posts\/124608","targetHints":{"allow":["GET"]}}],"collection":[{"href":"https:\/\/pressactu.com\/index.php?rest_route=\/wp\/v2\/posts"}],"about":[{"href":"https:\/\/pressactu.com\/index.php?rest_route=\/wp\/v2\/types\/post"}],"author":[{"embeddable":true,"href":"https:\/\/pressactu.com\/index.php?rest_route=\/wp\/v2\/users\/1"}],"replies":[{"embeddable":true,"href":"https:\/\/pressactu.com\/index.php?rest_route=%2Fwp%2Fv2%2Fcomments&post=124608"}],"version-history":[{"count":0,"href":"https:\/\/pressactu.com\/index.php?rest_route=\/wp\/v2\/posts\/124608\/revisions"}],"wp:featuredmedia":[{"embeddable":true,"href":"https:\/\/pressactu.com\/index.php?rest_route=\/wp\/v2\/media\/124609"}],"wp:attachment":[{"href":"https:\/\/pressactu.com\/index.php?rest_route=%2Fwp%2Fv2%2Fmedia&parent=124608"}],"wp:term":[{"taxonomy":"category","embeddable":true,"href":"https:\/\/pressactu.com\/index.php?rest_route=%2Fwp%2Fv2%2Fcategories&post=124608"},{"taxonomy":"post_tag","embeddable":true,"href":"https:\/\/pressactu.com\/index.php?rest_route=%2Fwp%2Fv2%2Ftags&post=124608"},{"taxonomy":"author","embeddable":true,"href":"https:\/\/pressactu.com\/index.php?rest_route=%2Fwp%2Fv2%2Fcoauthors&post=124608"}],"curies":[{"name":"wp","href":"https:\/\/api.w.org\/{rel}","templated":true}]}}