{"id":124602,"date":"2026-03-14T05:38:36","date_gmt":"2026-03-14T05:38:36","guid":{"rendered":"https:\/\/pressactu.com\/?p=124602"},"modified":"2026-03-14T05:38:36","modified_gmt":"2026-03-14T05:38:36","slug":"kamila-sellier-blessee-a-loeil-par-une-lame-aux-jo-dhiver-2026-la-polonaise-a-ete-operee-de-lorbite-elle-devoile-des-photos-inedites","status":"publish","type":"post","link":"https:\/\/pressactu.com\/?p=124602","title":{"rendered":"Kamila Sellier bless\u00e9e \u00e0 l\u2019\u0153il par une lame aux JO d\u2019hiver 2026\u00a0: la Polonaise a \u00e9t\u00e9 op\u00e9r\u00e9e de l\u2019orbite, elle d\u00e9voile des photos in\u00e9dites"},"content":{"rendered":"<p>\n                                                                    <span class=\"article-full__chapo-label hide-on-small-only\">l&#8217;essentiel<\/span><br \/>\n                                                                Gri\u00e8vement touch\u00e9e \u00e0 l\u2019\u0153il gauche lors d\u2019une \u00e9preuve de patinage aux JO d\u2019hiver 2026, Kamila Sellier (25 ans) a retrouv\u00e9 son domicile en Pologne apr\u00e8s \u00e9t\u00e9 op\u00e9r\u00e9 une nouvelle fois.\n                            <\/p>\n<div rel=\"js-article-content\">\n                                                                                                                                                            <!-- Pub DFP Position [outstream] --><\/p>\n<p>Voil\u00e0 des nouvelles de Kamila Sellier. Gravement bless\u00e9e \u00e0 l\u2019\u0153il par la lame d\u2019une adversaire\u00a0le 20\u00a0f\u00e9vrier lors des Jeux olympiques d\u2019hiver 2026, l\u2019athl\u00e8te polonaise est d\u00e9sormais hors de danger et particuli\u00e8rement suivi par le corps m\u00e9dical qui l\u2019avait pris en charge au sein d\u2019un h\u00f4pital universitaire de Milan apr\u00e8s l\u2019incident.<\/p>\n<p><!-- Pub DFP Position [article] --><\/p>\n<p class=\"std-elt__inline\">\n        <strong>\u00c0 lire aussi :<\/strong><br \/>\n        <a href=\"\/2026\/02\/27\/kamila-sellier-blessee-a-loeil-par-une-lame-aux-jo-dhiver-2026-4-points-de-suture-a-linterieur-lathlete-a-deja-subi-une-blessure-similaire-13247892.php\">Kamila Sellier bless\u00e9e \u00e0 l\u2019\u0153il par une lame aux JO d\u2019hiver 2026\u00a0: &#8220;4 points de suture \u00e0 l\u2019int\u00e9rieur&#8221;, l\u2019athl\u00e8te a d\u00e9j\u00e0 subi une blessure similaire<\/a>\n    <\/p>\n<p>Il y a quelques jours, la jeune femme de 25 ans a pris la parole sur ses r\u00e9seaux sociaux. &#8220;Un nouveau retour \u00e0 la maison, cette fois apr\u00e8s l\u2019op\u00e9ration de reconstruction de l\u2019orbite. Il m\u2019attend probablement encore de nombreuses visites chez l\u2019ophtalmologiste, mais tout va dans la bonne direction&#8221; a \u00e9crit la patineuse de vitesse sur son compte Instagram.<\/p>\n<blockquote data-instgrm-captioned=\"\" data-instgrm-permalink=\"https:\/\/www.instagram.com\/p\/DVdtd3ODJk-\/?utm_source=ig_embed&amp;utm_campaign=loading\" data-instgrm-version=\"14\" style=\" background:#FFF; border:0; border-radius:3px; box-shadow:0 0 1px 0 rgba(0,0,0,0.5),0 1px 10px 0 rgba(0,0,0,0.15); margin: 1px; max-width:540px; min-width:326px; padding:0; width:99.375%; width:-webkit-calc(100% - 2px); width:calc(100% - 2px);\" data-class=\"instagram-media\"\/>\n<p>&#8220;Au passage, mon mari veillait \u00e0 ce que je ne meure pas de faim \u00e0 l\u2019h\u00f4pital&#8221; a ajout\u00e9 la Polonaise en partageant des photos des repas qu\u2019il lui avait apport\u00e9s.\u00a0L\u2019athl\u00e8te, mari\u00e9e au Franco-Polonais Dian\u00e9 Sellier, avait\u00a0subi une fracture de l\u2019os zygomatique\u00a0ainsi qu\u2019une coupure \u00e0 la joue et \u00e0 la paupi\u00e8re lors du quart de finale du 1500 m\u00e8tres.<\/p>\n<p class=\"std-elt__inline\">\n        <strong>\u00c0 lire aussi :<\/strong><br \/>\n        <a href=\"\/2026\/02\/26\/kamila-sellier-blessee-a-loeil-par-une-lame-aux-jo-dhiver-2026-lathlete-devoile-les-traces-de-limpact-sur-ses-lunettes-de-protection-13246017.php\">Kamila Sellier bless\u00e9e \u00e0 l\u2019\u0153il par une lame aux JO d\u2019hiver 2026\u00a0: l\u2019athl\u00e8te d\u00e9voile les traces de l\u2019impact sur ses lunettes de protection<\/a>\n    <\/p>\n<p>Trois jours apr\u00e8s l\u2019accident, elle\u00a0avait r\u00e9ussi \u00e0 rouvrir l\u2019\u0153il et\u00a0avait rejoint la Pologne en voiture avec ses parents, mais un rendez-vous \u00e0 Milan \u00e9tait d\u00e9j\u00e0 programm\u00e9. &#8220;Je vous demande gentiment de ne pas rejeter la faute sur elle. Ce qui s\u2019est pass\u00e9 n\u2019est la faute de personne&#8221; avait-elle ensuite d\u00e9clar\u00e9 <a href=\"https:\/\/www.ladepeche.fr\/2026\/02\/22\/kamila-sellier-blessee-a-loeil-par-une-lame-aux-jo-dhiver-2026-sa-concurrente-victime-dune-vague-de-harcelement-apres-laccident-13239341.php\" target=\"_self\">alors que son adversaire \u00e9tait cyberharcel\u00e9e.<\/a><\/p>\n<\/p><\/div>\n<p><a href=\"https:\/\/www.ladepeche.fr\/2026\/03\/13\/kamila-sellier-blessee-a-loeil-par-une-lame-aux-jo-dhiver-2026-la-polonaise-a-ete-operee-de-lorbite-elle-devoile-des-photos-inedites-13271164.php\">source<\/a><\/p>\n","protected":false},"excerpt":{"rendered":"<p>l&#8217;essentiel Gri\u00e8vement touch\u00e9e \u00e0 l\u2019\u0153il gauche lors d\u2019une \u00e9preuve de patinage aux JO d\u2019hiver 2026, Kamila Sellier (25 ans) a retrouv\u00e9 son domicile en Pologne apr\u00e8s \u00e9t\u00e9 op\u00e9r\u00e9 une nouvelle fois. Voil\u00e0 des nouvelles de Kamila Sellier. Gravement bless\u00e9e \u00e0 l\u2019\u0153il par la lame d\u2019une adversaire\u00a0le 20\u00a0f\u00e9vrier lors des Jeux olympiques d\u2019hiver 2026, l\u2019athl\u00e8te polonaise [&hellip;]<\/p>\n","protected":false},"author":1,"featured_media":124603,"comment_status":"open","ping_status":"open","sticky":false,"template":"","format":"standard","meta":{"_monsterinsights_skip_tracking":false,"_monsterinsights_sitenote_active":false,"_monsterinsights_sitenote_note":"","_monsterinsights_sitenote_category":0,"footnotes":""},"categories":[71],"tags":[],"coauthors":[77],"class_list":["post-124602","post","type-post","status-publish","format-standard","has-post-thumbnail","hentry","category-sport"],"aioseo_notices":[],"_links":{"self":[{"href":"https:\/\/pressactu.com\/index.php?rest_route=\/wp\/v2\/posts\/124602","targetHints":{"allow":["GET"]}}],"collection":[{"href":"https:\/\/pressactu.com\/index.php?rest_route=\/wp\/v2\/posts"}],"about":[{"href":"https:\/\/pressactu.com\/index.php?rest_route=\/wp\/v2\/types\/post"}],"author":[{"embeddable":true,"href":"https:\/\/pressactu.com\/index.php?rest_route=\/wp\/v2\/users\/1"}],"replies":[{"embeddable":true,"href":"https:\/\/pressactu.com\/index.php?rest_route=%2Fwp%2Fv2%2Fcomments&post=124602"}],"version-history":[{"count":0,"href":"https:\/\/pressactu.com\/index.php?rest_route=\/wp\/v2\/posts\/124602\/revisions"}],"wp:featuredmedia":[{"embeddable":true,"href":"https:\/\/pressactu.com\/index.php?rest_route=\/wp\/v2\/media\/124603"}],"wp:attachment":[{"href":"https:\/\/pressactu.com\/index.php?rest_route=%2Fwp%2Fv2%2Fmedia&parent=124602"}],"wp:term":[{"taxonomy":"category","embeddable":true,"href":"https:\/\/pressactu.com\/index.php?rest_route=%2Fwp%2Fv2%2Fcategories&post=124602"},{"taxonomy":"post_tag","embeddable":true,"href":"https:\/\/pressactu.com\/index.php?rest_route=%2Fwp%2Fv2%2Ftags&post=124602"},{"taxonomy":"author","embeddable":true,"href":"https:\/\/pressactu.com\/index.php?rest_route=%2Fwp%2Fv2%2Fcoauthors&post=124602"}],"curies":[{"name":"wp","href":"https:\/\/api.w.org\/{rel}","templated":true}]}}