{"id":124600,"date":"2026-03-14T05:29:33","date_gmt":"2026-03-14T05:29:33","guid":{"rendered":"https:\/\/pressactu.com\/?p=124600"},"modified":"2026-03-14T05:29:33","modified_gmt":"2026-03-14T05:29:33","slug":"cest-une-tres-bonne-semaine-pour-le-magasin-louverture-de-la-peche-fait-les-bons-comptes-des-magasins-specialises","status":"publish","type":"post","link":"https:\/\/pressactu.com\/?p=124600","title":{"rendered":"&quot;C\u2019est une tr\u00e8s bonne semaine pour le magasin\u2026&quot;\u00a0: l\u2019ouverture de la p\u00eache fait les bons comptes des magasins sp\u00e9cialis\u00e9s"},"content":{"rendered":"<p>\n                                                                    <span class=\"article-full__chapo-label hide-on-small-only\">l&#8217;essentiel<\/span><br \/>\n                                                                Ce samedi 14\u00a0mars marque l\u2019ouverture de la p\u00eache dans le Lot. Le l\u00e2cher de truites lance aussi le d\u00e9but d\u2019une p\u00e9riode intense pour les commerces sp\u00e9cialis\u00e9s. Jean-Louis Lesage et Laurent Lanxat, du magasin &#8220;Quercy P\u00eache&#8221; \u00e0 Cahors, s\u2019activent pour pr\u00e9parer au mieux cette reprise.\n                            <\/p>\n<div rel=\"js-article-content\" data-state=\"fixed-height\" data-selection=\"disabled\">\n                                                                                                                                                            <!-- Pub DFP Position [outstream] --><\/p>\n<p>L\u2019ouverture de la p\u00eache \u00e0 la truite signe le coup d\u2019envoi de l\u2019activit\u00e9 dans l\u2019Hexagone. Pour l\u2019occasion, les magasins sp\u00e9cialis\u00e9s font le plein de leurres et de cannes pour r\u00e9pondre \u00e0 la forte demande des premi\u00e8res semaines d\u2019activit\u00e9.<\/p>\n<p><!-- Pub DFP Position [article] --><\/p>\n<p><iframe width=\"600\" height=\"450\" style=\"border:0;\" allowfullscreen=\"\" loading=\"lazy\" referrerpolicy=\"no-referrer-when-downgrade\" data-src=\"https:\/\/www.google.com\/maps\/embed?pb=!1m18!1m12!1m3!1d3377.4677669995044!2d1.4263040765644535!3d44.46791179935812!2m3!1f0!2f0!3f0!3m2!1i1024!2i768!4f13.1!3m3!1m2!1s0x12ac8eb37fc639bf%3A0x74137aca7114e2c4!2sQuercy%20P%C3%AAche%20CAHORS!5e1!3m2!1sfr!2sfr!4v1773414447685!5m2!1sfr!2sfr\"><\/iframe><\/p>\n<p>Cependant, les us et coutumes ont \u00e9volu\u00e9. Les p\u00eacheurs ont d\u00e9sormais tendance \u00e0 moins anticiper et \u00e0 pr\u00e9parer la saison \u00e0 la derni\u00e8re minute. Jean-Louis Lesage, propri\u00e9taire de l\u2019enseigne &#8220;Quercy P\u00eache&#8221;, confirme cette tendance\u00a0: &#8220;L\u2019organisation a chang\u00e9. Aujourd\u2019hui, les p\u00eacheurs s\u2019y prennent au dernier moment, m\u00eame pour faire leurs cartes de p\u00eache.&#8221;\u00a0Malgr\u00e9 ce changement, les clients r\u00e9pondent pr\u00e9sent pour l\u2019une des semaines les plus importantes de l\u2019ann\u00e9e. Le commer\u00e7ant pr\u00e9cise\u00a0: &#8220;La veille, nous avons entre 150 et 200 clients. Les gens viennent m\u00eame le samedi. C\u2019est une tr\u00e8s bonne semaine pour le magasin.&#8221; Un coup d\u2019envoi qui lance une p\u00e9riode d\u2019intense activit\u00e9 pour l\u2019enseigne cadurcienne. &#8220;On va bosser \u00e0 fond pendant trois semaines. Mai, juin et ao\u00fbt sont nos plus gros mois et \u00e0 l\u2019automne la chasse prend le relais.&#8221;<\/p>\n<div class=\"center-align\" rel=\"js-article-inline-img\" data-protec-aida=\"image\">\n<figure class=\"std-img\" data-src=\"https:\/\/images.ladepeche.fr\/api\/v1\/images\/view\/69b41fe19fb705d78a025058\/original\/image.jpg?v=1\">\n        <img decoding=\"async\" class=\"std-img__img responsive-img\" src=\"http:\/\/pressactu.com\/wp-content\/uploads\/2026\/03\/1773466172_469_image.jpg?v=1\" alt=\"Jean-Louis Lesage et Laurent Lanxat dans le magasin &quot;Quercy p\u00eache&quot;.\"\/><figcaption class=\"article-full__media-infos\">\n                <span class=\"article-full__media-legend\">Jean-Louis Lesage et Laurent Lanxat dans le magasin &#8220;Quercy p\u00eache&#8221;.<\/span><br \/>\n                                    <span class=\"article-full__media-author\">DDM &#8211; Simon Alagnou<\/span><br \/>\n                            <\/figcaption><\/figure>\n<\/div>\n<h2 class=\"txt-int\">Un mois de mars id\u00e9al pour le lancement de la saison<\/h2>\n<p>Apr\u00e8s les fortes pluies des deux premiers mois de l\u2019ann\u00e9e, les conditions sont optimales selon Jean-Louis Lesage\u00a0: &#8220;Les niveaux d\u2019eau sont bons. Il a plu \u00e9norm\u00e9ment mais les niveaux ont baiss\u00e9 avec le temps. Aujourd\u2019hui c\u2019est id\u00e9al, quand il n\u2019y a pas d\u2019eau, \u00e7a ne va pas et lorsqu\u2019il y en a trop, non plus. L\u00e0 c\u2019est parfait.&#8221;\u00a0Le commer\u00e7ant reste confiant sur l\u2019engouement des passionn\u00e9s durant ce mois tr\u00e8s attendu\u00a0: &#8220;Les gens ont envie de sortir, les mois de janvier et de f\u00e9vrier ont \u00e9t\u00e9 mauvais, alors l\u00e0, ils ont h\u00e2te d\u2019aller p\u00eacher.&#8221;<\/p>\n<div class=\"center-align\" rel=\"js-article-inline-img\" data-protec-aida=\"image\">\n<figure class=\"std-img\" data-src=\"https:\/\/images.ladepeche.fr\/api\/v1\/images\/view\/69b42f7fc963fbf2470ff932\/original\/image.jpg?v=1\">\n        <img decoding=\"async\" class=\"std-img__img responsive-img\" src=\"http:\/\/pressactu.com\/wp-content\/uploads\/2026\/03\/1773466173_683_image.jpg?v=1\" alt=\"Ils \u00e9taient 11\u00a0764 pour la saison 2025.\"\/><figcaption class=\"article-full__media-infos\">\n                <span class=\"article-full__media-legend\">Ils \u00e9taient 11\u00a0764 pour la saison 2025.<\/span><br \/>\n                                    <span class=\"article-full__media-author\">DDM &#8211; S\u00e9bastien Lapeyre<\/span><br \/>\n                            <\/figcaption><\/figure>\n<\/div>\n<p>Ils \u00e9taient 11\u00a0764 pour la saison 2025, parmi eux, pr\u00e8s d\u2019un tiers sont mineurs selon la F\u00e9d\u00e9ration d\u00e9partementale de p\u00eache.\u00a0Une tendance observ\u00e9e dans le magasin\u00a0: &#8220;On voit de plus en plus de jeunes qui viennent \u00e0 la p\u00eache en partie gr\u00e2ce aux r\u00e9seaux sociaux.&#8221; Ce rajeunissement se traduit aussi dans les statistiques de ventes de cartes de p\u00eache, 2\u00a0529 d\u2019entre elles ont \u00e9t\u00e9 vendues \u00e0 des jeunes de moins de 12 ans la saison derni\u00e8re.<\/p>\n<p>Mais la client\u00e8le r\u00e9guli\u00e8re reste aussi pr\u00e9sente.\u00a0Rencontr\u00e9 dans le magasin, alors qu\u2019il faisait ses achats, Jean-Louis, p\u00eacheur chasseur exp\u00e9riment\u00e9, se dit soulag\u00e9 par l\u2019arriv\u00e9e de la saison, un moment plus calme apr\u00e8s des mois de chasse parfois tendus\u00a0: &#8220;Apr\u00e8s une saison de chasse o\u00f9\u00a0c\u2019est plut\u00f4t stressant, aller \u00e0 la p\u00eache \u00e7a fait du bien.&#8221; C\u2019est aussi l\u2019occasion pour les Lotois de se retrouver entre proches pour savourer la convivialit\u00e9 d\u2019une nouvelle ann\u00e9e de p\u00eache, Jean-Louis raconte\u00a0: &#8220;Le midi, on se retrouve avec les amis pour partager un casse-cro\u00fbte. Une fois que nous avons p\u00each\u00e9 quelques truites, on remet \u00e7a, et on continue encore le samedi d\u2019apr\u00e8s et ainsi de suite.&#8221;<\/p>\n<\/p><\/div>\n<p><a href=\"https:\/\/www.ladepeche.fr\/2026\/03\/13\/cest-une-tres-bonne-semaine-pour-le-magasin-louverture-de-la-peche-fait-les-bons-comptes-des-magasins-specialises-13270125.php\">source<\/a><\/p>\n","protected":false},"excerpt":{"rendered":"<p>l&#8217;essentiel Ce samedi 14\u00a0mars marque l\u2019ouverture de la p\u00eache dans le Lot. Le l\u00e2cher de truites lance aussi le d\u00e9but d\u2019une p\u00e9riode intense pour les commerces sp\u00e9cialis\u00e9s. Jean-Louis Lesage et Laurent Lanxat, du magasin &#8220;Quercy P\u00eache&#8221; \u00e0 Cahors, s\u2019activent pour pr\u00e9parer au mieux cette reprise. L\u2019ouverture de la p\u00eache \u00e0 la truite signe le coup [&hellip;]<\/p>\n","protected":false},"author":1,"featured_media":124601,"comment_status":"open","ping_status":"open","sticky":false,"template":"","format":"standard","meta":{"_monsterinsights_skip_tracking":false,"_monsterinsights_sitenote_active":false,"_monsterinsights_sitenote_note":"","_monsterinsights_sitenote_category":0,"footnotes":""},"categories":[74],"tags":[],"coauthors":[77],"class_list":["post-124600","post","type-post","status-publish","format-standard","has-post-thumbnail","hentry","category-economie"],"aioseo_notices":[],"_links":{"self":[{"href":"https:\/\/pressactu.com\/index.php?rest_route=\/wp\/v2\/posts\/124600","targetHints":{"allow":["GET"]}}],"collection":[{"href":"https:\/\/pressactu.com\/index.php?rest_route=\/wp\/v2\/posts"}],"about":[{"href":"https:\/\/pressactu.com\/index.php?rest_route=\/wp\/v2\/types\/post"}],"author":[{"embeddable":true,"href":"https:\/\/pressactu.com\/index.php?rest_route=\/wp\/v2\/users\/1"}],"replies":[{"embeddable":true,"href":"https:\/\/pressactu.com\/index.php?rest_route=%2Fwp%2Fv2%2Fcomments&post=124600"}],"version-history":[{"count":0,"href":"https:\/\/pressactu.com\/index.php?rest_route=\/wp\/v2\/posts\/124600\/revisions"}],"wp:featuredmedia":[{"embeddable":true,"href":"https:\/\/pressactu.com\/index.php?rest_route=\/wp\/v2\/media\/124601"}],"wp:attachment":[{"href":"https:\/\/pressactu.com\/index.php?rest_route=%2Fwp%2Fv2%2Fmedia&parent=124600"}],"wp:term":[{"taxonomy":"category","embeddable":true,"href":"https:\/\/pressactu.com\/index.php?rest_route=%2Fwp%2Fv2%2Fcategories&post=124600"},{"taxonomy":"post_tag","embeddable":true,"href":"https:\/\/pressactu.com\/index.php?rest_route=%2Fwp%2Fv2%2Ftags&post=124600"},{"taxonomy":"author","embeddable":true,"href":"https:\/\/pressactu.com\/index.php?rest_route=%2Fwp%2Fv2%2Fcoauthors&post=124600"}],"curies":[{"name":"wp","href":"https:\/\/api.w.org\/{rel}","templated":true}]}}