{"id":124594,"date":"2026-03-14T04:09:29","date_gmt":"2026-03-14T04:09:29","guid":{"rendered":"https:\/\/pressactu.com\/?p=124594"},"modified":"2026-03-14T04:09:29","modified_gmt":"2026-03-14T04:09:29","slug":"replay-guerre-en-ukraine-moscou-convoque-les-ambassadeurs-francais-et-britannique-apres-la-frappe-sur-briansk-avec-des-missiles-occidentaux","status":"publish","type":"post","link":"https:\/\/pressactu.com\/?p=124594","title":{"rendered":"REPLAY. Guerre en Ukraine\u00a0: Moscou convoque les ambassadeurs fran\u00e7ais et britannique apr\u00e8s la frappe sur Briansk avec des missiles occidentaux"},"content":{"rendered":"<div id=\"live_post_EVMMPE9637K45I6\"><span class=\"live-post__date\">16h13.<\/span><\/p>\n<div class=\"live-post__content\">\n<h2 class=\"live-post__title\">Fin du direct<\/h2>\n<p class=\"live-post__amorce\">Merci de nous avoir suivis<\/p>\n<\/div>\n<\/div>\n<div id=\"live_post_EVMMOY7AAVV18GT\"><span class=\"live-post__date\">14h44.<\/span><\/p>\n<div class=\"live-post__content\">\n<h2 class=\"live-post__title\">Moscou convoque les ambassadeurs fran\u00e7ais et britannique apr\u00e8s la frappe sur Briansk avec des missiles occidentaux<\/h2>\n<p class=\"live-post__amorce\">La Russie a convoqu\u00e9 vendredi les ambassadeurs fran\u00e7ais et britannique pour protester contre une frappe ukrainienne mardi sur la ville de Briansk (ouest) avec des missiles occidentaux Storm Shadow, qui a fait sept morts et une quarantaine de bless\u00e9s. <\/p>\n<p>&#8220;Il est \u00e9vident pour nous que le tir de missiles sur Briansk n&#8217;aurait pas \u00e9t\u00e9 possible sans la participation de sp\u00e9cialistes britanniques et fran\u00e7ais \u00e0 sa pr\u00e9paration&#8221;, a d\u00e9nonc\u00e9 le minist\u00e8re russe des Affaires \u00e9trang\u00e8res dans un communiqu\u00e9. Les missiles Storm Shadow fournis \u00e0 Kiev, appel\u00e9s SCALP en France, sont fabriqu\u00e9s par le consortium europ\u00e9en MBDA.<\/p>\n<\/div>\n<\/div>\n<div id=\"live_post_EVMMOY6I7S209V7\"><span class=\"live-post__date\">14h43.<\/span><\/p>\n<p><h2 class=\"live-post__title\">Les ministres des Affaires \u00e9trang\u00e8res de l&#8217;UE iront \u00e0 Boutcha le 31 mars, en hommage au massacre<\/h2>\n<\/p>\n<\/div>\n<div id=\"live_post_EVMMOXLOTPXGLIR\"><span class=\"live-post__date\">14h27.<\/span><\/p>\n<p><h2 class=\"live-post__title\">Moscou convoque les ambassadeurs fran\u00e7ais et britannique apr\u00e8s la frappe sur Briansk avec des missiles occidentaux<\/h2>\n<\/p>\n<\/div>\n<div id=\"live_post_EVMMOX3SOOUM2YQ\"><span class=\"live-post__date\">14h13.<\/span><\/p>\n<div class=\"live-post__content\">\n<h2 class=\"live-post__title\">La Russie &#8220;se trompe&#8221; si elle esp\u00e8re &#8220;un r\u00e9pit&#8221; li\u00e9 \u00e0 la guerre en Iran, dit Macron<\/h2>\n<p class=\"live-post__amorce\">Le pr\u00e9sident fran\u00e7ais Emmanuel Macron a estim\u00e9 vendredi que la Russie &#8220;se trompe&#8221; si elle esp\u00e8re que &#8220;la guerre en Iran va lui offrir un r\u00e9pit&#8221;, rappelant la d\u00e9cision du G7 de ne &#8220;pas revoir&#8221; la politique de sanctions \u00e0 l&#8217;\u00e9gard de Moscou qui a envahi l&#8217;Ukraine en f\u00e9vrier 2022. <\/p>\n<p>&#8220;Le contexte de mont\u00e9e des prix du cours du p\u00e9trole ne doit en aucun cas amener \u00e0 revoir notre politique de sanctions \u00e0 l&#8217;\u00e9gard de la Russie, c&#8217;est la position que le G7 a tenu, c&#8217;est la position \u00e9videmment de la France et de l&#8217;Europe&#8221;, a expliqu\u00e9 le chef de l&#8217;Etat lors d&#8217;une conf\u00e9rence de presse \u00e0 l&#8217;Elys\u00e9e avec le pr\u00e9sident ukrainien Volodymyr Zelensky.<\/p>\n<p>Mais jeudi, les Etats-Unis, membres du G7, ont annonc\u00e9 la lev\u00e9e de sanctions sur la Russie concernant les exportations de p\u00e9trole. <\/p>\n<\/div>\n<\/div>\n<div id=\"live_post_EVMMOX2AWXHKNBS\"><span class=\"live-post__date\">14h12.<\/span><\/p>\n<div class=\"live-post__content\">\n<h2 class=\"live-post__title\">La lev\u00e9e am\u00e9ricaine de sanctions va aider Moscou \u00e0 prolonger la guerre, selon Kiev<\/h2>\n<p class=\"live-post__amorce\">La d\u00e9cision am\u00e9ricaine d&#8217;assouplir des sanctions sur les ventes de p\u00e9trole russe va permettre \u00e0 la Russie de prolonger la guerre qu&#8217;elle m\u00e8ne depuis quatre ans contre l&#8217;Ukraine, a estim\u00e9 vendredi une source diplomatique ukrainienne.<\/p>\n<p>&#8220;Cette d\u00e9cision ne contribuera certainement pas \u00e0 stabiliser le march\u00e9, mais elle aidera la Russie \u00e0 faire la guerre plus longtemps \u2014 et cela au moment m\u00eame o\u00f9 la Russie elle-m\u00eame aide le r\u00e9gime iranien \u00e0 d\u00e9stabiliser le Moyen-Orient&#8221;, a estim\u00e9 cette source aupr\u00e8s de journalistes.<\/p>\n<\/div>\n<\/div>\n<div id=\"live_post_EVMMOWXBXXAHPVO\"><span class=\"live-post__date\">14h08.<\/span><\/p>\n<div class=\"live-post__content\">\n<h2 class=\"live-post__title\">Macron affirme &#8220;avec force et clart\u00e9&#8221; que l&#8217;engagement d&#8217;un pr\u00eat de 90 mds d&#8217;euros de l&#8217;UE &#8220;sera tenu&#8221;<\/h2>\n<p class=\"live-post__amorce\">Emmanuel Macron a assur\u00e9 vendredi que le pr\u00eat de 90 milliards d&#8217;euros promis par les dirigeants de l&#8217;Union europ\u00e9enne \u00e0 l&#8217;Ukraine serait &#8220;tenu&#8221;, alors que ses premiers d\u00e9caissements sont bloqu\u00e9s par la Hongrie. <\/p>\n<p>&#8220;Nous avons (&#8230;) d\u00e9cid\u00e9, en d\u00e9cembre dernier, d&#8217;un pr\u00eat de 90 milliards d&#8217;euros. Cet engagement sera tenu et je le dis ici avec force et clart\u00e9&#8221;, a affirm\u00e9 le pr\u00e9sident fran\u00e7ais lors d&#8217;une conf\u00e9rence de presse \u00e0 l&#8217;Elys\u00e9e avec le pr\u00e9sident ukrainien Volodymyr Zelensky.<\/p>\n<p>&#8220;Si des d\u00e9saccords s&#8217;expriment, c&#8217;est le devoir de chaque nation de tenir les promesses qui sont faites et les engagements politiques qui ont \u00e9t\u00e9 pris par tous en d\u00e9cembre&#8221;, a-t-il ajout\u00e9. Une allusion au blocage des d\u00e9caissements par Budapest, qui r\u00e9clame que l&#8217;Ukraine rouvre rapidement l&#8217;acheminement vers le sol hongrois de p\u00e9trole russe par l&#8217;ol\u00e9oduc Droujba, endommag\u00e9 selon les autorit\u00e9s ukrainiennes par une frappe de Moscou.<\/p>\n<\/div>\n<\/div>\n<div id=\"live_post_EVMMOWK3BGD1NQV\"><span class=\"live-post__date\">13h58.<\/span><\/p>\n<div class=\"live-post__content\">\n<h2 class=\"live-post__title\">&#8220;La position commune de la France et des Europ\u00e9ens est de maintenir les sanctions&#8221;<\/h2>\n<p class=\"live-post__amorce\">Apr\u00e8s l&#8217;annonce de l&#8217;all\u00e9gement des sanctions am\u00e9ricaine concernant le p\u00e9trole russe, Emmanuel Macron a assur\u00e9 que &#8220;pour ce qui est des Europ\u00e9ens et de la France, la position commune est de maintenir les sanctions&#8221;.<\/p>\n<\/div>\n<\/div>\n<div id=\"live_post_EVMMOWB8XHJUY0E\"><span class=\"live-post__date\">13h51.<\/span><\/p>\n<div class=\"live-post__content\">\n<h2 class=\"live-post__title\">&#8220;Nous travaillons sur une production militaire commune&#8221;, annonce Volodymyr Zelensky\u00a0<\/h2>\n<p class=\"live-post__amorce\">&#8220;Nous nous coordonnons avec Emmanuel [Macron] sur la d\u00e9fense du territoire ukrainien.\u00a0Nous travaillons sur une production militaire commune&#8221;, a indiqu\u00e9 le pr\u00e9sident ukrainien. &#8220;Nous avons \u00e9galement parl\u00e9 du travail pour l\u2019entr\u00e9e de l\u2019Ukraine dans l\u2019Union europ\u00e9enne\u00a0Il est important de maintenir la pression sur la Russie&#8221;, a-t-il ajout\u00e9.<\/p>\n<\/div>\n<\/div>\n<div id=\"live_post_EVMMOW4QJA14A1K\"><span class=\"live-post__date\">13h46.<\/span><\/p>\n<div class=\"live-post__content\">\n<h2 class=\"live-post__title\">L&#8217;aide de la France va &#8220;acc\u00e9l\u00e9rer&#8221;\u00a0<\/h2>\n<p class=\"live-post__amorce\">Le chef de l&#8217;Etat a \u00e9galement soulign\u00e9 que l&#8217;aide militaire de la France envers l&#8217;Ukraine allait &#8220;acc\u00e9l\u00e9rer&#8221; : &#8220;Je veux dire notre d\u00e9termination pour continuer \u00e0 fournir tous les \u00e9quipements qui permettront \u00e0 l\u2019Ukraine de mener sa guerre de r\u00e9sistance. Nous allons acc\u00e9l\u00e9rer pour que la production soit plus rapide&#8221;. Emmanuel Macron a par ailleurs affirm\u00e9 que la Russie &#8220;se trompe&#8221; si elle esp\u00e8re &#8220;un r\u00e9pit&#8221; li\u00e9 \u00e0 la guerre en Iran. &#8220;Il est \u00e9trange de voir la Russie appeler \u00e0 un cessez-le-feu alors qu&#8217;elle refuse avec obstination tout cessez-le-feu en Ukraine&#8221;, a-t-il ajout\u00e9.<\/p>\n<\/div>\n<\/div>\n<div id=\"live_post_EVMMOVRMNQ8ZPT8\"><span class=\"live-post__date\">13h36.<\/span><\/p>\n<div class=\"live-post__content\">\n<h2 class=\"live-post__title\">&#8220;Notre soutien ne faiblira pas&#8221;, assure Emmanuel Macron<\/h2>\n<p class=\"live-post__amorce\">&#8220;Rien ne nous d\u00e9tournera de l&#8217;Ukraine [&#8230;] Nous tiendrons notre engagement aux c\u00f4t\u00e9s de l&#8217;Ukraine&#8221;, Emmanuel Macron a r\u00e9affirm\u00e9 son engagement et son soutien envers l&#8217;Ukraine contre la Russie lors de sa conf\u00e9rence de presse conjointe avec Volodymyr Zelensky ce vendredi 13 mars.  <\/p>\n<\/div>\n<\/div>\n<div id=\"live_post_EVMMOUNEFZOEZF2\"><span class=\"live-post__date\">12h56.<\/span><\/p>\n<div class=\"live-post__content\">\n<h2 class=\"live-post__title\">Brut russe : la lev\u00e9e am\u00e9ricaine de sanctions va aider Moscou &#8220;\u00e0 prolonger la guerre&#8221;, estime l&#8217;Ukraine<\/h2>\n<p class=\"live-post__amorce\">La d\u00e9cision am\u00e9ricaine d&#8217;assouplir des sanctions sur les ventes de p\u00e9trole russe va permettre \u00e0 la Russie de prolonger la guerre qu&#8217;elle m\u00e8ne depuis quatre ans contre l&#8217;Ukraine, a estim\u00e9 ce vendredi une source diplomatique ukrainienne.<\/p>\n<\/div>\n<\/div>\n<div id=\"live_post_EVMMOUNTTN3OXDI\"><span class=\"live-post__date\">12h47.<\/span><\/p>\n<div class=\"live-post__content\">\n<h2 class=\"live-post__title\">L&#8217;UE juge &#8220;tr\u00e8s pr\u00e9occupante&#8221; la lev\u00e9e de sanctions am\u00e9ricaines sur le p\u00e9trole russe<\/h2>\n<p class=\"live-post__amorce\">L&#8217;Union europ\u00e9enne juge &#8220;tr\u00e8s pr\u00e9occupante&#8221; la d\u00e9cision &#8220;unilat\u00e9rale&#8221; des Etats-Unis de lever des sanctions sur le p\u00e9trole russe, en raison de la flamb\u00e9e des prix du brut li\u00e9e \u00e0 la guerre au Moyen-Orient. Cette d\u00e9cision &#8220;a des r\u00e9percussions sur la s\u00e9curit\u00e9 europ\u00e9enne. (&#8230;) L&#8217;affaiblissement des sanctions accro\u00eet les ressources russes pour mener la guerre d&#8217;agression contre l&#8217;Ukraine&#8221;, a d\u00e9plor\u00e9 Antonio Costa, le pr\u00e9sident du Conseil europ\u00e9en, l&#8217;instance qui repr\u00e9sente les 27 Etats europ\u00e9ens.<\/p>\n<\/div>\n<\/div>\n<div id=\"live_post_EVMMOQPBU1M3WPO\"><span class=\"live-post__date\">10h58.<\/span><\/p>\n<div class=\"live-post__content\">\n<h2 class=\"live-post__title\">Plusieurs attaques russes provoquent des coupures d&#8217;\u00e9lectricit\u00e9 dans plusieurs oblasts d&#8217;Ukraine<\/h2>\n<p class=\"live-post__amorce\">L&#8217;arm\u00e9e russe a, une nouvelle fois, cibl\u00e9 les infrastructures \u00e9nerg\u00e9tiques en Ukraine. Cons\u00e9quence : des coupures d&#8217;\u00e9lectricit\u00e9 dans les oblasts de Dnipropetrovsk, Donetsk, Kharkiv, Kherson, Soumy et Zaporijia, indique le minist\u00e8re ukrainien de l&#8217;Energie sur  <a href=\"https:\/\/t.me\/energyofukraine\/6453\" target=\"_blank\" rel=\"noopener noreferrer nofollow\" class=\"\">Telegram<\/a> . L&#8217;op\u00e9rateur d&#8217;\u00e9lectricit\u00e9 Ukrenergo pr\u00e9cise sur  <a href=\"https:\/\/t.me\/Ukrenergo\/4758\" target=\"_blank\" rel=\"noopener noreferrer nofollow\" class=\"\">Telegram<\/a>  que &#8220;l\u00e0 o\u00f9 les conditions de s\u00e9curit\u00e9 le permettent, des travaux de r\u00e9paration d\u2019urgence sont en cours&#8221;. Des coupures d&#8217;\u00e9lectricit\u00e9 sont pr\u00e9vues entre 17h et 23h. <\/p>\n<\/div>\n<\/div>\n<div id=\"live_post_EVMMOPZCBQFSPD9\"><span class=\"live-post__date\">10h48.<\/span><\/p>\n<div class=\"live-post__content\">\n<h2 class=\"live-post__title\">L&#8217;Allemagne d\u00e9nonce l&#8217;all\u00e8gement des sanctions p\u00e9troli\u00e8res am\u00e9ricaines contre la Russie<\/h2>\n<p class=\"live-post__amorce\">La ministre de l&#8217;Economie allemande Katherina Reiche a critiqu\u00e9 ce vendredi matin l&#8217;assouplissement des sanctions p\u00e9troli\u00e8res am\u00e9ricaines contre Moscou, une mesure prise pour tenter stabiliser le march\u00e9 mondial de l&#8217;\u00e9nergie boulevers\u00e9 par la guerre au Moyen-Orient, d\u00e9clench\u00e9e par Donald Trump.<\/p>\n<\/div>\n<\/div>\n<div id=\"live_post_EVMMOQUEDA8KSQZ\"><span class=\"live-post__date\">09h47.<\/span><\/p>\n<div class=\"live-post__content\">\n<h2 class=\"live-post__title\">La Russie annonce annonce l&#8217;interception de 176 drones ukrainiens<\/h2>\n<p class=\"live-post__amorce\">Le minist\u00e8re russe de la D\u00e9fense indique sur  <a href=\"https:\/\/t.me\/mod_russia\/61912\" target=\"_blank\" rel=\"noopener noreferrer nofollow\" class=\"\">Telegram<\/a>  avoir &#8220;intercept\u00e9 et d\u00e9truit&#8221; 176 drones ukrainiens dans la nuit de jeudi \u00e0 ce vendredi. Pr\u00e8s de la moiti\u00e9 ont \u00e9t\u00e9 abattus au-dessus de la Crim\u00e9e, d&#8217;autres au-dessus de la mer Noire et de la mer d&#8217;Azov. Des appareils ont \u00e9t\u00e9 abattus dans plusieurs oblasts proches de la fronti\u00e8re entre Russie et Ukraine : Krasnodar, Rostov, Koursk et Belgorod.<\/p>\n<\/div>\n<\/div>\n<div id=\"live_post_EVMMOM9RSOCXBDY\"><span class=\"live-post__date\">08h54.<\/span><\/p>\n<div class=\"live-post__content\">\n<h2 class=\"live-post__title\">&#8220;La fin du conflit arm\u00e9 pourrait vite arriver&#8221;<\/h2>\n<p class=\"live-post__amorce\">La guerre au Moyen-Orient peut-elle avoir des cons\u00e9quences sur le conflit en Ukraine\u00a0? Pour l\u2019ancien officier et chroniqueur militaire Guillaume Ancel, les deux crises sont \u00e9troitement li\u00e9es et pourraient d\u00e9boucher sur une acc\u00e9l\u00e9ration diplomatique inattendue autour de l\u2019Ukraine.  <a href=\"https:\/\/www.ladepeche.fr\/2026\/03\/13\/entretien-guerre-en-ukraine-la-fin-du-conflit-arme-pourrait-vite-arriver-estime-guillaume-ancel-pour-qui-un-accord-entre-trump-et-poutine-aurait-ete-13268592.php\" target=\"_blank\" rel=\"noopener noreferrer nofollow\" class=\"\">Cliquez ici<\/a>  pour lire son interview.<\/p>\n<\/div>\n<\/div>\n<div id=\"live_post_EVMMOKNFJRNBY2M\"><span class=\"live-post__date\">08h01.<\/span><\/p>\n<div class=\"live-post__content\">\n<h2 class=\"live-post__title\">899 frappes dans la r\u00e9gion de Zaporijia<\/h2>\n<p class=\"live-post__amorce\">Dans les derni\u00e8res 24 heures, l&#8217;arm\u00e9e russe a men\u00e9 899 frappes sur 44 localit\u00e9s de la r\u00e9gion de Zaporijia en Ukraine, indique l&#8217;agence de presse ukrainienne  <a href=\"https:\/\/www.ukrinform.net\/rubric-ato\/4101035-russians-carry-out-899-strikes-on-zaporizhzhia-region-leaving-three-injured.html\" target=\"_blank\" rel=\"noopener noreferrer nofollow\" class=\"\">Ukrinform<\/a> . Les attaques ont fait trois bless\u00e9s.<\/p>\n<\/div>\n<\/div>\n<div id=\"live_post_EVMMOKIO9JGRD1K\"><span class=\"live-post__date\">07h53.<\/span><\/p>\n<div class=\"live-post__content\">\n<h2 class=\"live-post__title\">Les Etats-Unis autorisent temporairement la vente de p\u00e9trole russe stock\u00e9s sur des navires<\/h2>\n<p class=\"live-post__amorce\">Les Etats-Unis ont annonc\u00e9 jeudi l&#8217;autorisation temporaire de la vente de p\u00e9trole russe stock\u00e9 sur des navires. Une licence autorisant la vente, jusqu&#8217;au 11 avril, de p\u00e9trole brut et de produits p\u00e9troliers russes charg\u00e9s \u00e0 bord de navires avant le 12 mars a \u00e9t\u00e9 accord\u00e9e. Cette nouvelle autorisation vise \u00e0 &#8220;accro\u00eetre la port\u00e9e mondiale de l&#8217;offre existante&#8221;, selon le ministre des Finances, Scott Bessent.<\/p>\n<\/div>\n<\/div>\n<div id=\"live_post_EVMMOKFJUNESEH9\"><span class=\"live-post__date\">07h50.<\/span><\/p>\n<div class=\"live-post__content\">\n<h2 class=\"live-post__title\">La Roumanie et l&#8217;Ukraine vont produire des drones ensemble<\/h2>\n<p class=\"live-post__amorce\">Les pr\u00e9sidents de la Roumanie et de l&#8217;Ukraine ont sign\u00e9 jeudi \u00e0 Bucarest une d\u00e9claration d&#8217;intention pour la &#8220;production conjointe de drones en Roumanie&#8221;. La localisation en Roumanie de cette production de drones &#8220;dans les plus brefs d\u00e9lais&#8221; constitue la premi\u00e8re phase d&#8217;une coop\u00e9ration &#8220;au b\u00e9n\u00e9fice de la s\u00e9curit\u00e9 de l\u2019Ukraine, de la Roumanie, de la r\u00e9gion de la mer Noire et du continent europ\u00e9en&#8221;, selon cette d\u00e9claration. Le projet sera financ\u00e9 notamment par le programme d&#8217;aide \u00e0 l&#8217;industrie de d\u00e9fense en Europe Safe \u00e0 hauteur de 200 millions d\u2019euros.<\/p>\n<\/div>\n<\/div>\n<div id=\"live_post_EVMMOKAWLDQBG1X\"><span class=\"live-post__date\">07h46.<\/span><\/p>\n<div class=\"live-post__content\">\n<h2 class=\"live-post__title\">Volodymyr Zelensky est arriv\u00e9 \u00e0 Paris<\/h2>\n<p class=\"live-post__amorce\">Le pr\u00e9sident ukrainien Volodymyr Zelensky vient d&#8217;arriver \u00e0 Paris. Il doit s&#8217;entretenir avec Emmanuel Macron sur les moyens d\u2019accentuer la pression sur la Russie. Cette visite intervient au moment o\u00f9 l&#8217;offensive am\u00e9ricano-isra\u00e9lienne contre l&#8217;Iran, d\u00e9clench\u00e9e le 28 f\u00e9vrier, monopolise l&#8217;attention des dirigeants mondiaux, alors que l&#8217;invasion russe de l&#8217;Ukraine est entr\u00e9e dans sa cinqui\u00e8me ann\u00e9e.<\/p>\n<\/div>\n<\/div>\n<div id=\"live_post_EVMMNZPU8TMURPA\"><span class=\"live-post__date\">07h45.<\/span><\/p>\n<div class=\"live-post__content\">\n<h2 class=\"live-post__title\">Bienvenue dans notre direct<\/h2>\n<p class=\"live-post__amorce\">Suivez la guerre en Ukraine ce vendredi 13 mars 2026.<\/p>\n<\/div>\n<\/div>\n<p><a href=\"https:\/\/www.ladepeche.fr\/2026\/03\/13\/direct-guerre-en-ukraine-volodymyr-zelensky-est-arrive-a-paris-pour-rencontrer-emmanuel-macron-a-lelysee-13268617.php\">source<\/a><\/p>\n","protected":false},"excerpt":{"rendered":"<p>16h13. Fin du direct Merci de nous avoir suivis 14h44. Moscou convoque les ambassadeurs fran\u00e7ais et britannique apr\u00e8s la frappe sur Briansk avec des missiles occidentaux La Russie a convoqu\u00e9 vendredi les ambassadeurs fran\u00e7ais et britannique pour protester contre une frappe ukrainienne mardi sur la ville de Briansk (ouest) avec des missiles occidentaux Storm Shadow, [&hellip;]<\/p>\n","protected":false},"author":1,"featured_media":124595,"comment_status":"open","ping_status":"open","sticky":false,"template":"","format":"standard","meta":{"_monsterinsights_skip_tracking":false,"_monsterinsights_sitenote_active":false,"_monsterinsights_sitenote_note":"","_monsterinsights_sitenote_category":0,"footnotes":""},"categories":[1],"tags":[],"coauthors":[77],"class_list":["post-124594","post","type-post","status-publish","format-standard","has-post-thumbnail","hentry","category-a-la-une"],"aioseo_notices":[],"_links":{"self":[{"href":"https:\/\/pressactu.com\/index.php?rest_route=\/wp\/v2\/posts\/124594","targetHints":{"allow":["GET"]}}],"collection":[{"href":"https:\/\/pressactu.com\/index.php?rest_route=\/wp\/v2\/posts"}],"about":[{"href":"https:\/\/pressactu.com\/index.php?rest_route=\/wp\/v2\/types\/post"}],"author":[{"embeddable":true,"href":"https:\/\/pressactu.com\/index.php?rest_route=\/wp\/v2\/users\/1"}],"replies":[{"embeddable":true,"href":"https:\/\/pressactu.com\/index.php?rest_route=%2Fwp%2Fv2%2Fcomments&post=124594"}],"version-history":[{"count":0,"href":"https:\/\/pressactu.com\/index.php?rest_route=\/wp\/v2\/posts\/124594\/revisions"}],"wp:featuredmedia":[{"embeddable":true,"href":"https:\/\/pressactu.com\/index.php?rest_route=\/wp\/v2\/media\/124595"}],"wp:attachment":[{"href":"https:\/\/pressactu.com\/index.php?rest_route=%2Fwp%2Fv2%2Fmedia&parent=124594"}],"wp:term":[{"taxonomy":"category","embeddable":true,"href":"https:\/\/pressactu.com\/index.php?rest_route=%2Fwp%2Fv2%2Fcategories&post=124594"},{"taxonomy":"post_tag","embeddable":true,"href":"https:\/\/pressactu.com\/index.php?rest_route=%2Fwp%2Fv2%2Ftags&post=124594"},{"taxonomy":"author","embeddable":true,"href":"https:\/\/pressactu.com\/index.php?rest_route=%2Fwp%2Fv2%2Fcoauthors&post=124594"}],"curies":[{"name":"wp","href":"https:\/\/api.w.org\/{rel}","templated":true}]}}