{"id":124592,"date":"2026-03-14T03:57:03","date_gmt":"2026-03-14T03:57:03","guid":{"rendered":"https:\/\/pressactu.com\/?p=124592"},"modified":"2026-03-14T03:57:03","modified_gmt":"2026-03-14T03:57:03","slug":"survivant-du-seisme-dhaiti-en-2010-il-a-perdu-sa-jambe-dans-les-decombres-le-para-skieur-ralf-etienne-ecrit-lhistoire-de-son-pays","status":"publish","type":"post","link":"https:\/\/pressactu.com\/?p=124592","title":{"rendered":"Survivant du s\u00e9isme d\u2019Ha\u00efti en 2010, il a perdu sa jambe dans les d\u00e9combres\u00a0: le para skieur Ralf Etienne \u00e9crit l\u2019histoire de son pays"},"content":{"rendered":"<p>\n                                                                    <span class=\"article-full__chapo-label hide-on-small-only\">l&#8217;essentiel<\/span><br \/>\n                                                                Rescap\u00e9 du s\u00e9isme d\u2019Ha\u00efti, Ralf Etienne a d\u00e9fi\u00e9 les pronostics afin de d\u00e9crocher son ticket pour Jeux paralympiques 2026, seize ans apr\u00e8s le drame. Ce vendredi, il a pris par au g\u00e9ant \u00e0 Cortina.\n                            <\/p>\n<div rel=\"js-article-content\">\n                                                                                                                                                            <!-- Pub DFP Position [outstream] --><\/p>\n<p>&#8220;Il y a 16 ans, j\u2019\u00e9tais en dessous des d\u00e9combres, et maintenant je suis au sommet des Alpes avec les meilleurs athl\u00e8tes paralympiques du monde&#8221; r\u00e9sumait tr\u00e8s bien Ralf Etienne \u00e0 Radio Canada Sports il y a une semaine. Si le Fran\u00e7ais Arthur Bauchet a \u00e9t\u00e9 sacr\u00e9 champion paralympique de ski alpin pour la deuxi\u00e8me fois \u00e0 Cortina, ce vendredi sur le en g\u00e9ant, l\u2019histoire retiendra la premi\u00e8re participation d\u2019un Ha\u00eftien aux Jeux paralympiques.<\/p>\n<p><!-- Pub DFP Position [article] --><\/p>\n<p class=\"std-elt__inline\">\n        <strong>\u00c0 lire aussi :<\/strong><br \/>\n        <a href=\"\/2026\/03\/10\/jeux-paralympiques-2026-un-para-biathathlete-ukrainien-remporte-la-medaille-dargent-grace-aux-entrainements-de-chatgpt-13265309.php\">Jeux paralympiques 2026\u00a0: un para-biathathl\u00e8te ukrainien remporte la m\u00e9daille d\u2019argent, gr\u00e2ce aux entra\u00eenements de ChatGPT<\/a>\n    <\/p>\n<p>Disqualifi\u00e9, Ralf Etienne n\u2019aura finalement pas r\u00e9ussi \u00e0 terminer dans le classement, mais il aura \u00e9t\u00e9 au bout de son r\u00eave, lui qui a perdu une jambe il y a 16 ans dans le terrible\u00a0s\u00e9isme qui avait fait\u00a0220\u00a0000 morts et 300\u00a0000 bless\u00e9s. &#8220;J\u2019avais 20 ans. Beaucoup auraient vu une fin. J\u2019y ai vu un nouveau d\u00e9part. Au d\u00e9but, j\u2019\u00e9tais suicidaire. Je croyais ma vie termin\u00e9e. J\u2019ai compris que perdre mon pied avait transform\u00e9 ma vision de la vie. J\u2019ai accept\u00e9 la r\u00e9alit\u00e9 et j\u2019ai d\u00e9cid\u00e9 de vivre pleinement. Depuis 15 ans, je ne me r\u00e9veille jamais en regrettant&#8221; a confi\u00e9 l\u2019homme de 36 ans.<\/p>\n<p>Parti vivre aux \u00c9tats-Unis apr\u00e8s le drame, Ralf Etienne y a trouv\u00e9 une proth\u00e8se lui permettant de marcher, mais a \u00e9galement lanc\u00e9 sa carri\u00e8re professionnelle dans la finance tout en pratiquant le ski comme loisir. Voil\u00e0 seulement un an que celui qui vit d\u00e9sormais \u00e0 Londres pratique le para-ski. Pourtant, il est parvenu \u00e0 se qualifier pour les Jeux olympiques et r\u00eave d\u00e9j\u00e0 de d\u00e9crocher la m\u00e9daille d\u2019or lors des Prochains, en 2030 dans les Alpes.<\/p>\n<\/p><\/div>\n<p><a href=\"https:\/\/www.ladepeche.fr\/2026\/03\/13\/survivant-du-seisme-dhaiti-en-2010-il-a-perdu-sa-jambe-dans-les-decombres-le-para-skieur-ralf-etienne-ecrit-lhistoire-de-son-pays-13271209.php\">source<\/a><\/p>\n","protected":false},"excerpt":{"rendered":"<p>l&#8217;essentiel Rescap\u00e9 du s\u00e9isme d\u2019Ha\u00efti, Ralf Etienne a d\u00e9fi\u00e9 les pronostics afin de d\u00e9crocher son ticket pour Jeux paralympiques 2026, seize ans apr\u00e8s le drame. Ce vendredi, il a pris par au g\u00e9ant \u00e0 Cortina. &#8220;Il y a 16 ans, j\u2019\u00e9tais en dessous des d\u00e9combres, et maintenant je suis au sommet des Alpes avec les [&hellip;]<\/p>\n","protected":false},"author":1,"featured_media":124593,"comment_status":"open","ping_status":"open","sticky":false,"template":"","format":"standard","meta":{"_monsterinsights_skip_tracking":false,"_monsterinsights_sitenote_active":false,"_monsterinsights_sitenote_note":"","_monsterinsights_sitenote_category":0,"footnotes":""},"categories":[71],"tags":[],"coauthors":[77],"class_list":["post-124592","post","type-post","status-publish","format-standard","has-post-thumbnail","hentry","category-sport"],"aioseo_notices":[],"_links":{"self":[{"href":"https:\/\/pressactu.com\/index.php?rest_route=\/wp\/v2\/posts\/124592","targetHints":{"allow":["GET"]}}],"collection":[{"href":"https:\/\/pressactu.com\/index.php?rest_route=\/wp\/v2\/posts"}],"about":[{"href":"https:\/\/pressactu.com\/index.php?rest_route=\/wp\/v2\/types\/post"}],"author":[{"embeddable":true,"href":"https:\/\/pressactu.com\/index.php?rest_route=\/wp\/v2\/users\/1"}],"replies":[{"embeddable":true,"href":"https:\/\/pressactu.com\/index.php?rest_route=%2Fwp%2Fv2%2Fcomments&post=124592"}],"version-history":[{"count":0,"href":"https:\/\/pressactu.com\/index.php?rest_route=\/wp\/v2\/posts\/124592\/revisions"}],"wp:featuredmedia":[{"embeddable":true,"href":"https:\/\/pressactu.com\/index.php?rest_route=\/wp\/v2\/media\/124593"}],"wp:attachment":[{"href":"https:\/\/pressactu.com\/index.php?rest_route=%2Fwp%2Fv2%2Fmedia&parent=124592"}],"wp:term":[{"taxonomy":"category","embeddable":true,"href":"https:\/\/pressactu.com\/index.php?rest_route=%2Fwp%2Fv2%2Fcategories&post=124592"},{"taxonomy":"post_tag","embeddable":true,"href":"https:\/\/pressactu.com\/index.php?rest_route=%2Fwp%2Fv2%2Ftags&post=124592"},{"taxonomy":"author","embeddable":true,"href":"https:\/\/pressactu.com\/index.php?rest_route=%2Fwp%2Fv2%2Fcoauthors&post=124592"}],"curies":[{"name":"wp","href":"https:\/\/api.w.org\/{rel}","templated":true}]}}