{"id":124590,"date":"2026-03-14T03:48:50","date_gmt":"2026-03-14T03:48:50","guid":{"rendered":"https:\/\/pressactu.com\/?p=124590"},"modified":"2026-03-14T03:48:50","modified_gmt":"2026-03-14T03:48:50","slug":"de-la-confederation-paysanne-a-lassemblee-disparition-de-patrick-lemasle-ancien-depute-de-la-haute-garonne","status":"publish","type":"post","link":"https:\/\/pressactu.com\/?p=124590","title":{"rendered":"De la Conf\u00e9d\u00e9ration paysanne \u00e0 l\u2019Assembl\u00e9e\u00a0: disparition de Patrick Lemasle, ancien d\u00e9put\u00e9 de la Haute-Garonne"},"content":{"rendered":"<p>\n                                                                    <span class=\"article-full__chapo-label hide-on-small-only\">l&#8217;essentiel<\/span><br \/>\n                                                                La vie politique de la Haute-Garonne perd une figure majeure avec la disparition de Patrick Lemasle. Ancien agriculteur devenu d\u00e9put\u00e9, il aura incarn\u00e9 une gauche rurale fid\u00e8le \u00e0 son territoire et \u00e0 ses convictions.\n                            <\/p>\n<div rel=\"js-article-content\" data-state=\"fixed-height\" data-selection=\"disabled\">\n                                                                                                                                                            <!-- Pub DFP Position [outstream] --><\/p>\n<p>Ancien d\u00e9put\u00e9 de la Haute-Garonne, Patrick Lemasle vient de d\u00e9c\u00e9der. Sa disparition \u00e0 73 ans\u00a0marque la fin d\u2019un long chapitre de l\u2019histoire politique de la Haute-Garonne, en particulier du Volvestre. Figure historique du Parti socialiste local, il fut le suppl\u00e9ant de Lionel Jospin sur la 7e circonscription de la Haute-Garonne avant de prendre sa place au poste de d\u00e9put\u00e9 en <time data-sort-value=\"1997-07-03\" datetime=\"1997-07-03\">1997<\/time>, lorsque ce dernier est nomm\u00e9 Premier ministre. Il s\u2019est\u00a0impos\u00e9\u00a0par son propre ancrage territorial, laissant derri\u00e8re lui l\u2019image d\u2019un \u00e9lu de terrain dont la carri\u00e8re a \u00e9pous\u00e9 les mutations de la gauche rurale.<\/p>\n<p><!-- Pub DFP Position [article] --><\/p>\n<h2 class=\"txt-int\">De la terre \u00e0 l\u2019H\u00e9micycle<\/h2>\n<p>Avant d\u2019int\u00e9grer les cercles du pouvoir, Patrick Lemasle \u00e9tait d\u2019abord un exploitant agricole, un m\u00e9tier qui a forg\u00e9 son identit\u00e9 politique. D\u00e8s 1987, il s\u2019engage dans le syndicalisme de combat en fondant, aux c\u00f4t\u00e9s de Jos\u00e9 Bov\u00e9, la Conf\u00e9d\u00e9ration paysanne. Pour S\u00e9bastien Vincini, pr\u00e9sident socialiste du conseil d\u00e9partemental, il avait ainsi &#8220;chevill\u00e9 au corps la d\u00e9fense de l\u2019agriculture et de ceux qui la font vivre, la protection de la campagne et de ceux qui y vivent&#8221;.<\/p>\n<p>Cet engagement initial l\u2019a conduit naturellement vers la mairie de Montesquieu-Volvestre en 1990, puis au conseil g\u00e9n\u00e9ral d\u00e8s 1991, o\u00f9 il a appris les rouages de la gestion locale pendant pr\u00e8s d\u2019un quart de si\u00e8cle.<\/p>\n<div class=\"center-align\" rel=\"js-article-inline-img\" data-protec-aida=\"image\">\n<figure class=\"std-img\" data-src=\"https:\/\/images.ladepeche.fr\/api\/v1\/images\/view\/69b44e98b12ed89a870b33ae\/original\/image.jpg?v=1\">\n        <img decoding=\"async\" class=\"std-img__img responsive-img\" src=\"http:\/\/pressactu.com\/wp-content\/uploads\/2026\/03\/1773460129_710_image.jpg?v=1\" alt=\"Pastrick Lemasle aux c\u00f4t\u00e9s de Lionel Jospin, en campagne.\"\/><figcaption class=\"article-full__media-infos\">\n                <span class=\"article-full__media-legend\">Pastrick Lemasle aux c\u00f4t\u00e9s de Lionel Jospin, en campagne.<\/span><br \/>\n                                    <span class=\"article-full__media-author\">DDM &#8211; THIERRY BORDAS<\/span><br \/>\n                            <\/figcaption><\/figure>\n<\/div>\n<h2 class=\"txt-int\">Le relais de Lionel Jospin<\/h2>\n<p>Sa trajectoire nationale reste indissociable de celle de l\u2019ancien Premier ministre, Lionel Jospin. S\u2019il a d\u2019abord si\u00e9g\u00e9 par substitution, il a su par la suite transformer cet h\u00e9ritage en un mandat personnel, \u00e9tant r\u00e9\u00e9lu syst\u00e9matiquement jusqu\u2019en 2017. S\u00e9bastien Vincini rappelle qu\u2019il a su &#8220;porter cette voix de la ruralit\u00e9 avec constance et d\u00e9termination au sein de l\u2019h\u00e9micycle&#8221;, se faisant le relais des probl\u00e9matiques de territoires souvent \u00e9loign\u00e9s des centres de d\u00e9cision parisiens.<\/p>\n<div class=\"center-align\" rel=\"js-article-inline-img\" data-protec-aida=\"image\">\n<figure class=\"std-img\" data-src=\"https:\/\/images.ladepeche.fr\/api\/v1\/images\/view\/69b44e96f563c6e0db04bc5c\/original\/image.jpg?v=1\">\n        <img decoding=\"async\" class=\"std-img__img responsive-img\" src=\"http:\/\/pressactu.com\/wp-content\/uploads\/2026\/03\/1773460129_220_image.jpg?v=1\" alt=\"Patrick Lemasle.\"\/><figcaption class=\"article-full__media-infos\">\n                <span class=\"article-full__media-legend\">Patrick Lemasle.<\/span><br \/>\n                                    <span class=\"article-full__media-author\">DDM archive &#8211; DDM-FREDERIC CHARMEUX<\/span><br \/>\n                            <\/figcaption><\/figure>\n<\/div>\n<h2 class=\"txt-int\">Un d\u00e9fenseur de l\u2019\u00e9quilibre territorial<\/h2>\n<p>Tout au long de ses mandats, que ce soit \u00e0 la t\u00eate de la communaut\u00e9 de communes du Volvestre ou sur les bancs de l\u2019Assembl\u00e9e, Patrick Lemasle s\u2019est positionn\u00e9 comme un rempart contre le d\u00e9clin des zones rurales. Le pr\u00e9sident du d\u00e9partement souligne qu\u2019il &#8220;n\u2019a jamais cess\u00e9 de d\u00e9fendre les services publics, la justice sociale et l\u2019\u00e9quilibre de nos territoires&#8221;, une mission qu\u2019il menait avec une connaissance fine des r\u00e9alit\u00e9s locales. Il appartenait \u00e0 cette &#8220;g\u00e9n\u00e9ration d\u2019\u00e9lus pour qui la politique \u00e9tait d\u2019abord un engagement collectif&#8221;, loin de la personnalisation parfois reproch\u00e9e aux responsables contemporains.<\/p>\n<p>&#8220;J\u2019ai eu l\u2019honneur d\u2019\u00eatre son suppl\u00e9ant de 2002 \u00e0 2007 comme d\u00e9put\u00e9 de la 7e circonscription de la Haute-Garonne. Je garde le souvenir d\u2019un homme engag\u00e9 pour son territoire, profond\u00e9ment humaniste, dot\u00e9 d\u2019un grand sens de l\u2019int\u00e9r\u00eat g\u00e9n\u00e9ral et ardent d\u00e9fenseur du service public&#8221;, se souvient Philippe Gu\u00e9rin, l\u2019ancien maire de Cugnaux.<\/p>\n<div class=\"center-align\" rel=\"js-article-inline-img\" data-protec-aida=\"image\">\n<figure class=\"std-img\" data-src=\"https:\/\/images.ladepeche.fr\/api\/v1\/images\/view\/69b44e947d56c80ca2086eb4\/original\/image.jpg?v=1\">\n        <img decoding=\"async\" class=\"std-img__img responsive-img\" src=\"http:\/\/pressactu.com\/wp-content\/uploads\/2026\/03\/1773460129_324_image.jpg?v=1\" alt=\"Aux \u00e9tats g\u00e9n\u00e9raux du projet socialiste, \u00e0 Lab\u00e8ge en Haute-Garonne.\"\/><figcaption class=\"article-full__media-infos\">\n                <span class=\"article-full__media-legend\">Aux \u00e9tats g\u00e9n\u00e9raux du projet socialiste, \u00e0 Lab\u00e8ge en Haute-Garonne.<\/span><br \/>\n                                    <span class=\"article-full__media-author\">DDM archive &#8211; XAVIER DE FENOYL<\/span><br \/>\n                            <\/figcaption><\/figure>\n<\/div>\n<h2 class=\"txt-int\">Un h\u00e9ritage de fid\u00e9lit\u00e9<\/h2>\n<p>Au-del\u00e0 de ses fonctions, c\u2019est l\u2019image d\u2019un homme &#8220;attentif, accessible et profond\u00e9ment humain&#8221; que retiennent ses pairs. Pour S\u00e9bastien Vincini, son parcours demeure celui d\u2019une &#8220;fid\u00e9lit\u00e9 \u00e0 ses convictions&#8221; et d\u2019un &#8220;attachement sinc\u00e8re \u00e0 son terroir&#8221;. En quittant la sc\u00e8ne publique, il laisse le souvenir d\u2019un &#8220;serviteur fid\u00e8le&#8221; de la Haute-Garonne, dont l\u2019action aura durablement structur\u00e9 le paysage politique du sud toulousain.<\/p>\n<\/p><\/div>\n<p><a href=\"https:\/\/www.ladepeche.fr\/2026\/03\/13\/de-la-confederation-paysanne-a-lassemblee-disparition-de-patrick-lemasle-ancien-depute-de-la-haute-garonne-13271099.php\">source<\/a><\/p>\n","protected":false},"excerpt":{"rendered":"<p>l&#8217;essentiel La vie politique de la Haute-Garonne perd une figure majeure avec la disparition de Patrick Lemasle. Ancien agriculteur devenu d\u00e9put\u00e9, il aura incarn\u00e9 une gauche rurale fid\u00e8le \u00e0 son territoire et \u00e0 ses convictions. Ancien d\u00e9put\u00e9 de la Haute-Garonne, Patrick Lemasle vient de d\u00e9c\u00e9der. Sa disparition \u00e0 73 ans\u00a0marque la fin d\u2019un long chapitre [&hellip;]<\/p>\n","protected":false},"author":1,"featured_media":124591,"comment_status":"open","ping_status":"open","sticky":false,"template":"","format":"standard","meta":{"_monsterinsights_skip_tracking":false,"_monsterinsights_sitenote_active":false,"_monsterinsights_sitenote_note":"","_monsterinsights_sitenote_category":0,"footnotes":""},"categories":[74],"tags":[],"coauthors":[77],"class_list":["post-124590","post","type-post","status-publish","format-standard","has-post-thumbnail","hentry","category-economie"],"aioseo_notices":[],"_links":{"self":[{"href":"https:\/\/pressactu.com\/index.php?rest_route=\/wp\/v2\/posts\/124590","targetHints":{"allow":["GET"]}}],"collection":[{"href":"https:\/\/pressactu.com\/index.php?rest_route=\/wp\/v2\/posts"}],"about":[{"href":"https:\/\/pressactu.com\/index.php?rest_route=\/wp\/v2\/types\/post"}],"author":[{"embeddable":true,"href":"https:\/\/pressactu.com\/index.php?rest_route=\/wp\/v2\/users\/1"}],"replies":[{"embeddable":true,"href":"https:\/\/pressactu.com\/index.php?rest_route=%2Fwp%2Fv2%2Fcomments&post=124590"}],"version-history":[{"count":0,"href":"https:\/\/pressactu.com\/index.php?rest_route=\/wp\/v2\/posts\/124590\/revisions"}],"wp:featuredmedia":[{"embeddable":true,"href":"https:\/\/pressactu.com\/index.php?rest_route=\/wp\/v2\/media\/124591"}],"wp:attachment":[{"href":"https:\/\/pressactu.com\/index.php?rest_route=%2Fwp%2Fv2%2Fmedia&parent=124590"}],"wp:term":[{"taxonomy":"category","embeddable":true,"href":"https:\/\/pressactu.com\/index.php?rest_route=%2Fwp%2Fv2%2Fcategories&post=124590"},{"taxonomy":"post_tag","embeddable":true,"href":"https:\/\/pressactu.com\/index.php?rest_route=%2Fwp%2Fv2%2Ftags&post=124590"},{"taxonomy":"author","embeddable":true,"href":"https:\/\/pressactu.com\/index.php?rest_route=%2Fwp%2Fv2%2Fcoauthors&post=124590"}],"curies":[{"name":"wp","href":"https:\/\/api.w.org\/{rel}","templated":true}]}}