{"id":124583,"date":"2026-03-14T02:29:13","date_gmt":"2026-03-14T02:29:13","guid":{"rendered":"https:\/\/pressactu.com\/?p=124583"},"modified":"2026-03-14T02:29:13","modified_gmt":"2026-03-14T02:29:13","slug":"spectaculaire-incendie-sur-la-rn88-que-sest-il-passe-dans-le-tarn-ou-un-vehicule-a-ete-detruit-par-les-flammes","status":"publish","type":"post","link":"https:\/\/pressactu.com\/?p=124583","title":{"rendered":"Spectaculaire incendie sur la RN88\u00a0: que s\u2019est-il pass\u00e9 dans le Tarn o\u00f9 un v\u00e9hicule a \u00e9t\u00e9 d\u00e9truit par les flammes\u00a0?"},"content":{"rendered":"<p>\n                                                                    <span class=\"article-full__chapo-label hide-on-small-only\">l&#8217;essentiel<\/span><br \/>\n                                                                Un incendie de voiture s\u2019est d\u00e9clar\u00e9 sur la RN88 le vendredi 13\u00a0mars 2026 au niveau de la commune de Pampelonne, dans le sens Albi vers Rodez. L\u2019intervention rapide des secours a permis de ma\u00eetriser le sinistre sans faire de victime.\n                            <\/p>\n<div rel=\"js-article-content\" data-state=\"fixed-height\" data-selection=\"disabled\">\n                                                                                                                                                            <!-- Pub DFP Position [outstream] --><\/p>\n<p>Le vendredi 13\u00a0mars 2026, aux environs de 20\u00a0heures, les sapeurs-pompiers du Tarn sont intervenus pour un feu de v\u00e9hicule de tourisme sur la RN 88. L\u2019incident s\u2019est produit pr\u00e9cis\u00e9ment au niveau de l\u2019\u00e9changeur de la Croix de Mille, sur le territoire de la commune de Pampelonne.<\/p>\n<p><!-- Pub DFP Position [article] --><\/p>\n<p>Le panache de fum\u00e9e \u00e9tait visible depuis l\u2019axe routier menant vers l\u2019Aveyron, mobilisant d\u2019importants moyens de secours et de s\u00e9curit\u00e9. L\u2019op\u00e9ration a n\u00e9cessit\u00e9 l\u2019engagement de 14 sapeurs-pompiers.<\/p>\n<p>Les \u00e9quipes de secours ont proc\u00e9d\u00e9 \u00e0 l\u2019extinction du sinistre au moyen d\u2019une lance \u00e0 eau. Outre les deux camions de pompiers et un v\u00e9hicule utilitaire, les forces de l\u2019ordre se sont rendues sur place pour s\u00e9curiser la zone.<\/p>\n<p>Aucun bless\u00e9 n\u2019est \u00e0 d\u00e9plorer \u00e0 la suite de cet \u00e9v\u00e9nement, les occupants ayant pu quitter l\u2019habitacle avant l\u2019embrasement total. Cette portion de la RN 88, particuli\u00e8rement fr\u00e9quent\u00e9e, a fait l\u2019objet d\u2019une surveillance accrue jusqu\u2019au retrait de la carcasse calcin\u00e9e.<\/p>\n<\/p><\/div>\n<p><a href=\"https:\/\/www.ladepeche.fr\/2026\/03\/13\/spectaculaire-incendie-sur-la-rn88-que-sest-il-passe-dans-le-tarn-ou-un-vehicule-a-ete-detruit-par-les-flammes-13271266.php\">source<\/a><\/p>\n","protected":false},"excerpt":{"rendered":"<p>l&#8217;essentiel Un incendie de voiture s\u2019est d\u00e9clar\u00e9 sur la RN88 le vendredi 13\u00a0mars 2026 au niveau de la commune de Pampelonne, dans le sens Albi vers Rodez. L\u2019intervention rapide des secours a permis de ma\u00eetriser le sinistre sans faire de victime. Le vendredi 13\u00a0mars 2026, aux environs de 20\u00a0heures, les sapeurs-pompiers du Tarn sont intervenus [&hellip;]<\/p>\n","protected":false},"author":1,"featured_media":124584,"comment_status":"open","ping_status":"open","sticky":false,"template":"","format":"standard","meta":{"_monsterinsights_skip_tracking":false,"_monsterinsights_sitenote_active":false,"_monsterinsights_sitenote_note":"","_monsterinsights_sitenote_category":0,"footnotes":""},"categories":[1],"tags":[],"coauthors":[77],"class_list":["post-124583","post","type-post","status-publish","format-standard","has-post-thumbnail","hentry","category-a-la-une"],"aioseo_notices":[],"_links":{"self":[{"href":"https:\/\/pressactu.com\/index.php?rest_route=\/wp\/v2\/posts\/124583","targetHints":{"allow":["GET"]}}],"collection":[{"href":"https:\/\/pressactu.com\/index.php?rest_route=\/wp\/v2\/posts"}],"about":[{"href":"https:\/\/pressactu.com\/index.php?rest_route=\/wp\/v2\/types\/post"}],"author":[{"embeddable":true,"href":"https:\/\/pressactu.com\/index.php?rest_route=\/wp\/v2\/users\/1"}],"replies":[{"embeddable":true,"href":"https:\/\/pressactu.com\/index.php?rest_route=%2Fwp%2Fv2%2Fcomments&post=124583"}],"version-history":[{"count":0,"href":"https:\/\/pressactu.com\/index.php?rest_route=\/wp\/v2\/posts\/124583\/revisions"}],"wp:featuredmedia":[{"embeddable":true,"href":"https:\/\/pressactu.com\/index.php?rest_route=\/wp\/v2\/media\/124584"}],"wp:attachment":[{"href":"https:\/\/pressactu.com\/index.php?rest_route=%2Fwp%2Fv2%2Fmedia&parent=124583"}],"wp:term":[{"taxonomy":"category","embeddable":true,"href":"https:\/\/pressactu.com\/index.php?rest_route=%2Fwp%2Fv2%2Fcategories&post=124583"},{"taxonomy":"post_tag","embeddable":true,"href":"https:\/\/pressactu.com\/index.php?rest_route=%2Fwp%2Fv2%2Ftags&post=124583"},{"taxonomy":"author","embeddable":true,"href":"https:\/\/pressactu.com\/index.php?rest_route=%2Fwp%2Fv2%2Fcoauthors&post=124583"}],"curies":[{"name":"wp","href":"https:\/\/api.w.org\/{rel}","templated":true}]}}