{"id":124581,"date":"2026-03-14T02:15:29","date_gmt":"2026-03-14T02:15:29","guid":{"rendered":"https:\/\/pressactu.com\/?p=124581"},"modified":"2026-03-14T02:15:29","modified_gmt":"2026-03-14T02:15:29","slug":"le-docteur-pensait-que-javais-fait-un-avc-apres-un-mois-dabsence-pierre-mignoni-le-coach-de-toulon-raconte-sa-periode-difficile","status":"publish","type":"post","link":"https:\/\/pressactu.com\/?p=124581","title":{"rendered":"&quot;Le docteur pensait que j\u2019avais fait un AVC&quot;\u00a0: apr\u00e8s un mois d\u2019absence, Pierre Mignoni, le coach de Toulon, raconte sa p\u00e9riode difficile"},"content":{"rendered":"<p>\n                                                                    <span class=\"article-full__chapo-label hide-on-small-only\">l&#8217;essentiel<\/span><br \/>\n                                                                Alors qu\u2019il vient de faire son retour aux commandes du RC Toulon, le manager Pierre Mignoni s\u2019est confi\u00e9 \u00e0 plusieurs m\u00e9dias, dont l\u2019AFP, \u00e0 propos de son absence de pr\u00e8s d\u2019un mois, \u00e9voquant &#8220;une d\u00e9compensation&#8221;.\n                            <\/p>\n<div rel=\"js-article-content\">\n                                                                                                                                                            <!-- Pub DFP Position [outstream] --><\/p>\n<p class=\"txt-question\">Que s\u2019est-il pass\u00e9 apr\u00e8s la d\u00e9faite contre Clermont le 14\u00a0f\u00e9vrier\u00a0?<\/p>\n<p><!-- Pub DFP Position [article] --><\/p>\n<p>J\u2019ai eu ce qu\u2019on peut appeler une d\u00e9compensation. Je l\u2019ai un peu sentie arriver mais on a toujours cette sensation d\u2019\u00eatre un surhomme. On s\u2019occupe toujours des autres et peu de soi. C\u2019est un m\u00e9tier fabuleux, on ne compte pas ses heures et on se dit que \u00e7a va aller. Mais ce n\u2019est pas tant la charge de travail sur le terrain qui est lourde, c\u2019est la charge mentale. Et \u00e0 un moment, je l\u2019ai vraiment prise dans la gueule. Ce n\u2019est pas la d\u00e9faite qui m\u2019a mis dans cet \u00e9tat, \u00e7a a \u00e9t\u00e9 la goutte d\u2019eau et mon corps m\u2019a l\u00e2ch\u00e9.<\/p>\n<p class=\"txt-question\">Quels \u00e9taient vos sympt\u00f4mes\u00a0?<\/p>\n<p>Pierre Dantin (consultant haute performance au RCT, NDLR) m\u2019a aid\u00e9 \u00e0 poser les sympt\u00f4mes et m\u2019a dit qu\u2019il fallait vraiment me soigner. Il \u00e9tait important de me mettre sur pause. Je suis quelqu\u2019un qui ne dort pas \u00e9norm\u00e9ment, environ cinq ou six heures par nuit, mais l\u00e0 j\u2019ai dormi cinq jours d\u2019affil\u00e9e. J\u2019avais la sensation que ma t\u00eate pesait vingt kilos et je ne pouvais plus marcher. Il m\u2019a fallu une semaine pour remarcher, faire le tour de mon jardin. Ensuite, j\u2019ai march\u00e9 tous les jours. Mais \u00e7a a \u00e9t\u00e9 tr\u00e8s dur.<\/p>\n<p class=\"std-elt__inline\">\n        <strong>\u00c0 lire aussi :<\/strong><br \/>\n        <a href=\"\/2026\/02\/19\/pierre-mignoni-a-souhaite-prendre-du-repos-le-coach-de-toulon-saccorde-une-semaine-pour-recharger-les-batteries-13234895.php\">&#8220;Pierre Mignoni a souhait\u00e9 prendre du repos&#8221;\u00a0: le coach de Toulon s\u2019accorde une semaine pour recharger les batteries<\/a>\n    <\/p>\n<p class=\"txt-question\">Vous l\u2019aviez donc senti arriver\u00a0?<\/p>\n<p>D\u00e9j\u00e0 contre Montpellier, malgr\u00e9 la victoire, je n\u2019\u00e9tais pas bien, pas dans mon \u00e9tat normal. J\u2019ai ensuite eu des vertiges toute la semaine avant Clermont. Le docteur pensait m\u00eame que j\u2019avais fait un AVC. J\u2019ai r\u00e9alis\u00e9 une IRM c\u00e9r\u00e9brale apr\u00e8s mes cinq jours de sommeil, pour \u00e9carter cette hypoth\u00e8se. Je n\u2019avais jamais autant dormi\u2026 Je n\u2019ai ouvert mon ordinateur qu\u2019une seule fois et je l\u2019ai referm\u00e9 apr\u00e8s trois minutes, je ne me sentais pas. Je me suis fait aider pour analyser ce que j\u2019ai eu. C\u2019est une d\u00e9compensation. Je n\u2019ai pas envie de donner un nom, parce que \u00e7a fait toujours\u2026 Je n\u2019aime pas les mots anglais (rires).<\/p>\n<p class=\"txt-question\">Comment allez-vous aujourd\u2019hui\u00a0?<\/p>\n<p>Bien mieux, sinon je n\u2019aurais pas repris. Mais je n\u2019ai plus envie de revivre cela, donc je vais me r\u00e9organiser. Je veux faire ce que je faisais d\u00e9j\u00e0, mais mieux. Dans la fa\u00e7on de d\u00e9l\u00e9guer, de trier mes journ\u00e9es, de fonctionner au quotidien. Des gens sont bien plus malades que moi, mais \u00e0 un moment, ton corps te met des alertes. Il faut en tenir compte. C\u2019est un d\u00e9tail, mais je me levais \u00e0 5h du matin pour \u00eatre au bureau \u00e0 5h20, jusqu\u2019\u00e0 18\/20h, parfois 22h. Maintenant je vais m\u2019interdire de me lever \u00e0 5h. J\u2019ai d\u00e9j\u00e0 repouss\u00e9 d\u2019une heure. Mais je reste un technicien et je serai toujours sur le terrain. Simplement, je dois faire mieux avec mon staff, leur laisser plus de place. Des choses vont \u00e9galement changer dans le fonctionnement du club, cette saison et la prochaine.<\/p>\n<p class=\"std-elt__inline\">\n        <strong>\u00c0 lire aussi :<\/strong><br \/>\n        <a href=\"\/2026\/03\/13\/scandale-dans-le-rugby-georgien-les-joueurs-etaient-prevenus-des-controles-anti-dopage-six-internationaux-suspendus-13270874.php\">Scandale dans le rugby g\u00e9orgien\u00a0: les joueurs \u00e9taient pr\u00e9venus des contr\u00f4les anti-dopage, six internationaux suspendus<\/a>\n    <\/p>\n<p class=\"txt-question\">Avez-vous pens\u00e9 \u00e0 partir\u00a0?<\/p>\n<p>Je me suis pos\u00e9 la question si j\u2019avais la force et l\u2019envie de continuer. Bernard Lema\u00eetre (pr\u00e9sident de Toulon, NDLR) m\u2019a tout de suite dit qu\u2019il \u00e9tait impensable pour lui que je parte apr\u00e8s tout le travail r\u00e9alis\u00e9. Il souhaitait que je prenne du repos, m\u00eame trois mois s\u2019il le fallait. Accepter que son coach prenne une pause, c\u2019est tr\u00e8s rare, donc je le remercie. Est-ce que \u00e7a aurait \u00e9t\u00e9 bien pour l\u2019\u00e9quipe\u00a0? J\u2019ai pens\u00e9 que si c\u2019\u00e9tait le cas, c\u2019\u00e9tait la vie et je partais. Mais les joueurs m\u2019ont montr\u00e9 que ce n\u2019\u00e9tait pas du tout l\u2019heure et pas la bonne d\u00e9cision.<\/p>\n<p class=\"txt-question\">Comment vous \u00eates-vous remis sur pied\u00a0?<\/p>\n<p>Par \u00e9tapes. D\u2019abord, \u00e7a a \u00e9t\u00e9 sortir de ma chambre et descendre au salon pour manger. Ensuite marcher un petit peu, dans mon jardin, puis dans la for\u00eat \u00e0 c\u00f4t\u00e9. Entretemps, je suis rest\u00e9 en famille.<\/p>\n<p class=\"std-elt__inline\">\n        <strong>\u00c0 lire aussi :<\/strong><br \/>\n        <a href=\"\/2026\/03\/13\/affaire-dupont-jelonch-defendre-les-interets-et-libertes-des-joueurs-le-stade-toulousain-explique-ses-demandes-de-modification-du-salary-cap-13270963.php\">Affaire Dupont-Jelonch\u00a0: &#8220;D\u00e9fendre les int\u00e9r\u00eats et libert\u00e9s des joueurs\u2026&#8221; Le Stade Toulousain explique ses demandes de modification du Salary Cap<\/a>\n    <\/p>\n<p class=\"txt-question\">Aviez-vous peur du regard des gens\u00a0?<\/p>\n<p>J\u2019ai recrois\u00e9 du monde seulement la semaine derni\u00e8re. Avant je ne voulais pas qu\u2019on me voit. Ce n\u2019est pas une question de honte et j\u2019ai d\u2019ailleurs re\u00e7u beaucoup de sympathie. J\u2019\u00e9tais heureux de revenir, un peu \u00e9mu et voil\u00e0, je suis reparti. Mais je dois faire attention, je reste sous surveillance (rires). Depuis mon retour, je me r\u00e9gale, je me sens plus frais. J\u2019ai coup\u00e9 pendant trois semaines, je n\u2019avais jamais fait \u00e7a, m\u00eame pendant mes vacances. Les joueurs semblaient heureux de me revoir, avec un peu d\u2019\u00e9motion, \u00e7a fait plaisir.<\/p>\n<p class=\"txt-question\">Quelle conclusion tirez-vous de cette histoire\u00a0?<\/p>\n<p>Que je ne suis pas Superman, m\u00eame si je ne le pensais pas. Il y a six mois j\u2019avais dit que si je devais mourir au bord du terrain, je n\u2019en n\u2019avais rien \u00e0 faire. Je pensais que \u00e7a ne pouvait jamais arriver. Maintenant je sais que si. Combien de fois ma femme m\u2019a dit de couper\u2026 Je lui r\u00e9pondais de ne pas s\u2019inqui\u00e9ter. Ce fonctionnement depuis 15 ans n\u2019\u00e9tait pas bien pour ma famille et ma sant\u00e9. Je vais essayer de mieux m\u2019occuper des autres, mais aussi de mieux m\u2019occuper de moi.<\/p>\n<\/p><\/div>\n<p><a href=\"https:\/\/www.ladepeche.fr\/2026\/03\/13\/le-docteur-pensait-que-javais-fait-un-avc-apres-un-mois-dabsence-pierre-mignoni-le-coach-de-toulon-raconte-sa-periode-difficile-13271223.php\">source<\/a><\/p>\n","protected":false},"excerpt":{"rendered":"<p>l&#8217;essentiel Alors qu\u2019il vient de faire son retour aux commandes du RC Toulon, le manager Pierre Mignoni s\u2019est confi\u00e9 \u00e0 plusieurs m\u00e9dias, dont l\u2019AFP, \u00e0 propos de son absence de pr\u00e8s d\u2019un mois, \u00e9voquant &#8220;une d\u00e9compensation&#8221;. Que s\u2019est-il pass\u00e9 apr\u00e8s la d\u00e9faite contre Clermont le 14\u00a0f\u00e9vrier\u00a0? J\u2019ai eu ce qu\u2019on peut appeler une d\u00e9compensation. Je [&hellip;]<\/p>\n","protected":false},"author":1,"featured_media":124582,"comment_status":"open","ping_status":"open","sticky":false,"template":"","format":"standard","meta":{"_monsterinsights_skip_tracking":false,"_monsterinsights_sitenote_active":false,"_monsterinsights_sitenote_note":"","_monsterinsights_sitenote_category":0,"footnotes":""},"categories":[71],"tags":[],"coauthors":[77],"class_list":["post-124581","post","type-post","status-publish","format-standard","has-post-thumbnail","hentry","category-sport"],"aioseo_notices":[],"_links":{"self":[{"href":"https:\/\/pressactu.com\/index.php?rest_route=\/wp\/v2\/posts\/124581","targetHints":{"allow":["GET"]}}],"collection":[{"href":"https:\/\/pressactu.com\/index.php?rest_route=\/wp\/v2\/posts"}],"about":[{"href":"https:\/\/pressactu.com\/index.php?rest_route=\/wp\/v2\/types\/post"}],"author":[{"embeddable":true,"href":"https:\/\/pressactu.com\/index.php?rest_route=\/wp\/v2\/users\/1"}],"replies":[{"embeddable":true,"href":"https:\/\/pressactu.com\/index.php?rest_route=%2Fwp%2Fv2%2Fcomments&post=124581"}],"version-history":[{"count":0,"href":"https:\/\/pressactu.com\/index.php?rest_route=\/wp\/v2\/posts\/124581\/revisions"}],"wp:featuredmedia":[{"embeddable":true,"href":"https:\/\/pressactu.com\/index.php?rest_route=\/wp\/v2\/media\/124582"}],"wp:attachment":[{"href":"https:\/\/pressactu.com\/index.php?rest_route=%2Fwp%2Fv2%2Fmedia&parent=124581"}],"wp:term":[{"taxonomy":"category","embeddable":true,"href":"https:\/\/pressactu.com\/index.php?rest_route=%2Fwp%2Fv2%2Fcategories&post=124581"},{"taxonomy":"post_tag","embeddable":true,"href":"https:\/\/pressactu.com\/index.php?rest_route=%2Fwp%2Fv2%2Ftags&post=124581"},{"taxonomy":"author","embeddable":true,"href":"https:\/\/pressactu.com\/index.php?rest_route=%2Fwp%2Fv2%2Fcoauthors&post=124581"}],"curies":[{"name":"wp","href":"https:\/\/api.w.org\/{rel}","templated":true}]}}